{"id":91321,"date":"2025-06-27T15:51:01","date_gmt":"2025-06-27T18:51:01","guid":{"rendered":"https:\/\/noticiasbahia360.com.br\/?p=91321"},"modified":"2025-06-27T15:51:01","modified_gmt":"2025-06-27T18:51:01","slug":"alcymar-monteiro-vai-homenagear-carlos-pita-no-sao-pedro-de-bonfim-de-feira","status":"publish","type":"post","link":"https:\/\/noticiasbahia360.com.br\/?p=91321","title":{"rendered":"Alcymar Monteiro vai homenagear Carlos Pita no S\u00e3o Pedro de Bonfim de Feira"},"content":{"rendered":"<div>\n<div>\n<figure><img decoding=\"async\" src=\"http:\/\/noticiasbahia360.com.br\/wp-content\/uploads\/2025\/06\/carlos-pitta.jpg\" alt=\"carlos pitta\"><figcaption>Carlos Pitta | Foto: Secom<\/figcaption><\/figure>\n<\/div>\n<p>O cantor e compositor feirense Carlos Pitta ser\u00e1 homenageado nesta sexta-feira (27) durante a abertura do S\u00e3o Pedro no distrito de <a href=\"https:\/\/www.acordacidade.com.br\/tag\/bonfim-de-feira\/\">Bonfim de Feira<\/a>. A rever\u00eancia ser\u00e1 conduzida por Alcymar Monteiro, que celebra o legado do artista no palco do distrito, a partir das 22h.<\/p>\n<p>A iniciativa foi da Secretaria Municipal de <a href=\"https:\/\/www.acordacidade.com.br\/cultura\/\">Cultura<\/a>, Esporte e Lazer, que reconhece em Pitta uma figura importante, respons\u00e1vel por levar o talento da Princesa do Sert\u00e3o para os quatro cantos do pa\u00eds. O artista faleceu no in\u00edcio deste ano e sempre buscou reconhecer as origens com sensibilidade e orgulho.<\/p>\n<p>De acordo com o secret\u00e1rio de Cultura, Cristiano L\u00f4bo, a ideia foi muito bem recebida por Alcymar. O gestor ainda refor\u00e7a que prestar homenagem a Carlos Pitta \u00e9 manter viva a mem\u00f3ria do feirense que virou refer\u00eancia da M\u00fasica Popular Brasileira (MPB) por meio da autenticidade e poesia.<\/p>\n<p>\u201cA trajet\u00f3ria de Carlos Pitta \u00e9 um espelho da resist\u00eancia cultural no <a href=\"https:\/\/www.acordacidade.com.br\/tag\/nordeste\/\">Nordeste<\/a>, al\u00e9m de mostrar a riqueza da m\u00fasica produzida no Brasil. Ele merece ser lembrado, cantado e celebrado n\u00e3o apenas pelas suas composi\u00e7\u00f5es, mas pelo que representa para toda a sociedade feirense\u201d, destaca o secret\u00e1rio.<\/p>\n<p>Durante o show, Alcymar interpretar\u00e1, com destaque especial, \u201cCometa Mambembe\u201d, um dos grandes sucessos do homenageado, eternizado em sua voz.<\/p>\n<p><em>As informa\u00e7\u00f5es s\u00e3o da Secretaria Municipal de Comunica\u00e7\u00e3o <\/em><\/p>\n<p><em>Siga o Acorda Cidade no<\/em><a href=\"https:\/\/news.google.com\/search?q=acorda%20cidade&amp;hl=pt-BR&amp;gl=BR&amp;ceid=BR%3Apt-419\"><strong><em>\u00a0Google Not\u00edcias<\/em><\/strong><\/a><em>\u00a0e receba os principais destaques do dia. Participe tamb\u00e9m dos nossos canais no\u00a0<\/em><a href=\"https:\/\/www.whatsapp.com\/channel\/0029Va6Rb4v3WHTNnsh8WI3N\"><strong><em>WhatsApp<\/em><\/strong><\/a><em>\u00a0e\u00a0<\/em><a href=\"https:\/\/www.youtube.com\/@acordacidadenoticias\/videos\"><strong>Youtube<\/strong><\/a><em>\u00a0e grupo de\u00a0<\/em><a href=\"https:\/\/t.me\/+sSz0khrgARA0ZmRh\"><strong><em>Telegram<\/em><\/strong><\/a><em>.<\/em><\/p>\n<\/div>\n","protected":false},"excerpt":{"rendered":"<div>\n<div>\n<figure><img decoding=\"async\" src=\"https:\/\/uploads.acordacidade.com.br\/2025\/01\/carlos-pitta.jpg\" alt=\"carlos pitta\"><figcaption>Carlos Pitta | Foto: Secom<\/figcaption><\/figure>\n<\/div>\n<p>A iniciativa foi da Secretaria Municipal de Cultura, Esporte e Lazer<\/p><\/div>\n","protected":false},"author":1,"featured_media":91322,"comment_status":"closed","ping_status":"closed","sticky":false,"template":"","format":"gallery","meta":{"footnotes":""},"categories":[8,9,6,57,56,10],"tags":[],"class_list":["post-91321","post","type-post","status-publish","format-gallery","has-post-thumbnail","hentry","category-bahia","category-brasil","category-feira-de-santana","category-mundo","category-policia","category-politica","post_format-post-format-gallery"],"featured_image_urls":{"full":["https:\/\/noticiasbahia360.com.br\/wp-content\/uploads\/2025\/06\/carlos-pitta.jpg",640,426,false],"thumbnail":["https:\/\/noticiasbahia360.com.br\/wp-content\/uploads\/2025\/06\/carlos-pitta-150x150.jpg",150,150,true],"medium":["https:\/\/noticiasbahia360.com.br\/wp-content\/uploads\/2025\/06\/carlos-pitta-300x200.jpg",300,200,true],"medium_large":["https:\/\/noticiasbahia360.com.br\/wp-content\/uploads\/2025\/06\/carlos-pitta.jpg",640,426,false],"large":["https:\/\/noticiasbahia360.com.br\/wp-content\/uploads\/2025\/06\/carlos-pitta.jpg",640,426,false],"1536x1536":["https:\/\/noticiasbahia360.com.br\/wp-content\/uploads\/2025\/06\/carlos-pitta.jpg",640,426,false],"2048x2048":["https:\/\/noticiasbahia360.com.br\/wp-content\/uploads\/2025\/06\/carlos-pitta.jpg",640,426,false],"chromenews-featured":["https:\/\/noticiasbahia360.com.br\/wp-content\/uploads\/2025\/06\/carlos-pitta.jpg",640,426,false],"chromenews-large":["https:\/\/noticiasbahia360.com.br\/wp-content\/uploads\/2025\/06\/carlos-pitta.jpg",640,426,false],"chromenews-medium":["https:\/\/noticiasbahia360.com.br\/wp-content\/uploads\/2025\/06\/carlos-pitta-590x410.jpg",590,410,true]},"author_info":{"display_name":"noticiasbahia360.com.br","author_link":"https:\/\/noticiasbahia360.com.br\/?author=1"},"category_info":"<a href=\"https:\/\/noticiasbahia360.com.br\/?cat=8\" rel=\"category\">Bahia<\/a> <a href=\"https:\/\/noticiasbahia360.com.br\/?cat=9\" rel=\"category\">Brasil<\/a> <a href=\"https:\/\/noticiasbahia360.com.br\/?cat=6\" rel=\"category\">Feira de Santana<\/a> <a href=\"https:\/\/noticiasbahia360.com.br\/?cat=57\" rel=\"category\">Mundo<\/a> <a href=\"https:\/\/noticiasbahia360.com.br\/?cat=56\" rel=\"category\">Pol\u00edcia<\/a> <a href=\"https:\/\/noticiasbahia360.com.br\/?cat=10\" rel=\"category\">Pol\u00edtica<\/a>","tag_info":"Pol\u00edtica","comment_count":"0","_links":{"self":[{"href":"https:\/\/noticiasbahia360.com.br\/index.php?rest_route=\/wp\/v2\/posts\/91321","targetHints":{"allow":["GET"]}}],"collection":[{"href":"https:\/\/noticiasbahia360.com.br\/index.php?rest_route=\/wp\/v2\/posts"}],"about":[{"href":"https:\/\/noticiasbahia360.com.br\/index.php?rest_route=\/wp\/v2\/types\/post"}],"author":[{"embeddable":true,"href":"https:\/\/noticiasbahia360.com.br\/index.php?rest_route=\/wp\/v2\/users\/1"}],"replies":[{"embeddable":true,"href":"https:\/\/noticiasbahia360.com.br\/index.php?rest_route=%2Fwp%2Fv2%2Fcomments&post=91321"}],"version-history":[{"count":0,"href":"https:\/\/noticiasbahia360.com.br\/index.php?rest_route=\/wp\/v2\/posts\/91321\/revisions"}],"wp:featuredmedia":[{"embeddable":true,"href":"https:\/\/noticiasbahia360.com.br\/index.php?rest_route=\/wp\/v2\/media\/91322"}],"wp:attachment":[{"href":"https:\/\/noticiasbahia360.com.br\/index.php?rest_route=%2Fwp%2Fv2%2Fmedia&parent=91321"}],"wp:term":[{"taxonomy":"category","embeddable":true,"href":"https:\/\/noticiasbahia360.com.br\/index.php?rest_route=%2Fwp%2Fv2%2Fcategories&post=91321"},{"taxonomy":"post_tag","embeddable":true,"href":"https:\/\/noticiasbahia360.com.br\/index.php?rest_route=%2Fwp%2Fv2%2Ftags&post=91321"}],"curies":[{"name":"wp","href":"https:\/\/api.w.org\/{rel}","templated":true}]}}