{"id":91323,"date":"2025-06-27T16:09:11","date_gmt":"2025-06-27T19:09:11","guid":{"rendered":"https:\/\/noticiasbahia360.com.br\/?p=91323"},"modified":"2025-06-27T16:09:11","modified_gmt":"2025-06-27T19:09:11","slug":"crimes-praticados-no-conjunto-penal-de-feira-de-santana-durante-investigacao-de-fuga-serao-investigados","status":"publish","type":"post","link":"https:\/\/noticiasbahia360.com.br\/?p=91323","title":{"rendered":"Crimes praticados no Conjunto Penal de Feira de Santana durante investiga\u00e7\u00e3o de fuga ser\u00e3o investigados"},"content":{"rendered":"<div>\n<div>\n<figure><img decoding=\"async\" src=\"http:\/\/noticiasbahia360.com.br\/wp-content\/uploads\/2025\/06\/kVbLoDvJ-Conjunto-Penal-de-Feira-de-Santana-ft-ed-santos-acorda-cidade1.jpg\" alt=\"Conjunto Penal de Feira de Santana\"><figcaption>Foto: Ed Santos\/Acorda Cidade<\/figcaption><\/figure>\n<\/div>\n<p>Conforme j\u00e1 divulgado aqui no portal Acorda Cidade, tr\u00eas detentos fugiram por volta das 3h da madrugada da \u00faltima quarta-feira (25) do Conjunto Penal de Feira de Santana, mas foram recapturados ainda pela manh\u00e3 do mesmo dia. A Pol\u00edcia Civil iniciou de imediato as investiga\u00e7\u00f5es e, durante as dilig\u00eancias, identificou a poss\u00edvel ocorr\u00eancia de crimes no interior da unidade prisional.<\/p>\n<p>De acordo com a delegada Klaudine Passos, respons\u00e1vel pela apura\u00e7\u00e3o inicial, a a\u00e7\u00e3o foi determinada pelo coordenador da 1\u00aa Coorpin, Ives Correia. \u201cDeterminou que eu deslocasse para o pres\u00eddio e iniciasse imediatamente as investiga\u00e7\u00f5es, inclusive com o apoio do DPT, a fim de que n\u00f3s verific\u00e1ssemos in loco o que havia acontecido\u201d, afirmou.<\/p>\n<figure class=\"wp-block-image size-full\"><img fetchpriority=\"high\" data-dominant-color=\"98938f\" data-has-transparency=\"false\" style=\"--dominant-color: #98938f;\" fetchpriority=\"high\" decoding=\"async\" width=\"1200\" height=\"675\" sizes=\"(max-width: 1200px) 100vw, 1200px\" src=\"http:\/\/noticiasbahia360.com.br\/wp-content\/uploads\/2025\/06\/Delegada-Klaudine-Passos-Foto-Ed-Santos-Acorda-Cidade.jpg\" alt=\"Delegada Klaudine Passos \" class=\"wp-image-569768 not-transparent\" srcset=\"https:\/\/uploads.acordacidade.com.br\/2025\/06\/Delegada-Klaudine-Passos-Foto-Ed-Santos-Acorda-Cidade-648x365.jpg 648w, https:\/\/uploads.acordacidade.com.br\/2025\/06\/Delegada-Klaudine-Passos-Foto-Ed-Santos-Acorda-Cidade-150x84.jpg 150w, http:\/\/noticiasbahia360.com.br\/wp-content\/uploads\/2025\/06\/Delegada-Klaudine-Passos-Foto-Ed-Santos-Acorda-Cidade.jpg 1200w\"><figcaption class=\"wp-element-caption\">Delegada Klaudine Passos | Foto: Ed Santos Acorda Cidade<\/figcaption><\/figure>\n<p>Equipes da Pol\u00edcia Civil, com o apoio do Grupo Especial de Opera\u00e7\u00f5es Prisionais (Geop), realizaram revista no pavilh\u00e3o 10, composto por 38 celas. Foram ouvidos internos da cela onde ocorreu a fuga, das celas adjacentes e tamb\u00e9m detentos em outras \u00e1reas do pres\u00eddio.<\/p>\n<p>Durante as oitivas, surgiram informa\u00e7\u00f5es que apontam para pr\u00e1ticas criminosas no interior da unidade. \u201cVerificamos que estavam ocorrendo alguns crimes l\u00e1 dentro, que precisam ser apurados. Na verdade, a gest\u00e3o n\u00e3o tinha conhecimento, at\u00e9 porque dentro do mundo carcer\u00e1rio existem regras impostas pelos pr\u00f3prios detentos, e que muitas vezes a administra\u00e7\u00e3o n\u00e3o tem como saber, porque os presos s\u00e3o coagidos por eles mesmos\u201d, explicou Klaudine em entrevista ao Acorda Cidade.<\/p>\n<p>Segundo a delegada, os relatos indicam a exist\u00eancia de estruturas organizadas entre os detentos. \u201cExistem frentes, existe toda uma doutrina l\u00e1 dentro\u201d, disse. A partir das apura\u00e7\u00f5es, as investiga\u00e7\u00f5es ser\u00e3o conduzidas por duas frentes: o delegado Rodrigo Uzzum, titular da 1\u00aa Delegacia Territorial, ficar\u00e1 respons\u00e1vel pelos fatos ligados \u00e0 unidade prisional, enquanto o delegado F\u00e1bio Lordello, do Departamento de Combate ao Crime Organizado, atuar\u00e1 nos pontos relacionados a poss\u00edveis organiza\u00e7\u00f5es criminosas.<\/p>\n<p>Sobre a fuga, a delegada informou que o laudo pericial ainda n\u00e3o foi finalizado. \u201cA prova t\u00e9cnica tem um peso muito importante nas investiga\u00e7\u00f5es. Um dos presos comentou que havia corda e ferro, mas n\u00e3o foi encontrado pela per\u00edcia nada disso. Mas, claro, os presos usaram alguma coisa para sa\u00edrem dali\u201d, disse. O circuito de c\u00e2meras est\u00e1 sendo requisitado pela equipe de investiga\u00e7\u00e3o para ajudar na elucida\u00e7\u00e3o do caso.<\/p>\n<p>Klaudine destacou ainda que \u201ca fuga n\u00e3o \u00e9 um crime, mas a facilita\u00e7\u00e3o de fuga, se houver e se restar demonstrado, vai ser coibida pela Pol\u00edcia Civil\u201d.<\/p>\n<p>Segundo ela, h\u00e1 relatos de detentos que chamaram aten\u00e7\u00e3o, mas os detalhes est\u00e3o sendo mantidos em sigilo. \u201cO inqu\u00e9rito policial \u00e9 sigiloso. O doutor Rodrigo Uzzum segue com a parte que \u00e9 atinente \u00e0 atribui\u00e7\u00e3o dele na 1\u00aa Delegacia. E o que a gente entende que faz parte de organiza\u00e7\u00e3o criminosa, vamos estar encaminhando para o doutor F\u00e1bio Lordello\u201d.<\/p>\n<p>A delegada tamb\u00e9m destacou que as investiga\u00e7\u00f5es j\u00e1 est\u00e3o em andamento com base nos depoimentos realizados no pr\u00f3prio local. \u201cN\u00f3s fizemos todas as oitivas ali mesmo. Levamos tr\u00eas escriv\u00e3es e cerca de dez policiais. A equipe foi formada para pronto emprego\u201d, concluiu.<\/p>\n<p>A Superintend\u00eancia de Administra\u00e7\u00e3o Penitenci\u00e1ria (Seap) tamb\u00e9m acompanhou a apura\u00e7\u00e3o, conforme determina\u00e7\u00e3o do secret\u00e1rio estadual de Seguran\u00e7a P\u00fablica. A Pol\u00edcia Civil aguarda o laudo do Departamento de Pol\u00edcia T\u00e9cnica para aprofundar as investiga\u00e7\u00f5es e deve divulgar novas informa\u00e7\u00f5es assim que os trabalhos forem conclu\u00eddos.<\/p>\n<p><em>Com  informa\u00e7\u00f5es do rep\u00f3rter Ed Santos do Acorda Cidade<\/em><\/p>\n<p><em>Siga o Acorda Cidade no<\/em><a href=\"https:\/\/news.google.com\/search?q=acorda%20cidade&amp;hl=pt-BR&amp;gl=BR&amp;ceid=BR%3Apt-419\"><strong><em>\u00a0Google Not\u00edcias<\/em><\/strong><\/a><em>\u00a0e receba os principais destaques do dia. Participe tamb\u00e9m dos nossos canais no\u00a0<\/em><a href=\"https:\/\/www.whatsapp.com\/channel\/0029Va6Rb4v3WHTNnsh8WI3N\"><strong><em>WhatsApp<\/em><\/strong><\/a><em>\u00a0e\u00a0<\/em><a href=\"https:\/\/www.youtube.com\/@acordacidadenoticias\/videos\"><strong>Youtube<\/strong><\/a><em>\u00a0e grupo de\u00a0<\/em><a href=\"https:\/\/t.me\/+sSz0khrgARA0ZmRh\"><strong><em>Telegram<\/em><\/strong><\/a><em>.<\/em><\/p>\n<\/div>\n","protected":false},"excerpt":{"rendered":"<div>\n<div>\n<figure><img decoding=\"async\" src=\"https:\/\/uploads.acordacidade.com.br\/2024\/10\/kVbLoDvJ-Conjunto-Penal-de-Feira-de-Santana-ft-ed-santos-acorda-cidade1.jpg\" alt=\"Conjunto Penal de Feira de Santana\"><figcaption>Foto: Ed Santos\/Acorda Cidade<\/figcaption><\/figure>\n<\/div>\n<p>Conforme j\u00e1 divulgado aqui no portal Acorda Cidade, tr\u00eas detentos fugiram por volta das 3h da madrugada da \u00faltima quarta-feira (25) do Conjunto Penal de Feira de Santana, mas foram recapturados ainda pela manh\u00e3 do mesmo dia. A Pol\u00edcia Civil iniciou de imediato as investiga\u00e7\u00f5es e, durante as dilig\u00eancias, identificou a poss\u00edvel ocorr\u00eancia de crimes [\u2026]<\/p><\/div>\n","protected":false},"author":1,"featured_media":91324,"comment_status":"closed","ping_status":"closed","sticky":false,"template":"","format":"gallery","meta":{"footnotes":""},"categories":[8,9,6,57,56,10],"tags":[],"class_list":["post-91323","post","type-post","status-publish","format-gallery","has-post-thumbnail","hentry","category-bahia","category-brasil","category-feira-de-santana","category-mundo","category-policia","category-politica","post_format-post-format-gallery"],"featured_image_urls":{"full":["https:\/\/noticiasbahia360.com.br\/wp-content\/uploads\/2025\/06\/kVbLoDvJ-Conjunto-Penal-de-Feira-de-Santana-ft-ed-santos-acorda-cidade1.jpg",640,360,false],"thumbnail":["https:\/\/noticiasbahia360.com.br\/wp-content\/uploads\/2025\/06\/kVbLoDvJ-Conjunto-Penal-de-Feira-de-Santana-ft-ed-santos-acorda-cidade1-150x150.jpg",150,150,true],"medium":["https:\/\/noticiasbahia360.com.br\/wp-content\/uploads\/2025\/06\/kVbLoDvJ-Conjunto-Penal-de-Feira-de-Santana-ft-ed-santos-acorda-cidade1-300x169.jpg",300,169,true],"medium_large":["https:\/\/noticiasbahia360.com.br\/wp-content\/uploads\/2025\/06\/kVbLoDvJ-Conjunto-Penal-de-Feira-de-Santana-ft-ed-santos-acorda-cidade1.jpg",640,360,false],"large":["https:\/\/noticiasbahia360.com.br\/wp-content\/uploads\/2025\/06\/kVbLoDvJ-Conjunto-Penal-de-Feira-de-Santana-ft-ed-santos-acorda-cidade1.jpg",640,360,false],"1536x1536":["https:\/\/noticiasbahia360.com.br\/wp-content\/uploads\/2025\/06\/kVbLoDvJ-Conjunto-Penal-de-Feira-de-Santana-ft-ed-santos-acorda-cidade1.jpg",640,360,false],"2048x2048":["https:\/\/noticiasbahia360.com.br\/wp-content\/uploads\/2025\/06\/kVbLoDvJ-Conjunto-Penal-de-Feira-de-Santana-ft-ed-santos-acorda-cidade1.jpg",640,360,false],"chromenews-featured":["https:\/\/noticiasbahia360.com.br\/wp-content\/uploads\/2025\/06\/kVbLoDvJ-Conjunto-Penal-de-Feira-de-Santana-ft-ed-santos-acorda-cidade1.jpg",640,360,false],"chromenews-large":["https:\/\/noticiasbahia360.com.br\/wp-content\/uploads\/2025\/06\/kVbLoDvJ-Conjunto-Penal-de-Feira-de-Santana-ft-ed-santos-acorda-cidade1.jpg",640,360,false],"chromenews-medium":["https:\/\/noticiasbahia360.com.br\/wp-content\/uploads\/2025\/06\/kVbLoDvJ-Conjunto-Penal-de-Feira-de-Santana-ft-ed-santos-acorda-cidade1-590x360.jpg",590,360,true]},"author_info":{"display_name":"noticiasbahia360.com.br","author_link":"https:\/\/noticiasbahia360.com.br\/?author=1"},"category_info":"<a href=\"https:\/\/noticiasbahia360.com.br\/?cat=8\" rel=\"category\">Bahia<\/a> <a href=\"https:\/\/noticiasbahia360.com.br\/?cat=9\" rel=\"category\">Brasil<\/a> <a href=\"https:\/\/noticiasbahia360.com.br\/?cat=6\" rel=\"category\">Feira de Santana<\/a> <a href=\"https:\/\/noticiasbahia360.com.br\/?cat=57\" rel=\"category\">Mundo<\/a> <a href=\"https:\/\/noticiasbahia360.com.br\/?cat=56\" rel=\"category\">Pol\u00edcia<\/a> <a href=\"https:\/\/noticiasbahia360.com.br\/?cat=10\" rel=\"category\">Pol\u00edtica<\/a>","tag_info":"Pol\u00edtica","comment_count":"0","_links":{"self":[{"href":"https:\/\/noticiasbahia360.com.br\/index.php?rest_route=\/wp\/v2\/posts\/91323","targetHints":{"allow":["GET"]}}],"collection":[{"href":"https:\/\/noticiasbahia360.com.br\/index.php?rest_route=\/wp\/v2\/posts"}],"about":[{"href":"https:\/\/noticiasbahia360.com.br\/index.php?rest_route=\/wp\/v2\/types\/post"}],"author":[{"embeddable":true,"href":"https:\/\/noticiasbahia360.com.br\/index.php?rest_route=\/wp\/v2\/users\/1"}],"replies":[{"embeddable":true,"href":"https:\/\/noticiasbahia360.com.br\/index.php?rest_route=%2Fwp%2Fv2%2Fcomments&post=91323"}],"version-history":[{"count":0,"href":"https:\/\/noticiasbahia360.com.br\/index.php?rest_route=\/wp\/v2\/posts\/91323\/revisions"}],"wp:featuredmedia":[{"embeddable":true,"href":"https:\/\/noticiasbahia360.com.br\/index.php?rest_route=\/wp\/v2\/media\/91324"}],"wp:attachment":[{"href":"https:\/\/noticiasbahia360.com.br\/index.php?rest_route=%2Fwp%2Fv2%2Fmedia&parent=91323"}],"wp:term":[{"taxonomy":"category","embeddable":true,"href":"https:\/\/noticiasbahia360.com.br\/index.php?rest_route=%2Fwp%2Fv2%2Fcategories&post=91323"},{"taxonomy":"post_tag","embeddable":true,"href":"https:\/\/noticiasbahia360.com.br\/index.php?rest_route=%2Fwp%2Fv2%2Ftags&post=91323"}],"curies":[{"name":"wp","href":"https:\/\/api.w.org\/{rel}","templated":true}]}}