{"id":91326,"date":"2025-06-27T16:44:48","date_gmt":"2025-06-27T19:44:48","guid":{"rendered":"https:\/\/noticiasbahia360.com.br\/?p=91326"},"modified":"2025-06-27T16:44:48","modified_gmt":"2025-06-27T19:44:48","slug":"hospital-cleriston-andrade-registra-aumento-de-32-nos-atendimentos-por-acidentes-durante-o-feriado-de-sao-joao","status":"publish","type":"post","link":"https:\/\/noticiasbahia360.com.br\/?p=91326","title":{"rendered":"Hospital Cl\u00e9riston Andrade registra aumento de 32% nos atendimentos por acidentes durante o feriado de S\u00e3o Jo\u00e3o"},"content":{"rendered":"<div>\n<div>\n<figure><img decoding=\"async\" src=\"http:\/\/noticiasbahia360.com.br\/wp-content\/uploads\/2025\/06\/licitacao_hgca_edsantos_acordacidade-3-1.jpeg\" alt=\"Licita\u00e7\u00e3o no HGCA\"><figcaption>Foto: Ed Santos\/Acorda Cidade<\/figcaption><\/figure>\n<\/div>\n<p>Durante os festejos juninos de 2025, o Hospital Geral Cl\u00e9riston Andrade (HGCA), em Feira de Santana, registrou um aumento de 32% nos atendimentos de v\u00edtimas de acidentes relacionados ao tr\u00e2nsito, em compara\u00e7\u00e3o com o mesmo per\u00edodo do ano passado<strong>. O levantamento da unidade considerou os atendimentos realizados entre os dias 19 e 24 de junho.<\/strong><\/p>\n<p><strong>Neste ano, foram contabilizados 93 atendimentos por acidentes com ve\u00edculos. Em 2024, esse n\u00famero foi de aproximadamente 70 ocorr\u00eancias. Das situa\u00e7\u00f5es registradas, 75 envolveram motocicletas, 12 foram atropelamentos e 6 acidentes automobil\u00edsticos. O balan\u00e7o tamb\u00e9m apontou um aumento expressivo nos casos de agress\u00f5es f\u00edsicas, muitas delas provocadas por brigas em munic\u00edpios vizinhos.<\/strong><\/p>\n<p><strong>Al\u00e9m da alta nos atendimentos por traumas, o hospital atendeu dois casos de queimaduras durante o per\u00edodo junino.<\/strong> Vale lembrar que o <a href=\"https:\/\/www.acordacidade.com.br\/tag\/hgca\/\">HGCA<\/a> n\u00e3o \u00e9 unidade de refer\u00eancia para queimados, realizando apenas o primeiro atendimento e, quando necess\u00e1rio, transferindo os pacientes para hospitais especializados como o Hospital Regional de Santo Ant\u00f4nio de Jesus (HRSAJ) ou o, Hospital Geral do Estado (HGE), em Salvador.<\/p>\n<figure class=\"wp-block-image size-large\"><img fetchpriority=\"high\" data-dominant-color=\"cbc6bd\" data-has-transparency=\"true\" style=\"--dominant-color: #cbc6bd;\" fetchpriority=\"high\" decoding=\"async\" width=\"1104\" height=\"768\" sizes=\"(max-width: 1104px) 100vw, 1104px\" src=\"http:\/\/noticiasbahia360.com.br\/wp-content\/uploads\/2025\/06\/Cristiana-Franca-diretora-do-HGCA-1104x768-1.png\" alt=\"Cristiana Fran\u00e7a diretora do HGCA\" class=\"wp-image-569783 has-transparency\" srcset=\"https:\/\/uploads.acordacidade.com.br\/2025\/06\/Cristiana-Franca-diretora-do-HGCA-525x365.png 525w, http:\/\/noticiasbahia360.com.br\/wp-content\/uploads\/2025\/06\/Cristiana-Franca-diretora-do-HGCA-1104x768-1.png 1104w, https:\/\/uploads.acordacidade.com.br\/2025\/06\/Cristiana-Franca-diretora-do-HGCA-795x553.png 795w, https:\/\/uploads.acordacidade.com.br\/2025\/06\/Cristiana-Franca-diretora-do-HGCA-150x104.png 150w, https:\/\/uploads.acordacidade.com.br\/2025\/06\/Cristiana-Franca-diretora-do-HGCA.png 1300w\"><figcaption class=\"wp-element-caption\">Cristiana Fran\u00e7a | Foto: Ascom<\/figcaption><\/figure>\n<p>A diretora-geral do HGCA, Cristiana Fran\u00e7a, que esteve de plant\u00e3o durante todo o per\u00edodo do S\u00e3o Jo\u00e3o, acompanhando de perto o funcionamento da unidade, refor\u00e7ou a import\u00e2ncia do planejamento para garantir a assist\u00eancia \u00e0 popula\u00e7\u00e3o mesmo diante do aumento da demanda.<\/p>\n<p>\u201cO Cl\u00e9riston Andrade \u00e9 o maior hospital do interior da Bahia e est\u00e1 em um ponto de liga\u00e7\u00e3o entre diversas regi\u00f5es. Com o aumento no fluxo de pessoas nas estradas e nas cidades durante os festejos, era esperado que houvesse maior n\u00famero de ocorr\u00eancias, e infelizmente isso se confirmou. Tivemos muitos casos envolvendo motociclistas e tamb\u00e9m agress\u00f5es f\u00edsicas. Por isso, refor\u00e7amos o pedido de que haja mais fiscaliza\u00e7\u00e3o e a\u00e7\u00f5es preventivas, para que os festejos continuem sendo uma celebra\u00e7\u00e3o e n\u00e3o terminem em trag\u00e9dia. Quero tamb\u00e9m agradecer \u00e0 Secretaria da Sa\u00fade do Estado da Bahia (Sesab), que esteve presente e nos deu todo o suporte necess\u00e1rio durante esse per\u00edodo,\u201d declarou a diretora.<\/p>\n<p>A dire\u00e7\u00e3o tamb\u00e9m destacou o empenho de toda a equipe do HGCA, que se manteve mobilizada em regime de plant\u00e3o, garantindo atendimento humanizado e resolutivo para a popula\u00e7\u00e3o de Feira de Santana e regi\u00e3o.<\/p>\n<p><em>Siga o Acorda Cidade no<\/em><a href=\"https:\/\/news.google.com\/search?q=acorda%20cidade&amp;hl=pt-BR&amp;gl=BR&amp;ceid=BR%3Apt-419\"><strong><em>\u00a0Google Not\u00edcias<\/em><\/strong><\/a><em>\u00a0e receba os principais destaques do dia. Participe tamb\u00e9m dos nossos canais no\u00a0<\/em><a href=\"https:\/\/www.whatsapp.com\/channel\/0029Va6Rb4v3WHTNnsh8WI3N\"><strong><em>WhatsApp<\/em><\/strong><\/a><em>\u00a0e\u00a0<\/em><a href=\"https:\/\/www.youtube.com\/@acordacidadenoticias\/videos\"><strong>Youtube<\/strong><\/a><em>\u00a0e grupo de\u00a0<\/em><a href=\"https:\/\/t.me\/+sSz0khrgARA0ZmRh\"><strong><em>Telegram<\/em><\/strong><\/a><em>.<\/em><\/p>\n<\/div>\n","protected":false},"excerpt":{"rendered":"<div>\n<div>\n<figure><img decoding=\"async\" src=\"https:\/\/uploads.acordacidade.com.br\/wp-content\/uploads\/2024\/08\/08134655\/licitacao_hgca_edsantos_acordacidade-3.jpeg\" alt=\"Licita\u00e7\u00e3o no HGCA\"><figcaption>Foto: Ed Santos\/Acorda Cidade<\/figcaption><\/figure>\n<\/div>\n<p>Neste ano, foram contabilizados 93 atendimentos por acidentes com ve\u00edculos. Em 2024, esse n\u00famero foi de aproximadamente 70 ocorr\u00eancias.<\/p><\/div>\n","protected":false},"author":1,"featured_media":91327,"comment_status":"closed","ping_status":"closed","sticky":false,"template":"","format":"gallery","meta":{"footnotes":""},"categories":[8,9,6,57,56,10],"tags":[],"class_list":["post-91326","post","type-post","status-publish","format-gallery","has-post-thumbnail","hentry","category-bahia","category-brasil","category-feira-de-santana","category-mundo","category-policia","category-politica","post_format-post-format-gallery"],"featured_image_urls":{"full":["https:\/\/noticiasbahia360.com.br\/wp-content\/uploads\/2025\/06\/licitacao_hgca_edsantos_acordacidade-3-1.jpeg",640,360,false],"thumbnail":["https:\/\/noticiasbahia360.com.br\/wp-content\/uploads\/2025\/06\/licitacao_hgca_edsantos_acordacidade-3-1-150x150.jpeg",150,150,true],"medium":["https:\/\/noticiasbahia360.com.br\/wp-content\/uploads\/2025\/06\/licitacao_hgca_edsantos_acordacidade-3-1-300x169.jpeg",300,169,true],"medium_large":["https:\/\/noticiasbahia360.com.br\/wp-content\/uploads\/2025\/06\/licitacao_hgca_edsantos_acordacidade-3-1.jpeg",640,360,false],"large":["https:\/\/noticiasbahia360.com.br\/wp-content\/uploads\/2025\/06\/licitacao_hgca_edsantos_acordacidade-3-1.jpeg",640,360,false],"1536x1536":["https:\/\/noticiasbahia360.com.br\/wp-content\/uploads\/2025\/06\/licitacao_hgca_edsantos_acordacidade-3-1.jpeg",640,360,false],"2048x2048":["https:\/\/noticiasbahia360.com.br\/wp-content\/uploads\/2025\/06\/licitacao_hgca_edsantos_acordacidade-3-1.jpeg",640,360,false],"chromenews-featured":["https:\/\/noticiasbahia360.com.br\/wp-content\/uploads\/2025\/06\/licitacao_hgca_edsantos_acordacidade-3-1.jpeg",640,360,false],"chromenews-large":["https:\/\/noticiasbahia360.com.br\/wp-content\/uploads\/2025\/06\/licitacao_hgca_edsantos_acordacidade-3-1.jpeg",640,360,false],"chromenews-medium":["https:\/\/noticiasbahia360.com.br\/wp-content\/uploads\/2025\/06\/licitacao_hgca_edsantos_acordacidade-3-1-590x360.jpeg",590,360,true]},"author_info":{"display_name":"noticiasbahia360.com.br","author_link":"https:\/\/noticiasbahia360.com.br\/?author=1"},"category_info":"<a href=\"https:\/\/noticiasbahia360.com.br\/?cat=8\" rel=\"category\">Bahia<\/a> <a href=\"https:\/\/noticiasbahia360.com.br\/?cat=9\" rel=\"category\">Brasil<\/a> <a href=\"https:\/\/noticiasbahia360.com.br\/?cat=6\" rel=\"category\">Feira de Santana<\/a> <a href=\"https:\/\/noticiasbahia360.com.br\/?cat=57\" rel=\"category\">Mundo<\/a> <a href=\"https:\/\/noticiasbahia360.com.br\/?cat=56\" rel=\"category\">Pol\u00edcia<\/a> <a href=\"https:\/\/noticiasbahia360.com.br\/?cat=10\" rel=\"category\">Pol\u00edtica<\/a>","tag_info":"Pol\u00edtica","comment_count":"0","_links":{"self":[{"href":"https:\/\/noticiasbahia360.com.br\/index.php?rest_route=\/wp\/v2\/posts\/91326","targetHints":{"allow":["GET"]}}],"collection":[{"href":"https:\/\/noticiasbahia360.com.br\/index.php?rest_route=\/wp\/v2\/posts"}],"about":[{"href":"https:\/\/noticiasbahia360.com.br\/index.php?rest_route=\/wp\/v2\/types\/post"}],"author":[{"embeddable":true,"href":"https:\/\/noticiasbahia360.com.br\/index.php?rest_route=\/wp\/v2\/users\/1"}],"replies":[{"embeddable":true,"href":"https:\/\/noticiasbahia360.com.br\/index.php?rest_route=%2Fwp%2Fv2%2Fcomments&post=91326"}],"version-history":[{"count":0,"href":"https:\/\/noticiasbahia360.com.br\/index.php?rest_route=\/wp\/v2\/posts\/91326\/revisions"}],"wp:featuredmedia":[{"embeddable":true,"href":"https:\/\/noticiasbahia360.com.br\/index.php?rest_route=\/wp\/v2\/media\/91327"}],"wp:attachment":[{"href":"https:\/\/noticiasbahia360.com.br\/index.php?rest_route=%2Fwp%2Fv2%2Fmedia&parent=91326"}],"wp:term":[{"taxonomy":"category","embeddable":true,"href":"https:\/\/noticiasbahia360.com.br\/index.php?rest_route=%2Fwp%2Fv2%2Fcategories&post=91326"},{"taxonomy":"post_tag","embeddable":true,"href":"https:\/\/noticiasbahia360.com.br\/index.php?rest_route=%2Fwp%2Fv2%2Ftags&post=91326"}],"curies":[{"name":"wp","href":"https:\/\/api.w.org\/{rel}","templated":true}]}} 