{"id":91332,"date":"2025-06-27T17:19:47","date_gmt":"2025-06-27T20:19:47","guid":{"rendered":"https:\/\/noticiasbahia360.com.br\/?p=91332"},"modified":"2025-06-27T17:19:47","modified_gmt":"2025-06-27T20:19:47","slug":"66a-cipm-apreende-grande-quantidade-de-drogas-em-acao-conjunta-em-feira-de-santana","status":"publish","type":"post","link":"https:\/\/noticiasbahia360.com.br\/?p=91332","title":{"rendered":"66\u00aa CIPM apreende grande quantidade de drogas em a\u00e7\u00e3o conjunta em Feira de Santana"},"content":{"rendered":"<div>\n<div>\n<figure><img decoding=\"async\" src=\"http:\/\/noticiasbahia360.com.br\/wp-content\/uploads\/2025\/06\/66a-CIPM-apreende-grande-quantidade-de-entorpecentes-em-acao-conjunta-em-Feira-de-Santana.jpg\" alt=\"66\u00aa CIPM apreende grande quantidade de drogas em a\u00e7\u00e3o conjunta em Feira de Santana\"><figcaption>Foto: Pol\u00edcia Militar <\/figcaption><\/figure>\n<\/div>\n<p>Policiais militares da 66\u00aa Companhia Independente de Pol\u00edcia Militar (CIPM), em opera\u00e7\u00e3o conjunta com o coordenador operacional do Comando de Policiamento Regional Leste (CPRL), realizaram uma importante apreens\u00e3o de drogas no bairro Queimadinha, em F<a href=\"https:\/\/www.acordacidade.com.br\/feira-de-santana\/\">eira de Santana<\/a>, na manh\u00e3 desta sexta-feira (27).<\/p>\n<p>A a\u00e7\u00e3o ocorreu durante a intensifica\u00e7\u00e3o do policiamento na regi\u00e3o, quando as guarni\u00e7\u00f5es visualizaram um grupo de cerca de cinco homens armados carregando um saco de linhagem. Ao perceberem a presen\u00e7a policial, os suspeitos realizaram disparos de arma de fogo contra as equipes.<\/p>\n<figure class=\"wp-block-image size-large\"><img fetchpriority=\"high\" data-dominant-color=\"6f7060\" data-has-transparency=\"false\" style=\"--dominant-color: #6f7060;\" fetchpriority=\"high\" decoding=\"async\" width=\"810\" height=\"768\" sizes=\"(max-width: 810px) 100vw, 810px\" src=\"http:\/\/noticiasbahia360.com.br\/wp-content\/uploads\/2025\/06\/66a-CIPM-apreende-grande-quantidade-de-entorpecentes-em-acao-conjunta-em-Feira-de-Santana1-810x768-1.jpg\" alt=\"66\u00aa CIPM apreende grande quantidade de drogas em a\u00e7\u00e3o conjunta em Feira de Santana\" class=\"wp-image-569812 not-transparent\" srcset=\"https:\/\/uploads.acordacidade.com.br\/2025\/06\/66a-CIPM-apreende-grande-quantidade-de-entorpecentes-em-acao-conjunta-em-Feira-de-Santana1-385x365.jpg 385w, http:\/\/noticiasbahia360.com.br\/wp-content\/uploads\/2025\/06\/66a-CIPM-apreende-grande-quantidade-de-entorpecentes-em-acao-conjunta-em-Feira-de-Santana1-810x768-1.jpg 810w, https:\/\/uploads.acordacidade.com.br\/2025\/06\/66a-CIPM-apreende-grande-quantidade-de-entorpecentes-em-acao-conjunta-em-Feira-de-Santana1-583x553.jpg 583w, https:\/\/uploads.acordacidade.com.br\/2025\/06\/66a-CIPM-apreende-grande-quantidade-de-entorpecentes-em-acao-conjunta-em-Feira-de-Santana1-150x142.jpg 150w, https:\/\/uploads.acordacidade.com.br\/2025\/06\/66a-CIPM-apreende-grande-quantidade-de-entorpecentes-em-acao-conjunta-em-Feira-de-Santana1.jpg 1200w\"><figcaption class=\"wp-element-caption\">Foto: Pol\u00edcia Militar <\/figcaption><\/figure>\n<p>Diante da agress\u00e3o, os policiais reagiram e os suspeitos fugiram para uma \u00e1rea de dif\u00edcil acesso conhecida como \u201cregi\u00e3o de taboa\u201d, abandonando o saco de linhagem no local. Ap\u00f3s a verifica\u00e7\u00e3o, constatou-se que o saco continha aproximadamente 50 kg de uma subst\u00e2ncia semelhante \u00e0 <a href=\"https:\/\/www.acordacidade.com.br\/tag\/maconha\/\">maconha<\/a>.<\/p>\n<p>Todo o material apreendido foi encaminhado \u00e0 Delegacia de T\u00f3xicos e Entorpecentes (<a href=\"https:\/\/www.acordacidade.com.br\/tag\/dte\/\">DTE<\/a>) para a ado\u00e7\u00e3o das medidas legais cab\u00edveis.<\/p>\n<p><em>Siga o Acorda Cidade no<\/em><a href=\"https:\/\/news.google.com\/search?q=acorda%20cidade&amp;hl=pt-BR&amp;gl=BR&amp;ceid=BR%3Apt-419\"><strong><em>\u00a0Google Not\u00edcias<\/em><\/strong><\/a><em>\u00a0e receba os principais destaques do dia. Participe tamb\u00e9m dos nossos canais no\u00a0<\/em><a href=\"https:\/\/www.whatsapp.com\/channel\/0029Va6Rb4v3WHTNnsh8WI3N\"><strong><em>WhatsApp<\/em><\/strong><\/a><em>\u00a0e\u00a0<\/em><a href=\"https:\/\/www.youtube.com\/@acordacidadenoticias\/videos\"><strong>YouTube<\/strong><\/a><em>\u00a0e do grupo no\u00a0<\/em><a href=\"https:\/\/t.me\/+sSz0khrgARA0ZmRh\"><strong><em>Telegram<\/em><\/strong><\/a><\/p>\n<\/div>\n","protected":false},"excerpt":{"rendered":"<div>\n<div>\n<figure><img decoding=\"async\" src=\"https:\/\/uploads.acordacidade.com.br\/2025\/06\/66a-CIPM-apreende-grande-quantidade-de-entorpecentes-em-acao-conjunta-em-Feira-de-Santana.jpg\" alt=\"66\u00aa CIPM apreende grande quantidade de drogas em a\u00e7\u00e3o conjunta em Feira de Santana\"><figcaption>Foto: Pol\u00edcia Militar <\/figcaption><\/figure>\n<\/div>\n<p>Todo o material apreendido foi encaminhado \u00e0 Delegacia de T\u00f3xicos e Entorpecentes (DTE) para a ado\u00e7\u00e3o das medidas legais cab\u00edveis.<\/p><\/div>\n","protected":false},"author":1,"featured_media":91333,"comment_status":"closed","ping_status":"closed","sticky":false,"template":"","format":"gallery","meta":{"footnotes":""},"categories":[8,9,6,57,56,10],"tags":[],"class_list":["post-91332","post","type-post","status-publish","format-gallery","has-post-thumbnail","hentry","category-bahia","category-brasil","category-feira-de-santana","category-mundo","category-policia","category-politica","post_format-post-format-gallery"],"featured_image_urls":{"full":["https:\/\/noticiasbahia360.com.br\/wp-content\/uploads\/2025\/06\/66a-CIPM-apreende-grande-quantidade-de-entorpecentes-em-acao-conjunta-em-Feira-de-Santana.jpg",1200,670,false],"thumbnail":["https:\/\/noticiasbahia360.com.br\/wp-content\/uploads\/2025\/06\/66a-CIPM-apreende-grande-quantidade-de-entorpecentes-em-acao-conjunta-em-Feira-de-Santana-150x150.jpg",150,150,true],"medium":["https:\/\/noticiasbahia360.com.br\/wp-content\/uploads\/2025\/06\/66a-CIPM-apreende-grande-quantidade-de-entorpecentes-em-acao-conjunta-em-Feira-de-Santana-300x168.jpg",300,168,true],"medium_large":["https:\/\/noticiasbahia360.com.br\/wp-content\/uploads\/2025\/06\/66a-CIPM-apreende-grande-quantidade-de-entorpecentes-em-acao-conjunta-em-Feira-de-Santana-768x429.jpg",640,358,true],"large":["https:\/\/noticiasbahia360.com.br\/wp-content\/uploads\/2025\/06\/66a-CIPM-apreende-grande-quantidade-de-entorpecentes-em-acao-conjunta-em-Feira-de-Santana-1024x572.jpg",640,358,true],"1536x1536":["https:\/\/noticiasbahia360.com.br\/wp-content\/uploads\/2025\/06\/66a-CIPM-apreende-grande-quantidade-de-entorpecentes-em-acao-conjunta-em-Feira-de-Santana.jpg",1200,670,false],"2048x2048":["https:\/\/noticiasbahia360.com.br\/wp-content\/uploads\/2025\/06\/66a-CIPM-apreende-grande-quantidade-de-entorpecentes-em-acao-conjunta-em-Feira-de-Santana.jpg",1200,670,false],"chromenews-featured":["https:\/\/noticiasbahia360.com.br\/wp-content\/uploads\/2025\/06\/66a-CIPM-apreende-grande-quantidade-de-entorpecentes-em-acao-conjunta-em-Feira-de-Santana-1024x572.jpg",1024,572,true],"chromenews-large":["https:\/\/noticiasbahia360.com.br\/wp-content\/uploads\/2025\/06\/66a-CIPM-apreende-grande-quantidade-de-entorpecentes-em-acao-conjunta-em-Feira-de-Santana-825x575.jpg",825,575,true],"chromenews-medium":["https:\/\/noticiasbahia360.com.br\/wp-content\/uploads\/2025\/06\/66a-CIPM-apreende-grande-quantidade-de-entorpecentes-em-acao-conjunta-em-Feira-de-Santana-590x410.jpg",590,410,true]},"author_info":{"display_name":"noticiasbahia360.com.br","author_link":"https:\/\/noticiasbahia360.com.br\/?author=1"},"category_info":"<a href=\"https:\/\/noticiasbahia360.com.br\/?cat=8\" rel=\"category\">Bahia<\/a> <a href=\"https:\/\/noticiasbahia360.com.br\/?cat=9\" rel=\"category\">Brasil<\/a> <a href=\"https:\/\/noticiasbahia360.com.br\/?cat=6\" rel=\"category\">Feira de Santana<\/a> <a href=\"https:\/\/noticiasbahia360.com.br\/?cat=57\" rel=\"category\">Mundo<\/a> <a href=\"https:\/\/noticiasbahia360.com.br\/?cat=56\" rel=\"category\">Pol\u00edcia<\/a> <a href=\"https:\/\/noticiasbahia360.com.br\/?cat=10\" rel=\"category\">Pol\u00edtica<\/a>","tag_info":"Pol\u00edtica","comment_count":"0","_links":{"self":[{"href":"https:\/\/noticiasbahia360.com.br\/index.php?rest_route=\/wp\/v2\/posts\/91332","targetHints":{"allow":["GET"]}}],"collection":[{"href":"https:\/\/noticiasbahia360.com.br\/index.php?rest_route=\/wp\/v2\/posts"}],"about":[{"href":"https:\/\/noticiasbahia360.com.br\/index.php?rest_route=\/wp\/v2\/types\/post"}],"author":[{"embeddable":true,"href":"https:\/\/noticiasbahia360.com.br\/index.php?rest_route=\/wp\/v2\/users\/1"}],"replies":[{"embeddable":true,"href":"https:\/\/noticiasbahia360.com.br\/index.php?rest_route=%2Fwp%2Fv2%2Fcomments&post=91332"}],"version-history":[{"count":0,"href":"https:\/\/noticiasbahia360.com.br\/index.php?rest_route=\/wp\/v2\/posts\/91332\/revisions"}],"wp:featuredmedia":[{"embeddable":true,"href":"https:\/\/noticiasbahia360.com.br\/index.php?rest_route=\/wp\/v2\/media\/91333"}],"wp:attachment":[{"href":"https:\/\/noticiasbahia360.com.br\/index.php?rest_route=%2Fwp%2Fv2%2Fmedia&parent=91332"}],"wp:term":[{"taxonomy":"category","embeddable":true,"href":"https:\/\/noticiasbahia360.com.br\/index.php?rest_route=%2Fwp%2Fv2%2Fcategories&post=91332"},{"taxonomy":"post_tag","embeddable":true,"href":"https:\/\/noticiasbahia360.com.br\/index.php?rest_route=%2Fwp%2Fv2%2Ftags&post=91332"}],"curies":[{"name":"wp","href":"https:\/\/api.w.org\/{rel}","templated":true}]}}