{"id":91335,"date":"2025-06-27T17:24:54","date_gmt":"2025-06-27T20:24:54","guid":{"rendered":"https:\/\/noticiasbahia360.com.br\/?p=91335"},"modified":"2025-06-27T17:24:54","modified_gmt":"2025-06-27T20:24:54","slug":"briga-entre-deputado-e-familia-de-simone-mendes-revelou-emenda-para-recapear-condominio-de-luxo-em-sp","status":"publish","type":"post","link":"https:\/\/noticiasbahia360.com.br\/?p=91335","title":{"rendered":"Briga entre deputado e fam\u00edlia de Simone Mendes revelou emenda para recapear condom\u00ednio de luxo em SP"},"content":{"rendered":"<div>\n<div>\n<figure><img decoding=\"async\" src=\"http:\/\/noticiasbahia360.com.br\/wp-content\/uploads\/2025\/06\/Simone-Mendes-270625.jpg\" alt=\"Briga entre deputado e fam\u00edlia de Simone Mendes revelou emenda para recapear condom\u00ednio de luxo em SP\"><figcaption>A cantora Simone Mendes e o marido, Kak\u00e1 Diniz, vizinhos de condom\u00ednio do deputado F\u00e1bio Teruel (MDB) | Foto: Reprodu\u00e7\u00e3o\/Instagram<\/p>\n<\/figcaption><\/figure>\n<\/div>\n<p>Uma troca de farpa entre a fam\u00edlia da cantora sertaneja Simone Mendes (ex-dupla Simone e Simaria) e o deputado federal F\u00e1bio Teruel (MDB) foi o ponto de partida para revelar que o parlamentar direcionou mais de R$ 2,2 milh\u00f5es em emendas parlamentares para recapear um condom\u00ednio de luxo em Barueri, na Grande S\u00e3o Paulo.<\/p>\n<p>Conforme o portal Metr\u00f3poles publicou e o g1 confirmou, F\u00e1bio Teruel e a esposa \u2013 a vereadora paulista Ely Teruel (MDB) \u2013 s\u00e3o vizinhos da cantora sertaneja no Residencial Tambor\u00e9 I, na regi\u00e3o de Alphaville.<\/p>\n<p><strong>A casa onde o parlamentar mora n\u00e3o consta da lista de bens declarados \u00e0 Justi\u00e7a eleitoral por ele ou pela esposa ao registrar suas candidaturas. Foi s\u00f3 a partir das postagens nas redes sociais que veio a p\u00fablico que o casal Teruel vive no condom\u00ednio, apelidado de \u201cBeverly Hills paulista\u201d, em raz\u00e3o da quantidade de artistas e jogadores de futebol que moram no local.<\/strong><\/p>\n<p>Depois da terceira fuga do cachorro da cantora, em setembro do ano passado, v\u00e9spera do 1\u00b0 turno das elei\u00e7\u00f5es municipais, F\u00e1bio Teruel resolveu dar uma bronca na internet em Simone Mendes e no marido dela, Kak\u00e1 Diniz, por causa das constantes fugas do cachorrinho Jack, da ra\u00e7a Border Collie.<\/p>\n<p>No v\u00eddeo publicado nas redes sociais, o vizinho parlamentar contou que a sua esposa, Ely, tinha sa\u00eddo mais uma vez \u00e0 noite para capturar o c\u00e3o fugitivo.<\/p>\n<p>\u201cMeninos, j\u00e1 encontrei o cachorro de voc\u00eas na rua e levei at\u00e9 a casa de voc\u00eas. Minha esposa tamb\u00e9m encontrou uma outra vez e levou at\u00e9 a casa de voc\u00eas. Ontem, a gente viu no grupo que o cachorro tinha se perdido outra vez, e minha esposa, l\u00e1 pela meia-noite, incomodada com aquilo, foi atr\u00e1s e, junto com os seguran\u00e7as, encontrou o cachorro ca\u00eddo na piscina da casa [em obras] do lado de voc\u00eas, que parece que \u00e9 da Simaria, n\u00e9? O cachorro \u2018tava l\u00e1 no buraco. Ainda bem que encontramos\u201d, disse Teruel.<\/p>\n<p><strong>\u201cPet a gente tem que cuidar e ter aten\u00e7\u00e3o. Amor constante. \u00c9 gostoso ter um animalzinho de estima\u00e7\u00e3o, mas tem que dar amor e aten\u00e7\u00e3o, minha gente. Tem que ter cuidado\u201d, completou.<\/strong><\/p>\n<p>A resposta ao v\u00eddeo de Teruel foi dada pelo empres\u00e1rio Kak\u00e1 Diniz, que tamb\u00e9m publicou v\u00eddeo nas redes sociais ironizando o vizinho parlamentar.<\/p>\n<p>\u201c\u00c9 ano de elei\u00e7\u00e3o, mas eu n\u00e3o me manifesto de forma p\u00fablica. Mas muito cuidado com os pol\u00edticos que ficam se apropriando de imagem das pessoas p\u00fablicas, tentando criar pol\u00eamica pra hippar em rede social, gerar m\u00eddia e tentar voto por causa disso, pra ficar mais conhecido de alguma forma. Pol\u00edtico tem que servir ao povo, e n\u00e3o contra o povo. Essa historinha de querer dar li\u00e7\u00e3o de moral nos outros pra mim n\u00e3o rola\u201d, afirmou o marido da cantora.<\/p>\n<figure class=\"wp-block-image size-large\"><img fetchpriority=\"high\" data-dominant-color=\"9b7f70\" data-has-transparency=\"false\" style=\"--dominant-color: #9b7f70;\" fetchpriority=\"high\" decoding=\"async\" width=\"953\" height=\"768\" sizes=\"(max-width: 953px) 100vw, 953px\" src=\"http:\/\/noticiasbahia360.com.br\/wp-content\/uploads\/2025\/06\/Simone-Mendes-270625-2-953x768-1.jpg\" alt=\"Briga entre deputado e fam\u00edlia de Simone Mendes revelou emenda para recapear condom\u00ednio de luxo em SP\" class=\"wp-image-569800 not-transparent\" srcset=\"https:\/\/uploads.acordacidade.com.br\/2025\/06\/Simone-Mendes-270625-2-453x365.jpg 453w, http:\/\/noticiasbahia360.com.br\/wp-content\/uploads\/2025\/06\/Simone-Mendes-270625-2-953x768-1.jpg 953w, https:\/\/uploads.acordacidade.com.br\/2025\/06\/Simone-Mendes-270625-2-686x553.jpg 686w, https:\/\/uploads.acordacidade.com.br\/2025\/06\/Simone-Mendes-270625-2-150x121.jpg 150w, https:\/\/uploads.acordacidade.com.br\/2025\/06\/Simone-Mendes-270625-2.jpg 1200w\"><figcaption class=\"wp-element-caption\">Foto: Reprodu\u00e7\u00e3o\/ YouTube<\/figcaption><\/figure>\n<p>Simone Mendes, que desde a pandemia mostra nas redes sociais as estripulias de Jack na casa e as coisas que o c\u00e3o destr\u00f3i, tamb\u00e9m resolveu ironizar o deputado.<\/p>\n<p>Ela postou no dia seguinte um v\u00eddeo se dirigindo ao pet dizendo:<\/p>\n<blockquote class=\"wp-block-quote is-layout-flow wp-block-quote-is-layout-flow\">\n<p>\u201cVoc\u00ea n\u00e3o pode sair na rua sem conversar com a sua m\u00e3e, porque as pessoas t\u00e3o querendo \u2018coisar comigo\u2019. Voc\u00ea n\u00e3o pode escapulir. N\u00e3o quero te manter amarrado, mas, se abre a porta e voc\u00ea escapole, eu levo a culpa. Ajuda a reputa\u00e7\u00e3o da sua m\u00e3e, meu filho\u2026\u201d<br \/><strong>\u2014 Simone Mendes, em v\u00eddeo gravado ao lado do seu cachorro<\/strong><\/p>\n<\/blockquote>\n<p>A discuss\u00e3o p\u00fablica azedou a rela\u00e7\u00e3o dos vizinhos que, segundo o g1 apurou, n\u00e3o se falam mais depois da troca de \u201cpito\u201d nas redes sociais.<\/p>\n<p>A reportagem procurou a equipe da cantora Simone Mendes para ver se ela gostaria de comentar o assunto, mas n\u00e3o teve retorno.<\/p>\n<h2 class=\"wp-block-heading\" id=\"h-casas-de-r-50-milhoes\">Casas de R$ 50 milh\u00f5es<\/h2>\n<figure class=\"wp-block-image size-full\"><img data-dominant-color=\"636053\" data-has-transparency=\"false\" style=\"--dominant-color: #636053;\" decoding=\"async\" width=\"1200\" height=\"705\" sizes=\"(max-width: 1200px) 100vw, 1200px\" src=\"http:\/\/noticiasbahia360.com.br\/wp-content\/uploads\/2025\/06\/Condominio-Residencial-Tambore-I-270525.jpg\" alt=\"Condom\u00ednio Residencial Tambor\u00e9 I \" class=\"wp-image-569805 not-transparent\" srcset=\"https:\/\/uploads.acordacidade.com.br\/2025\/06\/Condominio-Residencial-Tambore-I-270525-621x365.jpg 621w, https:\/\/uploads.acordacidade.com.br\/2025\/06\/Condominio-Residencial-Tambore-I-270525-941x553.jpg 941w, https:\/\/uploads.acordacidade.com.br\/2025\/06\/Condominio-Residencial-Tambore-I-270525-150x88.jpg 150w, http:\/\/noticiasbahia360.com.br\/wp-content\/uploads\/2025\/06\/Condominio-Residencial-Tambore-I-270525.jpg 1200w\"><figcaption class=\"wp-element-caption\">Entrada do Condom\u00ednio Residencial Tambor\u00e9 I, em Alphaville, em Barueri, Grande S\u00e3o Paulo. \u2014 Foto: Reprodu\u00e7\u00e3o\/ Google Street View<\/p>\n<\/figcaption><\/figure>\n<p>No condom\u00ednio de luxo, h\u00e1 casas que chegam a custar mais de R$ 50 milh\u00f5es.<\/p>\n<p>Nos registros de candidaturas de Fabio Teruel, da esposa e do pai do parlamentar \u2013 que tamb\u00e9m foi deputado estadual na \u00faltima legislatura da Alesp, em S\u00e3o Paulo -, n\u00e3o h\u00e1 men\u00e7\u00e3o a nenhuma propriedade em Barueri.<\/p>\n<p>Enquanto na elei\u00e7\u00e3o de 2022, Fabio Teruel declarou patrim\u00f4nio de R$ 12 milh\u00f5es, com uma propriedade de R$ 40 mil no Parque dos Pr\u00edncipes na cidade de Osasco, aplica\u00e7\u00f5es financeiras vultosas e cotas em empresas, a esposa, Ely, declarou na elei\u00e7\u00e3o do ano passado que \u00e9 dona apenas de uma quantia em dinheiro de R$ 45 mil.<\/p>\n<p>Na elei\u00e7\u00e3o anterior, ela n\u00e3o declarou nada. Nenhuma propriedade e nenhuma casa, apesar de estar no segundo mandato como vereadora da capital paulista.<\/p>\n<p>Questionado pelo g1 se a casa onde mora \u00e9 alugada, Teruel n\u00e3o havia dado retorno at\u00e9 a \u00faltima atualiza\u00e7\u00e3o desta reportagem.<\/p>\n<p>O pai do deputado, o ex-deputado estadual Ata\u00edde Teruel (Podemos), tamb\u00e9m n\u00e3o havia declarado propriedades em Barueri. Apenas um apartamento em Bertioga e outro tamb\u00e9m no Parque dos Pr\u00edncipes, no valor de R$ 638 mil.<\/p>\n<p><strong>Por l\u00e1, a fam\u00edlia Teruel tem como vizinhos artistas e celebridades como Fiuk, Carlinhos Maia e a influencer Deolane Bezerra. Fontes do condom\u00ednio dizem que as brigas s\u00e3o constantes entre parte da vizinhan\u00e7a, em raz\u00e3o de som alto, festas e alto tr\u00e1fego de carros e motos de luxo fazendo barulho.<\/strong><\/p>\n<h2 class=\"wp-block-heading\" id=\"h-emendas-pix\">Emendas pix<\/h2>\n<p>Ao checar as emendas parlamentares destinadas pelo deputado Teruel aos seus redutos, a reportagem descobriu que uma parte dos R$ 11 milh\u00f5es que ele enviou para a cidade onde mora foi usada para recapear as ruas do luxuoso \u201cBeverly Hills paulista\u201d.<\/p>\n<figure class=\"wp-block-image size-full\"><img data-dominant-color=\"ececec\" data-has-transparency=\"false\" style=\"--dominant-color: #ececec;\" decoding=\"async\" width=\"1200\" height=\"593\" sizes=\"(max-width: 1200px) 100vw, 1200px\" src=\"http:\/\/noticiasbahia360.com.br\/wp-content\/uploads\/2025\/06\/Documentos-270625.jpg\" alt=\"Briga entre deputado e fam\u00edlia de Simone Mendes revelou emenda para recapear condom\u00ednio de luxo em SP\" class=\"wp-image-569806 not-transparent\" srcset=\"https:\/\/uploads.acordacidade.com.br\/2025\/06\/Documentos-270625-648x320.jpg 648w, https:\/\/uploads.acordacidade.com.br\/2025\/06\/Documentos-270625-984x486.jpg 984w, https:\/\/uploads.acordacidade.com.br\/2025\/06\/Documentos-270625-150x74.jpg 150w, http:\/\/noticiasbahia360.com.br\/wp-content\/uploads\/2025\/06\/Documentos-270625.jpg 1200w\"><figcaption class=\"wp-element-caption\">Documentos da Prefeitura de Barueri apontam que os recursos foram usados para recapear ruas dentro do condom\u00ednio Residencial Tambor\u00e9 I, em Alphaville | Foto: Reprodu\u00e7\u00e3o\/ Portal da Transpar\u00eancia<\/p>\n<\/figcaption><\/figure>\n<p>Em nota, o deputado disse que \u201ca emenda parlamentar em quest\u00e3o foi destinada \u00e0 Prefeitura Municipal de Barueri com uma finalidade ampla, voltada \u00e0 melhoria da infraestrutura urbana\u201d e que \u201ca defini\u00e7\u00e3o sobre onde e como aplicar os recursos enviados pelos deputados aos munic\u00edpios compete, \u00fanica e exclusivamente, \u00e0s Prefeituras.\u201d <strong>(Leia nota completa abaixo.)<\/strong><\/p>\n<p>A Prefeitura de Barueri confirmou, por meio de nota, que as ruas do condom\u00ednio Tambor\u00e9 I foram recapeadas com os recursos da emenda do deputado Fabio Teruel, mas disse que as ruas s\u00e3o p\u00fablicas e \u00e9 dever da prefeitura fazer obras de manuten\u00e7\u00e3o.<\/p>\n<p>A gest\u00e3o do Republicanos afirmou ainda que tudo est\u00e1 dentro da legalidade e que os recursos das emendas federais chegam com destina\u00e7\u00e3o espec\u00edfica. Ou seja, n\u00e3o poderia ter sido gasta com outra coisa que n\u00e3o o recapeamento da \u00e1rea. <strong>(Leia nota completa tamb\u00e9m abaixo)<\/strong><\/p>\n<figure class=\"wp-block-image size-full\"><img data-dominant-color=\"49465c\" data-has-transparency=\"false\" style=\"--dominant-color: #49465c;\" decoding=\"async\" width=\"984\" height=\"599\" sizes=\"(max-width: 984px) 100vw, 984px\" src=\"http:\/\/noticiasbahia360.com.br\/wp-content\/uploads\/2025\/06\/O-deputado-federal-Fabio-Teruel-270625.jpg\" alt=\"O deputado federal F\u00e1bio Teruel \" class=\"wp-image-569809 not-transparent\" srcset=\"https:\/\/uploads.acordacidade.com.br\/2025\/06\/O-deputado-federal-Fabio-Teruel-270625-600x365.jpg 600w, https:\/\/uploads.acordacidade.com.br\/2025\/06\/O-deputado-federal-Fabio-Teruel-270625-908x553.jpg 908w, https:\/\/uploads.acordacidade.com.br\/2025\/06\/O-deputado-federal-Fabio-Teruel-270625-150x91.jpg 150w, http:\/\/noticiasbahia360.com.br\/wp-content\/uploads\/2025\/06\/O-deputado-federal-Fabio-Teruel-270625.jpg 984w\"><figcaption class=\"wp-element-caption\">O deputado federal F\u00e1bio Teruel (MDB-SP) em discurso na C\u00e2mara dos Deputados, em Bras\u00edlia | Foto: Zeca Ribeiro\/C\u00e2mara dos Deputados<\/p>\n<\/figcaption><\/figure>\n<p>Pela lei, qualquer parlamentar \u00e9 proibido de destinar emendas para benef\u00edcio pr\u00f3prio, o que pode configurar improbidade administrativa.<\/p>\n<p>A nova Lei da Regulariza\u00e7\u00e3o Fundi\u00e1ria Urbana (REURB) no Brasil, de 2017, diz que as prefeituras podem ficar respons\u00e1veis pela manuten\u00e7\u00e3o de vias dentro dessas \u00e1reas privadas, com responsabilidade compartilhada entre a administra\u00e7\u00e3o do espa\u00e7o e o Poder P\u00fablico.<\/p>\n<p>Mas isso depende de norma assinada e homologada pelos \u00f3rg\u00e3os p\u00fablicos, segundo os especialistas ouvidos pela reportagem.<\/p>\n<h2 class=\"wp-block-heading\" id=\"h-quem-e-fabio-teruel\">Quem \u00e9 F\u00e1bio Teruel<\/h2>\n<p>Com 54 anos, F\u00e1bio Teruel \u00e9 um pregador crist\u00e3o que ganhou fama nas redes sociais fazendo prega\u00e7\u00f5es religiosas em r\u00e1dios populares de S\u00e3o Paulo.<\/p>\n<p>Com mais de 5 milh\u00f5es de seguidores no Instagram e outros 8,6 milh\u00f5es no Youtube, ele faz shows religiosos pelo pa\u00eds cantando m\u00fasicas gospel e fazendo ora\u00e7\u00f5es e rezas para Jesus Cristo e Nossa Senhora Aparecida.<\/p>\n<figure class=\"wp-block-image size-large\"><img loading=\"lazy\" data-dominant-color=\"50525c\" data-has-transparency=\"false\" style=\"--dominant-color: #50525c;\" decoding=\"async\" width=\"1152\" height=\"768\" sizes=\"(max-width: 1152px) 100vw, 1152px\" src=\"http:\/\/noticiasbahia360.com.br\/wp-content\/uploads\/2025\/06\/Radialista-Fabio-Teruel-270525-1152x768-1.jpg\" alt=\"O radialista F\u00e1bio Teruel, deputado federal \n\n\" class=\"wp-image-569815 not-transparent\" srcset=\"https:\/\/uploads.acordacidade.com.br\/2025\/06\/Radialista-Fabio-Teruel-270525-548x365.jpg 548w, http:\/\/noticiasbahia360.com.br\/wp-content\/uploads\/2025\/06\/Radialista-Fabio-Teruel-270525-1152x768-1.jpg 1152w, https:\/\/uploads.acordacidade.com.br\/2025\/06\/Radialista-Fabio-Teruel-270525-830x553.jpg 830w, https:\/\/uploads.acordacidade.com.br\/2025\/06\/Radialista-Fabio-Teruel-270525-150x100.jpg 150w, https:\/\/uploads.acordacidade.com.br\/2025\/06\/Radialista-Fabio-Teruel-270525.jpg 1200w\"><figcaption class=\"wp-element-caption\">O radialista F\u00e1bio Teruel, deputado federal pelo MDB, durante apresenta\u00e7\u00e3o religiosa em Tabo\u00e3o da Serra, na Grande SP | Foto: Divulga\u00e7\u00e3o\/ PMTS<\/p>\n<\/figcaption><\/figure>\n<p>De perfil discreto, n\u00e3o usa a tribuna da C\u00e2mara dos Deputados para fazer discursos inflamados e cortes para redes sociais. Em seus perfis, s\u00f3 h\u00e1 publica\u00e7\u00f5es e prega\u00e7\u00f5es religiosas.<\/p>\n<p>Nessas redes, n\u00e3o h\u00e1 nenhuma refer\u00eancia sobre Teruel ser deputado federal. Ele se descreve apenas como \u201ccriador digital\u201d. O deputado do MDB \u00e9 filho do ex-deputado estadual Ata\u00edde Terual (Podemos), que \u00e9 jornalista e radialista, conhecido pelos programas populares sertanejos na r\u00e1dio Tropical FM de SP.<\/p>\n<figure class=\"wp-block-image size-large\"><img loading=\"lazy\" data-dominant-color=\"57424c\" data-has-transparency=\"false\" style=\"--dominant-color: #57424c;\" decoding=\"async\" width=\"1000\" height=\"768\" sizes=\"(max-width: 1000px) 100vw, 1000px\" src=\"http:\/\/noticiasbahia360.com.br\/wp-content\/uploads\/2025\/06\/O-deputado-Fabio-Teruel-270625-9-1000x768-1.jpg\" alt=\"O deputado Fabio Teruel\" class=\"wp-image-569816 not-transparent\" srcset=\"https:\/\/uploads.acordacidade.com.br\/2025\/06\/O-deputado-Fabio-Teruel-270625-9-475x365.jpg 475w, http:\/\/noticiasbahia360.com.br\/wp-content\/uploads\/2025\/06\/O-deputado-Fabio-Teruel-270625-9-1000x768-1.jpg 1000w, https:\/\/uploads.acordacidade.com.br\/2025\/06\/O-deputado-Fabio-Teruel-270625-9-720x553.jpg 720w, https:\/\/uploads.acordacidade.com.br\/2025\/06\/O-deputado-Fabio-Teruel-270625-9-150x115.jpg 150w, https:\/\/uploads.acordacidade.com.br\/2025\/06\/O-deputado-Fabio-Teruel-270625-9.jpg 1200w\"><figcaption class=\"wp-element-caption\">O deputado Fabio Teruel (MDB) ao lado da esposa, a vereadora de SP Ely Teruel (MDB) e o pai, o ex-deputado Ata\u00edde Teruel | Foto: Reprodu\u00e7\u00e3o\/ Instagram<\/p>\n<\/figcaption><\/figure>\n<p>Nascido em Santa B\u00e1rbara D\u2019Oeste, no interior de S\u00e3o Paulo, foi eleito pela primeira vez em 2022 com 235.165 votos, sendo o 14\u00b0 candidato mais votado para representar o estado de S\u00e3o Paulo na C\u00e2mara dos Deputados, em Bras\u00edlia.<\/p>\n<p>Um dos seus v\u00eddeos mais populares tem mais de 27 milh\u00f5es de views no Youtube, que \u00e9 o \u201cAdorme\u00e7a com o Salmo 91\u201d, em que, com voz suave e aveludada, l\u00ea trechos do salmo b\u00edblico que diz: \u201cN\u00e3o compactuo com atos de impiedade. Que cada um colha as recompensas, de acordo com seus atos\u201d.<\/p>\n<h2 class=\"wp-block-heading\" id=\"h-o-que-diz-o-deputado\">O que diz o deputado<\/h2>\n<p>\u201cA emenda parlamentar em quest\u00e3o foi destinada \u00e0 Prefeitura Municipal de Barueri com uma finalidade ampla, voltada \u00e0 melhoria da infraestrutura urbana.<\/p>\n<p>A defini\u00e7\u00e3o sobre onde e como aplicar os recursos enviados pelos deputados aos munic\u00edpios compete, \u00fanica e exclusivamente, \u00e0s Prefeituras. Essas decis\u00f5es s\u00e3o baseadas em planejamento t\u00e9cnico e nas prioridades estabelecidas pelos \u00f3rg\u00e3os competentes da pr\u00f3pria administra\u00e7\u00e3o municipal, sem qualquer tipo de interfer\u00eancia, indica\u00e7\u00e3o ou conhecimento pr\u00e9vio por parte dos parlamentares.<\/p>\n<p>A atua\u00e7\u00e3o do deputado federal limita-se \u00e0 viabiliza\u00e7\u00e3o e \u00e0 libera\u00e7\u00e3o dos recursos, cabendo \u00e0 gest\u00e3o municipal a prerrogativa e a responsabilidade t\u00e9cnica integral pela defini\u00e7\u00e3o e execu\u00e7\u00e3o das obras.<\/p>\n<p>Todas as emendas seguem crit\u00e9rios legais, com transpar\u00eancia e fiscaliza\u00e7\u00e3o pelos \u00f3rg\u00e3os de controle. Os dados s\u00e3o p\u00fablicos \u2013 inclusive os desta emenda \u2013, e est\u00e3o dispon\u00edveis nos sistemas oficiais de transpar\u00eancia a qualquer cidad\u00e3o.\u201d<\/p>\n<h2 class=\"wp-block-heading\" id=\"h-o-que-diz-a-prefeitura-de-barueri\">O que diz a Prefeitura de Barueri<\/h2>\n<p>\u201cEm resposta aos questionamentos sobre o recapeamento asf\u00e1ltico em determinadas localidades de Barueri, cumpre \u00e0 Municipalidade esclarecer os seguintes pontos:<\/p>\n<ol class=\"wp-block-list\">\n<li>Diferentemente do que foi publicado, os locais beneficiados pelas obras de recapeamento, em especial a regi\u00e3o conhecida como Tambor\u00e9 I, est\u00e3o legalmente constitu\u00eddos como associa\u00e7\u00e3o de moradores. Trata-se, portanto, de \u00e1reas cujas vias internas s\u00e3o p\u00fablicas e, acordo com a legisla\u00e7\u00e3o vigente, a manuten\u00e7\u00e3o das vias p\u00fablicas \u00e9 de compet\u00eancia do Poder P\u00fablico Municipal.<\/li>\n<\/ol>\n<p>Sendo assim, cabe \u00e0 Prefeitura realizar obras de recapeamento, conserva\u00e7\u00e3o e melhoria de sua infraestrutura.<\/p>\n<ol start=\"2\" class=\"wp-block-list\">\n<li>As emendas parlamentares destinadas ao Munic\u00edpio s\u00e3o recursos p\u00fablicos com vincula\u00e7\u00e3o espec\u00edfica ao objeto e determinado no respectivo plano de trabalho. No presente caso, tais verbas foram utilizadas rigorosamente dentro dos par\u00e2metros legais, para a pavimenta\u00e7\u00e3o de diversas vias p\u00fablicas do Munic\u00edpio, inclusive do Tambor\u00e9 I e ruas adjacentes, sem que isso signifique qualquer privil\u00e9gio.<\/li>\n<li>O recapeamento asf\u00e1ltico foi executado no \u00e2mbito do Plano de A\u00e7\u00e3o n\u00ba 09032024-074591, custeado com recursos federais provenientes de transfer\u00eancia especial (Emenda Parlamentar). Esses recursos viabilizaram interven\u00e7\u00f5es tanto em Tambor\u00e9 I quanto nas vias externas adjacentes, onde se concentram grandes galp\u00f5es log\u00edsticos e ocorre intenso fluxo de ve\u00edculos de carga pesada, sendo certo que a sele\u00e7\u00e3o das \u00e1reas contempladas baseou-se em laudos de engenharia que demonstraram elevado grau de degrada\u00e7\u00e3o do pavimento em raz\u00e3o do aumento do tr\u00e1fego e das precipita\u00e7\u00f5es sazonais, com o aparecimento de fissuras, buracos e deforma\u00e7\u00f5es mec\u00e2nicas.<\/li>\n<\/ol>\n<p>Desse modo, a Prefeitura de Barueri reafirma seu compromisso com a transpar\u00eancia, a legalidade e o interesse p\u00fablico, estando \u00e0 disposi\u00e7\u00e3o dos \u00f3rg\u00e3os de imprensa e da popula\u00e7\u00e3o para quaisquer esclarecimentos adicionais.\u201d<\/p>\n<figure class=\"wp-block-image size-large\"><img loading=\"lazy\" data-dominant-color=\"e9e5e5\" data-has-transparency=\"false\" style=\"--dominant-color: #e9e5e5;\" decoding=\"async\" width=\"610\" height=\"768\" sizes=\"(max-width: 610px) 100vw, 610px\" src=\"http:\/\/noticiasbahia360.com.br\/wp-content\/uploads\/2025\/06\/Documento-enviado-pela-Prefeitura-de-Barueri-610x768-1.jpg\" alt=\"Documento enviado pela Prefeitura de Barueri\" class=\"wp-image-569818 not-transparent\" srcset=\"https:\/\/uploads.acordacidade.com.br\/2025\/06\/Documento-enviado-pela-Prefeitura-de-Barueri-290x365.jpg 290w, http:\/\/noticiasbahia360.com.br\/wp-content\/uploads\/2025\/06\/Documento-enviado-pela-Prefeitura-de-Barueri-610x768-1.jpg 610w, https:\/\/uploads.acordacidade.com.br\/2025\/06\/Documento-enviado-pela-Prefeitura-de-Barueri-439x553.jpg 439w, https:\/\/uploads.acordacidade.com.br\/2025\/06\/Documento-enviado-pela-Prefeitura-de-Barueri-150x189.jpg 150w, https:\/\/uploads.acordacidade.com.br\/2025\/06\/Documento-enviado-pela-Prefeitura-de-Barueri.jpg 1200w\"><figcaption class=\"wp-element-caption\">Documento enviado pela Prefeitura de Barueri mostra a emenda de R$ 2,2 milh\u00f5es enviado pelo deputado do MDB \u00e0 cidade para recapeamento | Foto: Reprodu\u00e7\u00e3o<\/p>\n<\/figcaption><\/figure>\n<p><em>Fonte: g1<\/em><\/p>\n<p><em>Siga o Acorda Cidade no<\/em><a href=\"https:\/\/news.google.com\/search?q=acorda%20cidade&amp;hl=pt-BR&amp;gl=BR&amp;ceid=BR%3Apt-419\"><strong><em>\u00a0Google Not\u00edcias<\/em><\/strong><\/a><em>\u00a0e receba os principais destaques do dia. Participe tamb\u00e9m dos nossos canais no\u00a0<\/em><a href=\"https:\/\/www.whatsapp.com\/channel\/0029Va6Rb4v3WHTNnsh8WI3N\"><strong><em>WhatsApp<\/em><\/strong><\/a><em>\u00a0e\u00a0<\/em><a href=\"https:\/\/www.youtube.com\/@acordacidadenoticias\/videos\"><strong>Youtube<\/strong><\/a><em>\u00a0e grupo de\u00a0<\/em><a href=\"https:\/\/t.me\/+sSz0khrgARA0ZmRh\"><strong><em>Telegram<\/em><\/strong><\/a><em>.<\/em><\/p>\n<\/div>\n","protected":false},"excerpt":{"rendered":"<div>\n<div>\n<figure><img decoding=\"async\" src=\"https:\/\/uploads.acordacidade.com.br\/2025\/06\/Simone-Mendes-270625.jpg\" alt=\"Briga entre deputado e fam\u00edlia de Simone Mendes revelou emenda para recapear condom\u00ednio de luxo em SP\"><figcaption>A cantora Simone Mendes e o marido, Kak\u00e1 Diniz, vizinhos de condom\u00ednio do deputado F\u00e1bio Teruel (MDB) | Foto: Reprodu\u00e7\u00e3o\/Instagram<\/p>\n<\/figcaption><\/figure>\n<\/div>\n<p>F\u00e1bio Teruel (MDB) publicou nas redes sociais uma bronca na cantora e no marido, revelando que tamb\u00e9m mora na chamada &#8220;Beverly Hills paulista&#8221;, o condom\u00ednio das celebridades.<\/p><\/div>\n","protected":false},"author":1,"featured_media":91336,"comment_status":"closed","ping_status":"closed","sticky":false,"template":"","format":"gallery","meta":{"footnotes":""},"categories":[8,9,6,57,56,10],"tags":[],"class_list":["post-91335","post","type-post","status-publish","format-gallery","has-post-thumbnail","hentry","category-bahia","category-brasil","category-feira-de-santana","category-mundo","category-policia","category-politica","post_format-post-format-gallery"],"featured_image_urls":{"full":["https:\/\/noticiasbahia360.com.br\/wp-content\/uploads\/2025\/06\/Simone-Mendes-270625.jpg",1200,699,false],"thumbnail":["https:\/\/noticiasbahia360.com.br\/wp-content\/uploads\/2025\/06\/Simone-Mendes-270625-150x150.jpg",150,150,true],"medium":["https:\/\/noticiasbahia360.com.br\/wp-content\/uploads\/2025\/06\/Simone-Mendes-270625-300x175.jpg",300,175,true],"medium_large":["https:\/\/noticiasbahia360.com.br\/wp-content\/uploads\/2025\/06\/Simone-Mendes-270625-768x447.jpg",640,373,true],"large":["https:\/\/noticiasbahia360.com.br\/wp-content\/uploads\/2025\/06\/Simone-Mendes-270625-1024x596.jpg",640,373,true],"1536x1536":["https:\/\/noticiasbahia360.com.br\/wp-content\/uploads\/2025\/06\/Simone-Mendes-270625.jpg",1200,699,false],"2048x2048":["https:\/\/noticiasbahia360.com.br\/wp-content\/uploads\/2025\/06\/Simone-Mendes-270625.jpg",1200,699,false],"chromenews-featured":["https:\/\/noticiasbahia360.com.br\/wp-content\/uploads\/2025\/06\/Simone-Mendes-270625-1024x596.jpg",1024,596,true],"chromenews-large":["https:\/\/noticiasbahia360.com.br\/wp-content\/uploads\/2025\/06\/Simone-Mendes-270625-825x575.jpg",825,575,true],"chromenews-medium":["https:\/\/noticiasbahia360.com.br\/wp-content\/uploads\/2025\/06\/Simone-Mendes-270625-590x410.jpg",590,410,true]},"author_info":{"display_name":"noticiasbahia360.com.br","author_link":"https:\/\/noticiasbahia360.com.br\/?author=1"},"category_info":"<a href=\"https:\/\/noticiasbahia360.com.br\/?cat=8\" rel=\"category\">Bahia<\/a> <a href=\"https:\/\/noticiasbahia360.com.br\/?cat=9\" rel=\"category\">Brasil<\/a> <a href=\"https:\/\/noticiasbahia360.com.br\/?cat=6\" rel=\"category\">Feira de Santana<\/a> <a href=\"https:\/\/noticiasbahia360.com.br\/?cat=57\" rel=\"category\">Mundo<\/a> <a href=\"https:\/\/noticiasbahia360.com.br\/?cat=56\" rel=\"category\">Pol\u00edcia<\/a> <a href=\"https:\/\/noticiasbahia360.com.br\/?cat=10\" rel=\"category\">Pol\u00edtica<\/a>","tag_info":"Pol\u00edtica","comment_count":"0","_links":{"self":[{"href":"https:\/\/noticiasbahia360.com.br\/index.php?rest_route=\/wp\/v2\/posts\/91335","targetHints":{"allow":["GET"]}}],"collection":[{"href":"https:\/\/noticiasbahia360.com.br\/index.php?rest_route=\/wp\/v2\/posts"}],"about":[{"href":"https:\/\/noticiasbahia360.com.br\/index.php?rest_route=\/wp\/v2\/types\/post"}],"author":[{"embeddable":true,"href":"https:\/\/noticiasbahia360.com.br\/index.php?rest_route=\/wp\/v2\/users\/1"}],"replies":[{"embeddable":true,"href":"https:\/\/noticiasbahia360.com.br\/index.php?rest_route=%2Fwp%2Fv2%2Fcomments&post=91335"}],"version-history":[{"count":0,"href":"https:\/\/noticiasbahia360.com.br\/index.php?rest_route=\/wp\/v2\/posts\/91335\/revisions"}],"wp:featuredmedia":[{"embeddable":true,"href":"https:\/\/noticiasbahia360.com.br\/index.php?rest_route=\/wp\/v2\/media\/91336"}],"wp:attachment":[{"href":"https:\/\/noticiasbahia360.com.br\/index.php?rest_route=%2Fwp%2Fv2%2Fmedia&parent=91335"}],"wp:term":[{"taxonomy":"category","embeddable":true,"href":"https:\/\/noticiasbahia360.com.br\/index.php?rest_route=%2Fwp%2Fv2%2Fcategories&post=91335"},{"taxonomy":"post_tag","embeddable":true,"href":"https:\/\/noticiasbahia360.com.br\/index.php?rest_route=%2Fwp%2Fv2%2Ftags&post=91335"}],"curies":[{"name":"wp","href":"https:\/\/api.w.org\/{rel}","templated":true}]}}