{"id":91344,"date":"2025-06-27T18:19:33","date_gmt":"2025-06-27T21:19:33","guid":{"rendered":"https:\/\/noticiasbahia360.com.br\/?p=91344"},"modified":"2025-06-27T18:19:33","modified_gmt":"2025-06-27T21:19:33","slug":"bandeira-tarifaria-em-julho-seguira-vermelha-patamar-1-coelba-reforca-dicas-de-economia-para-reduzir-o-impacto-na-conta","status":"publish","type":"post","link":"https:\/\/noticiasbahia360.com.br\/?p=91344","title":{"rendered":"Bandeira Tarif\u00e1ria em julho seguir\u00e1 Vermelha Patamar 1; Coelba refor\u00e7a dicas de economia para reduzir o impacto na conta"},"content":{"rendered":"<div>\n<div>\n<figure><img decoding=\"async\" src=\"http:\/\/noticiasbahia360.com.br\/wp-content\/uploads\/2025\/06\/Coelba-reforca-dicas-de-economia-para-reduzir-o-impacto-na-conta.jpg\" alt=\"Coelba refor\u00e7a dicas de economia para reduzir o impacto na conta\"><figcaption>Foto: Ascom\/Coelba<\/figcaption><\/figure>\n<\/div>\n<p>A Bandeira Tarif\u00e1ria continuar\u00e1 vermelha, patamar 1, no m\u00eas de julho, de acordo com a Ag\u00eancia Nacional de Energia El\u00e9trica (<a href=\"https:\/\/www.acordacidade.com.br\/tag\/aneel\/\">Aneel<\/a>). O \u00f3rg\u00e3o confirmou, nesta sexta-feira (27), que o adicional de R$ 4,46 para cada 100 quilowatts-hora (kWh) consumidos permanecer\u00e1 no pr\u00f3ximo m\u00eas. A decis\u00e3o ocorre devido \u00e0 continuidade do baixo volume de chuvas e \u00e0s condi\u00e7\u00f5es menos favor\u00e1veis dos reservat\u00f3rios, o que impacta diretamente na gera\u00e7\u00e3o de <a href=\"https:\/\/www.acordacidade.com.br\/tag\/energia\/\">energia<\/a>.<\/p>\n<p>Com a <a href=\"https:\/\/www.acordacidade.com.br\/tag\/bandeira-vermelha\/\">Bandeira Vermelha<\/a>, a Neoenergia Coelba chama ainda mais aten\u00e7\u00e3o para a necessidade de um consumo consciente de energia el\u00e9trica. Al\u00e9m da <a href=\"https:\/\/www.acordacidade.com.br\/tag\/economia\/\">economia <\/a>financeira, o cliente contribui com o meio ambiente, evitando desperd\u00edcios com a ado\u00e7\u00e3o de pequenas mudan\u00e7as de h\u00e1bitos que o transformam em um consumidor mais respons\u00e1vel.<\/p>\n<p><strong>Confira algumas dicas para economizar na conta:<\/strong><\/p>\n<h2 class=\"wp-block-heading\" id=\"h-ar-condicionado-e-ventilador\">Ar-condicionado e ventilador<\/h2>\n<p>Mesmo em per\u00edodos mais amenos, como julho, muitas pessoas continuam usando ar-condicionado, que est\u00e1 entre os aparelhos que mais consomem energia em resid\u00eancias. Para garantir o uso eficiente, a Neoenergia Coelba recomenda manter a temperatura entre 23\u00baC e 25\u00baC e programar o desligamento autom\u00e1tico durante a madrugada. Outra op\u00e7\u00e3o \u00e9 optar por aparelhos com <a href=\"https:\/\/www.acordacidade.com.br\/tag\/tecnologia\/\">tecnologia <\/a>Inverter, que s\u00e3o at\u00e9 60% mais econ\u00f4micos por evitarem picos de energia.<\/p>\n<p>Na hora da compra, prefira equipamentos com Selo Procel ou categoria A de <a href=\"https:\/\/www.acordacidade.com.br\/tag\/consumo\/\">consumo<\/a>. A instala\u00e7\u00e3o deve ser feita no alto da parede e em paralelo ao lado maior do c\u00f4modo. Tamb\u00e9m \u00e9 essencial manter a manuten\u00e7\u00e3o em dia e limpar filtros e sa\u00eddas de ar a cada duas semanas.<\/p>\n<p>Ap\u00f3s a refrigera\u00e7\u00e3o do espa\u00e7o, ventiladores de teto podem ser usados para manter o ambiente agrad\u00e1vel com menor consumo. Vale lembrar: quanto maior a velocidade, maior o consumo.<\/p>\n<h2 class=\"wp-block-heading\" id=\"h-chuveiro-eletrico\">Chuveiro el\u00e9trico<\/h2>\n<p>Prefira banhos curtos e utilize o aparelho na op\u00e7\u00e3o \u201cver\u00e3o\u201d, que consome at\u00e9 30% menos energia. Desligue a \u00e1gua enquanto se ensaboa e use sempre resist\u00eancias originais, pois as inadequadas podem aumentar o consumo e trazer riscos. Se poss\u00edvel, considere a substitui\u00e7\u00e3o por um aquecedor solar t\u00e9rmico.<\/p>\n<h2 class=\"wp-block-heading\" id=\"h-geladeiras\">Geladeiras<\/h2>\n<p>Evite colocar alimentos quentes dentro da geladeira e verifique com frequ\u00eancia a borracha de veda\u00e7\u00e3o. O aparelho deve ficar a pelo menos 10 cm de dist\u00e2ncia da parede. Abra a porta o m\u00ednimo poss\u00edvel e por tempo reduzido para evitar sobrecarga no motor.<\/p>\n<h2 class=\"wp-block-heading\" id=\"h-iluminacao-natural-e-uso-de-led\">Ilumina\u00e7\u00e3o natural e uso de LED<\/h2>\n<p>Aproveite ao m\u00e1ximo a luz natural, mantendo cortinas e janelas abertas durante o dia. Apague as luzes dos c\u00f4modos desocupados e prefira as l\u00e2mpadas de LED, que consomem cerca de 40% menos energia. Al\u00e9m da economia, o LED tem vida \u00fatil maior (em m\u00e9dia 25 mil horas) e n\u00e3o cont\u00e9m subst\u00e2ncias t\u00f3xicas, como o merc\u00fario presente em l\u00e2mpadas fluorescentes.<\/p>\n<p><em>Siga o Acorda Cidade no<\/em><a href=\"https:\/\/news.google.com\/search?q=acorda%20cidade&amp;hl=pt-BR&amp;gl=BR&amp;ceid=BR%3Apt-419\"><strong><em>\u00a0Google Not\u00edcias<\/em><\/strong><\/a><em>\u00a0e receba os principais destaques do dia. Participe tamb\u00e9m dos nossos canais no\u00a0<\/em><a href=\"https:\/\/www.whatsapp.com\/channel\/0029Va6Rb4v3WHTNnsh8WI3N\"><strong><em>WhatsApp<\/em><\/strong><\/a><em>\u00a0e\u00a0<\/em><a href=\"https:\/\/www.youtube.com\/@acordacidadenoticias\/videos\"><strong>Youtube<\/strong><\/a><em>\u00a0e grupo de\u00a0<\/em><a href=\"https:\/\/t.me\/+sSz0khrgARA0ZmRh\"><strong><em>Telegram<\/em><\/strong><\/a><em>.<\/em><\/p>\n<\/div>\n","protected":false},"excerpt":{"rendered":"<div>\n<div>\n<figure><img decoding=\"async\" src=\"https:\/\/uploads.acordacidade.com.br\/2025\/06\/Coelba-reforca-dicas-de-economia-para-reduzir-o-impacto-na-conta.jpg\" alt=\"Coelba refor\u00e7a dicas de economia para reduzir o impacto na conta\"><figcaption>Foto: Ascom\/Coelba<\/figcaption><\/figure>\n<\/div>\n<p>A distribuidora acende alerta para a import\u00e2ncia de um consumo consciente, especialmente nesse per\u00edodo<\/p><\/div>\n","protected":false},"author":1,"featured_media":91345,"comment_status":"closed","ping_status":"closed","sticky":false,"template":"","format":"gallery","meta":{"footnotes":""},"categories":[8,9,6,57,56,10],"tags":[],"class_list":["post-91344","post","type-post","status-publish","format-gallery","has-post-thumbnail","hentry","category-bahia","category-brasil","category-feira-de-santana","category-mundo","category-policia","category-politica","post_format-post-format-gallery"],"featured_image_urls":{"full":["https:\/\/noticiasbahia360.com.br\/wp-content\/uploads\/2025\/06\/Coelba-reforca-dicas-de-economia-para-reduzir-o-impacto-na-conta.jpg",1200,901,false],"thumbnail":["https:\/\/noticiasbahia360.com.br\/wp-content\/uploads\/2025\/06\/Coelba-reforca-dicas-de-economia-para-reduzir-o-impacto-na-conta-150x150.jpg",150,150,true],"medium":["https:\/\/noticiasbahia360.com.br\/wp-content\/uploads\/2025\/06\/Coelba-reforca-dicas-de-economia-para-reduzir-o-impacto-na-conta-300x225.jpg",300,225,true],"medium_large":["https:\/\/noticiasbahia360.com.br\/wp-content\/uploads\/2025\/06\/Coelba-reforca-dicas-de-economia-para-reduzir-o-impacto-na-conta-768x577.jpg",640,481,true],"large":["https:\/\/noticiasbahia360.com.br\/wp-content\/uploads\/2025\/06\/Coelba-reforca-dicas-de-economia-para-reduzir-o-impacto-na-conta-1024x769.jpg",640,481,true],"1536x1536":["https:\/\/noticiasbahia360.com.br\/wp-content\/uploads\/2025\/06\/Coelba-reforca-dicas-de-economia-para-reduzir-o-impacto-na-conta.jpg",1200,901,false],"2048x2048":["https:\/\/noticiasbahia360.com.br\/wp-content\/uploads\/2025\/06\/Coelba-reforca-dicas-de-economia-para-reduzir-o-impacto-na-conta.jpg",1200,901,false],"chromenews-featured":["https:\/\/noticiasbahia360.com.br\/wp-content\/uploads\/2025\/06\/Coelba-reforca-dicas-de-economia-para-reduzir-o-impacto-na-conta-1024x769.jpg",1024,769,true],"chromenews-large":["https:\/\/noticiasbahia360.com.br\/wp-content\/uploads\/2025\/06\/Coelba-reforca-dicas-de-economia-para-reduzir-o-impacto-na-conta-825x575.jpg",825,575,true],"chromenews-medium":["https:\/\/noticiasbahia360.com.br\/wp-content\/uploads\/2025\/06\/Coelba-reforca-dicas-de-economia-para-reduzir-o-impacto-na-conta-590x410.jpg",590,410,true]},"author_info":{"display_name":"noticiasbahia360.com.br","author_link":"https:\/\/noticiasbahia360.com.br\/?author=1"},"category_info":"<a href=\"https:\/\/noticiasbahia360.com.br\/?cat=8\" rel=\"category\">Bahia<\/a> <a href=\"https:\/\/noticiasbahia360.com.br\/?cat=9\" rel=\"category\">Brasil<\/a> <a href=\"https:\/\/noticiasbahia360.com.br\/?cat=6\" rel=\"category\">Feira de Santana<\/a> <a href=\"https:\/\/noticiasbahia360.com.br\/?cat=57\" rel=\"category\">Mundo<\/a> <a href=\"https:\/\/noticiasbahia360.com.br\/?cat=56\" rel=\"category\">Pol\u00edcia<\/a> <a href=\"https:\/\/noticiasbahia360.com.br\/?cat=10\" rel=\"category\">Pol\u00edtica<\/a>","tag_info":"Pol\u00edtica","comment_count":"0","_links":{"self":[{"href":"https:\/\/noticiasbahia360.com.br\/index.php?rest_route=\/wp\/v2\/posts\/91344","targetHints":{"allow":["GET"]}}],"collection":[{"href":"https:\/\/noticiasbahia360.com.br\/index.php?rest_route=\/wp\/v2\/posts"}],"about":[{"href":"https:\/\/noticiasbahia360.com.br\/index.php?rest_route=\/wp\/v2\/types\/post"}],"author":[{"embeddable":true,"href":"https:\/\/noticiasbahia360.com.br\/index.php?rest_route=\/wp\/v2\/users\/1"}],"replies":[{"embeddable":true,"href":"https:\/\/noticiasbahia360.com.br\/index.php?rest_route=%2Fwp%2Fv2%2Fcomments&post=91344"}],"version-history":[{"count":0,"href":"https:\/\/noticiasbahia360.com.br\/index.php?rest_route=\/wp\/v2\/posts\/91344\/revisions"}],"wp:featuredmedia":[{"embeddable":true,"href":"https:\/\/noticiasbahia360.com.br\/index.php?rest_route=\/wp\/v2\/media\/91345"}],"wp:attachment":[{"href":"https:\/\/noticiasbahia360.com.br\/index.php?rest_route=%2Fwp%2Fv2%2Fmedia&parent=91344"}],"wp:term":[{"taxonomy":"category","embeddable":true,"href":"https:\/\/noticiasbahia360.com.br\/index.php?rest_route=%2Fwp%2Fv2%2Fcategories&post=91344"},{"taxonomy":"post_tag","embeddable":true,"href":"https:\/\/noticiasbahia360.com.br\/index.php?rest_route=%2Fwp%2Fv2%2Ftags&post=91344"}],"curies":[{"name":"wp","href":"https:\/\/api.w.org\/{rel}","templated":true}]}}