{"id":91346,"date":"2025-06-27T19:14:57","date_gmt":"2025-06-27T22:14:57","guid":{"rendered":"https:\/\/noticiasbahia360.com.br\/?p=91346"},"modified":"2025-06-27T19:14:57","modified_gmt":"2025-06-27T22:14:57","slug":"dois-homens-morrem-apos-trocarem-tiros-com-a-rondesp-leste-em-feira-de-santana-armas-e-drogas-foram-apreendidas","status":"publish","type":"post","link":"https:\/\/noticiasbahia360.com.br\/?p=91346","title":{"rendered":"Dois homens morrem ap\u00f3s trocarem tiros com a Rondesp Leste em Feira de Santana; armas e drogas foram apreendidas"},"content":{"rendered":"<div>\n<div>\n<figure><img decoding=\"async\" src=\"http:\/\/noticiasbahia360.com.br\/wp-content\/uploads\/2025\/06\/Dois-homens-morrem-apos-trocarem-tiros-com-a-Rondesp-Leste-em-Feira-de-Santana.jpg\" alt=\"Dois homens morrem ap\u00f3s trocarem tiros com a Rondesp Leste em Feira de Santana\"><figcaption>Foto: Ed Santos\/Acorda Cidade<\/figcaption><\/figure>\n<\/div>\n<p>Dois homens morreram ap\u00f3s trocar tiros com policiais da Rondesp Leste, por volta das 11h da manh\u00e3 desta sexta-feira (27). Os policiais faziam rondas na Rua Her\u00e1clito de Carvalho, no bairro Rua Nova, em <a href=\"https:\/\/www.acordacidade.com.br\/feira-de-santana\/\">Feira de Santana<\/a>, quando avistaram seis homens armados. Ao se aproximarem, os suspeitos correram em dire\u00e7\u00e3o ao \u201cBeco de Pona\u201d e atiraram contra os policiais.<\/p>\n<p>A pol\u00edcia informou ainda que os homens invadiram casas de populares e pularam muros na tentativa de fugir. Ap\u00f3s cessarem os disparos, dois homens foram encontrados ao solo, cada um portando um rev\u00f3lver calibre .38. <\/p>\n<p>Eles foram identificados como Victor Gabriel de Almeida Moreira, de 21 anos, e Kauan Costa Peixoto Silva, tamb\u00e9m de 21 anos. Ambos chegaram a ser socorridos ao <a href=\"https:\/\/www.acordacidade.com.br\/tag\/hospital-geral-cleriston-andrade\/\">Hospital Geral Cl\u00e9riston Andrade<\/a>, mas n\u00e3o resistiram aos ferimentos. Os outros suspeitos conseguiram fugir. <\/p>\n<p>Segundo a <a href=\"https:\/\/www.acordacidade.com.br\/tag\/policia-civil\/\">Pol\u00edcia Civil<\/a>, Victor Gabriel de Almeida Moreira tinha registro de envolvimento em crime de homic\u00eddio, por ter levado a v\u00edtima at\u00e9 o local do crime. J\u00e1 Kauan Costa Peixoto Silva, respondia a inqu\u00e9rito policial por tr\u00e1fico de drogas. Os dois moravam no <a href=\"https:\/\/www.acordacidade.com.br\/tag\/bairro-rua-nova\/\">bairro Rua Nova<\/a>.<\/p>\n<h2 class=\"wp-block-heading\" id=\"h-apreensoes\">Apreens\u00f5es<\/h2>\n<p>Durante a a\u00e7\u00e3o policial, foram apreendidos em poder dos dois homens que morreram:<\/p>\n<ul class=\"wp-block-list\">\n<li>2 rev\u00f3lveres calibre .38 (sendo um deles com numera\u00e7\u00e3o suprimida);<\/li>\n<li>5 muni\u00e7\u00f5es calibre .38;<\/li>\n<li>6 estojos de muni\u00e7\u00e3o calibre .38;<\/li>\n<li>24 pedras de subst\u00e2ncia semelhante a crack;<\/li>\n<li>8 por\u00e7\u00f5es de subst\u00e2ncia semelhante \u00e0 <a href=\"https:\/\/www.acordacidade.com.br\/tag\/maconha\/\">maconha<\/a>;<\/li>\n<li>31 por\u00e7\u00f5es de subst\u00e2ncia semelhante \u00e0 <a href=\"https:\/\/www.acordacidade.com.br\/tag\/cocaina\/\">coca\u00edna<\/a>;<\/li>\n<li>R$ 127,00 (cento e vinte e sete reais);<\/li>\n<li>1 aparelho celular.<\/li>\n<\/ul>\n<p><em>Siga o Acorda Cidade no<\/em><a href=\"https:\/\/news.google.com\/search?q=acorda%20cidade&amp;hl=pt-BR&amp;gl=BR&amp;ceid=BR%3Apt-419\"><strong><em>\u00a0Google Not\u00edcias<\/em><\/strong><\/a><em>\u00a0e receba os principais destaques do dia. Participe tamb\u00e9m dos nossos canais no\u00a0<\/em><a href=\"https:\/\/www.whatsapp.com\/channel\/0029Va6Rb4v3WHTNnsh8WI3N\"><strong><em>WhatsApp<\/em><\/strong><\/a><em>\u00a0e\u00a0<\/em><a href=\"https:\/\/www.youtube.com\/@acordacidadenoticias\/videos\"><strong>Youtube<\/strong><\/a><em>\u00a0e grupo de\u00a0<\/em><a href=\"https:\/\/t.me\/+sSz0khrgARA0ZmRh\"><strong><em>Telegram<\/em><\/strong><\/a><em>.<\/em><\/p>\n<\/div>\n","protected":false},"excerpt":{"rendered":"<div>\n<div>\n<figure><img decoding=\"async\" src=\"https:\/\/uploads.acordacidade.com.br\/2025\/06\/Dois-homens-morrem-apos-trocarem-tiros-com-a-Rondesp-Leste-em-Feira-de-Santana.jpg\" alt=\"Dois homens morrem ap\u00f3s trocarem tiros com a Rondesp Leste em Feira de Santana\"><figcaption>Foto: Ed Santos\/Acorda Cidade<\/figcaption><\/figure>\n<\/div>\n<p>Os dois moravam no bairro Rua Nova.<\/p><\/div>\n","protected":false},"author":1,"featured_media":91347,"comment_status":"closed","ping_status":"closed","sticky":false,"template":"","format":"gallery","meta":{"footnotes":""},"categories":[8,9,6,57,56,10],"tags":[],"class_list":["post-91346","post","type-post","status-publish","format-gallery","has-post-thumbnail","hentry","category-bahia","category-brasil","category-feira-de-santana","category-mundo","category-policia","category-politica","post_format-post-format-gallery"],"featured_image_urls":{"full":["https:\/\/noticiasbahia360.com.br\/wp-content\/uploads\/2025\/06\/Dois-homens-morrem-apos-trocarem-tiros-com-a-Rondesp-Leste-em-Feira-de-Santana.jpg",1200,675,false],"thumbnail":["https:\/\/noticiasbahia360.com.br\/wp-content\/uploads\/2025\/06\/Dois-homens-morrem-apos-trocarem-tiros-com-a-Rondesp-Leste-em-Feira-de-Santana-150x150.jpg",150,150,true],"medium":["https:\/\/noticiasbahia360.com.br\/wp-content\/uploads\/2025\/06\/Dois-homens-morrem-apos-trocarem-tiros-com-a-Rondesp-Leste-em-Feira-de-Santana-300x169.jpg",300,169,true],"medium_large":["https:\/\/noticiasbahia360.com.br\/wp-content\/uploads\/2025\/06\/Dois-homens-morrem-apos-trocarem-tiros-com-a-Rondesp-Leste-em-Feira-de-Santana-768x432.jpg",640,360,true],"large":["https:\/\/noticiasbahia360.com.br\/wp-content\/uploads\/2025\/06\/Dois-homens-morrem-apos-trocarem-tiros-com-a-Rondesp-Leste-em-Feira-de-Santana-1024x576.jpg",640,360,true],"1536x1536":["https:\/\/noticiasbahia360.com.br\/wp-content\/uploads\/2025\/06\/Dois-homens-morrem-apos-trocarem-tiros-com-a-Rondesp-Leste-em-Feira-de-Santana.jpg",1200,675,false],"2048x2048":["https:\/\/noticiasbahia360.com.br\/wp-content\/uploads\/2025\/06\/Dois-homens-morrem-apos-trocarem-tiros-com-a-Rondesp-Leste-em-Feira-de-Santana.jpg",1200,675,false],"chromenews-featured":["https:\/\/noticiasbahia360.com.br\/wp-content\/uploads\/2025\/06\/Dois-homens-morrem-apos-trocarem-tiros-com-a-Rondesp-Leste-em-Feira-de-Santana-1024x576.jpg",1024,576,true],"chromenews-large":["https:\/\/noticiasbahia360.com.br\/wp-content\/uploads\/2025\/06\/Dois-homens-morrem-apos-trocarem-tiros-com-a-Rondesp-Leste-em-Feira-de-Santana-825x575.jpg",825,575,true],"chromenews-medium":["https:\/\/noticiasbahia360.com.br\/wp-content\/uploads\/2025\/06\/Dois-homens-morrem-apos-trocarem-tiros-com-a-Rondesp-Leste-em-Feira-de-Santana-590x410.jpg",590,410,true]},"author_info":{"display_name":"noticiasbahia360.com.br","author_link":"https:\/\/noticiasbahia360.com.br\/?author=1"},"category_info":"<a href=\"https:\/\/noticiasbahia360.com.br\/?cat=8\" rel=\"category\">Bahia<\/a> <a href=\"https:\/\/noticiasbahia360.com.br\/?cat=9\" rel=\"category\">Brasil<\/a> <a href=\"https:\/\/noticiasbahia360.com.br\/?cat=6\" rel=\"category\">Feira de Santana<\/a> <a href=\"https:\/\/noticiasbahia360.com.br\/?cat=57\" rel=\"category\">Mundo<\/a> <a href=\"https:\/\/noticiasbahia360.com.br\/?cat=56\" rel=\"category\">Pol\u00edcia<\/a> <a href=\"https:\/\/noticiasbahia360.com.br\/?cat=10\" rel=\"category\">Pol\u00edtica<\/a>","tag_info":"Pol\u00edtica","comment_count":"0","_links":{"self":[{"href":"https:\/\/noticiasbahia360.com.br\/index.php?rest_route=\/wp\/v2\/posts\/91346","targetHints":{"allow":["GET"]}}],"collection":[{"href":"https:\/\/noticiasbahia360.com.br\/index.php?rest_route=\/wp\/v2\/posts"}],"about":[{"href":"https:\/\/noticiasbahia360.com.br\/index.php?rest_route=\/wp\/v2\/types\/post"}],"author":[{"embeddable":true,"href":"https:\/\/noticiasbahia360.com.br\/index.php?rest_route=\/wp\/v2\/users\/1"}],"replies":[{"embeddable":true,"href":"https:\/\/noticiasbahia360.com.br\/index.php?rest_route=%2Fwp%2Fv2%2Fcomments&post=91346"}],"version-history":[{"count":0,"href":"https:\/\/noticiasbahia360.com.br\/index.php?rest_route=\/wp\/v2\/posts\/91346\/revisions"}],"wp:featuredmedia":[{"embeddable":true,"href":"https:\/\/noticiasbahia360.com.br\/index.php?rest_route=\/wp\/v2\/media\/91347"}],"wp:attachment":[{"href":"https:\/\/noticiasbahia360.com.br\/index.php?rest_route=%2Fwp%2Fv2%2Fmedia&parent=91346"}],"wp:term":[{"taxonomy":"category","embeddable":true,"href":"https:\/\/noticiasbahia360.com.br\/index.php?rest_route=%2Fwp%2Fv2%2Fcategories&post=91346"},{"taxonomy":"post_tag","embeddable":true,"href":"https:\/\/noticiasbahia360.com.br\/index.php?rest_route=%2Fwp%2Fv2%2Ftags&post=91346"}],"curies":[{"name":"wp","href":"https:\/\/api.w.org\/{rel}","templated":true}]}}