{"id":91348,"date":"2025-06-27T20:00:19","date_gmt":"2025-06-27T23:00:19","guid":{"rendered":"https:\/\/noticiasbahia360.com.br\/?p=91348"},"modified":"2025-06-27T20:00:19","modified_gmt":"2025-06-27T23:00:19","slug":"saj-encerra-sao-joao-com-numeros-recorde-e-alto-indice-de-aprovacao-do-publico","status":"publish","type":"post","link":"https:\/\/noticiasbahia360.com.br\/?p=91348","title":{"rendered":"Saj Encerra S\u00e3o Jo\u00e3o com n\u00fameros recorde e alto \u00edndice de aprova\u00e7\u00e3o do p\u00fablico"},"content":{"rendered":"<div>\n<div>\n<figure><img decoding=\"async\" src=\"http:\/\/noticiasbahia360.com.br\/wp-content\/uploads\/2025\/06\/Saj-Aerea-sao-joao-santo-antonio-de-jesus-2025-Foto-Gamboa-.jpg\" alt=\"S\u00e3o Jo\u00e3o\"><figcaption>Foto: Gamboa <\/figcaption><\/figure>\n<\/div>\n<p><a href=\"https:\/\/www.acordacidade.com.br\/tag\/santo-antonio-de-jesus\/\">Santo Ant\u00f4nio de Jesus<\/a> se despediu de mais uma edi\u00e7\u00e3o do S\u00e3o Jo\u00e3o com um balan\u00e7o altamente positivo, consolidando a cidade como o principal destino do turismo junino na Bahia. Entre os dias 19 e 24 de junho de 2025, cerca de 700 mil pessoas passaram pelo evento ao longo dos seis dias de festa.<\/p>\n<p>De acordo com pesquisa de avalia\u00e7\u00e3o consolidada, realizada durante o per\u00edodo da festa entre os entrevistados, 98,4% afirmaram estar satisfeitos com o S\u00e3o Jo\u00e3o de SAJ, enquanto 98,7% garantiram que voltariam ou indicariam o evento, reflexo do sucesso da programa\u00e7\u00e3o, estrutura e seguran\u00e7a. A pesquisa, realizada pela equipe de Ouvidoria e Turismo, ouviu 3.659 pessoas no circuito oficial.<\/p>\n<p>O p\u00fablico foi formado majoritariamente por mulheres, que representaram 57,4%, enquanto os homens somaram 47,79% e outros perfis de g\u00eanero, 0,8%. A faixa et\u00e1ria predominante foi de adultos entre 27 e 35 anos (29%), seguida do p\u00fablico jovem entre 18 e 26 anos (27,5%), pessoas de 36 a 44 anos (24,1%), de 45 a 53 anos (13,4%) e o p\u00fablico com 54 anos ou mais (6%).<\/p>\n<p>Em rela\u00e7\u00e3o \u00e0 origem dos participantes, 37,9% eram moradores de Santo Ant\u00f4nio de Jesus, enquanto 23,2% vieram de Salvador e o restante de outras cidades do estado. Sobre a hospedagem, 31,9% ficaram em casas de amigos ou parentes, 9% optaram por alugu\u00e9is de im\u00f3veis, 6,6% ficaram em hot\u00e9is ou pousadas e 14,6% n\u00e3o pernoitaram na cidade.<\/p>\n<p>A tradi\u00e7\u00e3o segue como principal motivo para o p\u00fablico acompanhar o S\u00e3o Jo\u00e3o, apontada por 47% dos entrevistados, enquanto 27,8% souberam da festa por amigos ou parentes, 23,4% pelas redes sociais e 1,3% por r\u00e1dio ou televis\u00e3o. A avalia\u00e7\u00e3o do evento tamb\u00e9m foi positiva: 90% classificaram as atra\u00e7\u00f5es como boas ou excelentes; a estrutura recebeu 92,6% de aprova\u00e7\u00e3o, e a seguran\u00e7a foi avaliada como boa ou excelente por 92% das pessoas ouvidas.<\/p>\n<p>A secret\u00e1ria de Cultura, Turismo e Juventude, Silvia Britto, destacou a grandiosidade do evento. \u201cO S\u00e3o Jo\u00e3o de Santo Ant\u00f4nio de Jesus superou todas as expectativas e se consagrou como o melhor que j\u00e1 realizamos at\u00e9 hoje. Foram seis noites inesquec\u00edveis, com grandes atra\u00e7\u00f5es nacionais que deram um verdadeiro show de carisma e intera\u00e7\u00e3o, encantando um p\u00fablico vibrante. As atra\u00e7\u00f5es locais tamb\u00e9m brilharam, reafirmando o talento e a cultura da nossa cidade. Tudo isso s\u00f3 foi poss\u00edvel gra\u00e7as ao trabalho das equipes e ao compromisso do prefeito Genival. J\u00e1 iniciamos o planejamento do S\u00e3o Jo\u00e3o 2026, que ser\u00e1 ainda melhor\u201d, destacou.<\/p>\n<p>O prefeito Genival Deolino tamb\u00e9m comemorou os resultados. \u201cTemos um balan\u00e7o muito positivo do nosso S\u00e3o Jo\u00e3o. Milhares de forrozeiros se divertiram em uma estrutura digna de grandes festivais, com seguran\u00e7a refor\u00e7ada e sem intercorr\u00eancias graves. A aprova\u00e7\u00e3o foi alta, com quase 99% do p\u00fablico afirmando que voltaria. Agora, iniciamos o planejamento para 2026, com o compromisso de fazer uma festa ainda maior e melhor\u201d, afirmou.<\/p>\n<p>O evento tamb\u00e9m movimentou significativamente a economia local, com destaque para o setor de hospedagem, com\u00e9rcio, transporte e servi\u00e7os. A cidade j\u00e1 vive o clima junino desde o final de maio, e o calend\u00e1rio segue com a tradicionais festas de S\u00e3o Pedro de Benfica, dias 28 e 29\/06, e da Sapucaia, dias 5 e 06\/07, ambas na zona rural do munic\u00edpio, que re\u00fanem milhares de pessoas e mant\u00eam vivas as tradi\u00e7\u00f5es do Rec\u00f4ncavo.<\/p>\n<p><em>Siga o Acorda Cidade no<\/em><a href=\"https:\/\/news.google.com\/search?q=acorda%20cidade&amp;hl=pt-BR&amp;gl=BR&amp;ceid=BR%3Apt-419\"><strong><em>\u00a0Google Not\u00edcias<\/em><\/strong><\/a><em>\u00a0e receba os principais destaques do dia. Participe tamb\u00e9m dos nossos canais no\u00a0<\/em><a href=\"https:\/\/www.whatsapp.com\/channel\/0029Va6Rb4v3WHTNnsh8WI3N\"><strong><em>WhatsApp<\/em><\/strong><\/a><em>\u00a0e\u00a0<\/em><a href=\"https:\/\/www.youtube.com\/@acordacidadenoticias\/videos\"><strong>Youtube<\/strong><\/a><em>\u00a0e grupo de\u00a0<\/em><a href=\"https:\/\/t.me\/+sSz0khrgARA0ZmRh\"><strong><em>Telegram<\/em><\/strong><\/a><em>.<\/em><\/p>\n<\/div>\n","protected":false},"excerpt":{"rendered":"<div>\n<div>\n<figure><img decoding=\"async\" src=\"https:\/\/uploads.acordacidade.com.br\/2025\/06\/Saj-Aerea-sao-joao-santo-antonio-de-jesus-2025-Foto-Gamboa-.jpg\" alt=\"S\u00e3o Jo\u00e3o\"><figcaption>Foto: Gamboa <\/figcaption><\/figure>\n<\/div>\n<p>De acordo com pesquisa, realizada durante o per\u00edodo da festa entre os entrevistados, 98,4% afirmaram estar satisfeitos com o S\u00e3o Jo\u00e3o na cidade.<\/p><\/div>\n","protected":false},"author":1,"featured_media":91349,"comment_status":"closed","ping_status":"closed","sticky":false,"template":"","format":"gallery","meta":{"footnotes":""},"categories":[8,9,6,57,56,10],"tags":[],"class_list":["post-91348","post","type-post","status-publish","format-gallery","has-post-thumbnail","hentry","category-bahia","category-brasil","category-feira-de-santana","category-mundo","category-policia","category-politica","post_format-post-format-gallery"],"featured_image_urls":{"full":["https:\/\/noticiasbahia360.com.br\/wp-content\/uploads\/2025\/06\/Saj-Aerea-sao-joao-santo-antonio-de-jesus-2025-Foto-Gamboa-.jpg",1200,674,false],"thumbnail":["https:\/\/noticiasbahia360.com.br\/wp-content\/uploads\/2025\/06\/Saj-Aerea-sao-joao-santo-antonio-de-jesus-2025-Foto-Gamboa--150x150.jpg",150,150,true],"medium":["https:\/\/noticiasbahia360.com.br\/wp-content\/uploads\/2025\/06\/Saj-Aerea-sao-joao-santo-antonio-de-jesus-2025-Foto-Gamboa--300x169.jpg",300,169,true],"medium_large":["https:\/\/noticiasbahia360.com.br\/wp-content\/uploads\/2025\/06\/Saj-Aerea-sao-joao-santo-antonio-de-jesus-2025-Foto-Gamboa--768x431.jpg",640,359,true],"large":["https:\/\/noticiasbahia360.com.br\/wp-content\/uploads\/2025\/06\/Saj-Aerea-sao-joao-santo-antonio-de-jesus-2025-Foto-Gamboa--1024x575.jpg",640,359,true],"1536x1536":["https:\/\/noticiasbahia360.com.br\/wp-content\/uploads\/2025\/06\/Saj-Aerea-sao-joao-santo-antonio-de-jesus-2025-Foto-Gamboa-.jpg",1200,674,false],"2048x2048":["https:\/\/noticiasbahia360.com.br\/wp-content\/uploads\/2025\/06\/Saj-Aerea-sao-joao-santo-antonio-de-jesus-2025-Foto-Gamboa-.jpg",1200,674,false],"chromenews-featured":["https:\/\/noticiasbahia360.com.br\/wp-content\/uploads\/2025\/06\/Saj-Aerea-sao-joao-santo-antonio-de-jesus-2025-Foto-Gamboa--1024x575.jpg",1024,575,true],"chromenews-large":["https:\/\/noticiasbahia360.com.br\/wp-content\/uploads\/2025\/06\/Saj-Aerea-sao-joao-santo-antonio-de-jesus-2025-Foto-Gamboa--825x575.jpg",825,575,true],"chromenews-medium":["https:\/\/noticiasbahia360.com.br\/wp-content\/uploads\/2025\/06\/Saj-Aerea-sao-joao-santo-antonio-de-jesus-2025-Foto-Gamboa--590x410.jpg",590,410,true]},"author_info":{"display_name":"noticiasbahia360.com.br","author_link":"https:\/\/noticiasbahia360.com.br\/?author=1"},"category_info":"<a href=\"https:\/\/noticiasbahia360.com.br\/?cat=8\" rel=\"category\">Bahia<\/a> <a href=\"https:\/\/noticiasbahia360.com.br\/?cat=9\" rel=\"category\">Brasil<\/a> <a href=\"https:\/\/noticiasbahia360.com.br\/?cat=6\" rel=\"category\">Feira de Santana<\/a> <a href=\"https:\/\/noticiasbahia360.com.br\/?cat=57\" rel=\"category\">Mundo<\/a> <a href=\"https:\/\/noticiasbahia360.com.br\/?cat=56\" rel=\"category\">Pol\u00edcia<\/a> <a href=\"https:\/\/noticiasbahia360.com.br\/?cat=10\" rel=\"category\">Pol\u00edtica<\/a>","tag_info":"Pol\u00edtica","comment_count":"0","_links":{"self":[{"href":"https:\/\/noticiasbahia360.com.br\/index.php?rest_route=\/wp\/v2\/posts\/91348","targetHints":{"allow":["GET"]}}],"collection":[{"href":"https:\/\/noticiasbahia360.com.br\/index.php?rest_route=\/wp\/v2\/posts"}],"about":[{"href":"https:\/\/noticiasbahia360.com.br\/index.php?rest_route=\/wp\/v2\/types\/post"}],"author":[{"embeddable":true,"href":"https:\/\/noticiasbahia360.com.br\/index.php?rest_route=\/wp\/v2\/users\/1"}],"replies":[{"embeddable":true,"href":"https:\/\/noticiasbahia360.com.br\/index.php?rest_route=%2Fwp%2Fv2%2Fcomments&post=91348"}],"version-history":[{"count":0,"href":"https:\/\/noticiasbahia360.com.br\/index.php?rest_route=\/wp\/v2\/posts\/91348\/revisions"}],"wp:featuredmedia":[{"embeddable":true,"href":"https:\/\/noticiasbahia360.com.br\/index.php?rest_route=\/wp\/v2\/media\/91349"}],"wp:attachment":[{"href":"https:\/\/noticiasbahia360.com.br\/index.php?rest_route=%2Fwp%2Fv2%2Fmedia&parent=91348"}],"wp:term":[{"taxonomy":"category","embeddable":true,"href":"https:\/\/noticiasbahia360.com.br\/index.php?rest_route=%2Fwp%2Fv2%2Fcategories&post=91348"},{"taxonomy":"post_tag","embeddable":true,"href":"https:\/\/noticiasbahia360.com.br\/index.php?rest_route=%2Fwp%2Fv2%2Ftags&post=91348"}],"curies":[{"name":"wp","href":"https:\/\/api.w.org\/{rel}","templated":true}]}} 