{"id":91350,"date":"2025-06-27T20:24:38","date_gmt":"2025-06-27T23:24:38","guid":{"rendered":"https:\/\/noticiasbahia360.com.br\/?p=91350"},"modified":"2025-06-27T20:24:38","modified_gmt":"2025-06-27T23:24:38","slug":"inscricoes-para-curso-gratuito-de-design-de-moda-ao-publico-lgbtqia-em-feira-de-santana-comeca-neste-sabado-28","status":"publish","type":"post","link":"https:\/\/noticiasbahia360.com.br\/?p=91350","title":{"rendered":"Inscri\u00e7\u00f5es para curso gratuito de design de moda ao p\u00fablico LGBTQIA+ em Feira de Santana come\u00e7a neste s\u00e1bado (28)"},"content":{"rendered":"<div>\n<div>\n<figure><img decoding=\"async\" src=\"http:\/\/noticiasbahia360.com.br\/wp-content\/uploads\/2025\/06\/pintura-criativa-foto-divulgacao-00.jpg\" alt=\"curso\"><figcaption>Foto: Divulga\u00e7\u00e3o <\/figcaption><\/figure>\n<\/div>\n<p>O projeto\u00a0<strong>Ponto da Moda\u00a0inicia suas atividades em<\/strong>\u00a0<strong><a href=\"https:\/\/www.acordacidade.com.br\/tag\/feira-de-santana\/\">Feira de Santana<\/a>,\u00a0na<\/strong>\u00a0<strong>Bahia,<\/strong>\u00a0com o objetivo de qualificar participantes em design de moda. O curso oferece aulas te\u00f3ricas e pr\u00e1ticas, buscando revelar novos talentos, impulsionar neg\u00f3cios e preparar jovens para o mercado de trabalho.<\/p>\n<p>Esse projeto teve in\u00edcio em 2019, com a inaugura\u00e7\u00e3o da sua primeira unidade na capital paulista, na regi\u00e3o de Pinheiros. Desde ent\u00e3o, a iniciativa tem se expandido de forma cont\u00ednua, alcan\u00e7ando, at\u00e9 o final de 2022, unidades em 8 munic\u00edpios distribu\u00eddos por 5 estados brasileiros.<\/p>\n<p>Essa trajet\u00f3ria de crescimento tem sido poss\u00edvel gra\u00e7as a parcerias estrat\u00e9gicas e ao compromisso com a excel\u00eancia na forma\u00e7\u00e3o dos participantes. Ano ap\u00f3s ano, temos ampliado nossa presen\u00e7a e fortalecido nosso impacto social.<\/p>\n<p>Os resultados s\u00e3o not\u00e1veis: egressos do projeto v\u00eam se destacando no universo da moda e no setor t\u00eaxtil, com participa\u00e7\u00f5es em reality shows, editoriais de revistas europeias, desenvolvimento de novos neg\u00f3cios e conquistas como bolsas integrais em renomadas faculdades de moda do Brasil.<\/p>\n<p>Mais do que formar profissionais, o Ponto da Moda tem gerado oportunidades reais para centenas de jovens de fam\u00edlias de baixa renda. Por meio de uma forma\u00e7\u00e3o 100% gratuita, voltada \u00e0 gera\u00e7\u00e3o de renda e \u00e0 inser\u00e7\u00e3o no mercado de trabalho, temos contribu\u00eddo para a transforma\u00e7\u00e3o de vidas e a quebra de paradigmas sociais.<\/p>\n<p>Com\u00a0<strong>196 horas\u00a0<\/strong>de carga hor\u00e1ria, distribu\u00eddas ao longo de\u00a0<strong>quatro meses<\/strong>, o curso livre contar\u00e1 com quatro encontros semanais de tr\u00eas horas cada. As pessoas matriculadas ter\u00e3o acesso a equipamentos como m\u00e1quinas de costura, mesas de corte e arm\u00e1rios, al\u00e9m de materiais essenciais para o aprendizado, como tecidos e aviamentos. Entre os conte\u00fados abordados est\u00e3o Design de Moda, Cria\u00e7\u00e3o, Sustentabilidade, Modelagem, Costura e Acabamento.<\/p>\n<p>As inscri\u00e7\u00f5es estar\u00e3o abertas apartir de amanh\u00e3 (28\/6), Dia do Orgulho, at\u00e9 01 de agosto\u00a0pelo\u00a0<a href=\"https:\/\/nucleopontodamoda.com.br\/feiradesantana\/\" target=\"_blank\" rel=\"noreferrer noopener\">link,\u00a0<\/a>com entrevistas marcadas para os dias 06 e 07 de Agosto. A lista de selecionados ser\u00e1 divulgada no dia 08 de Agosto e as aulas ter\u00e3o in\u00edcio no dia 11 de Agosto<strong>.\u00a0<\/strong>O curso \u00e9 voltado para pessoas\u00a0<strong>LGBIQIA+\u00a0<\/strong>de\u00a0<strong>16 a 24 anos<\/strong>\u00a0e as vagas s\u00e3o limitadas.<\/p>\n<p>A iniciativa tem patroc\u00ednio da\u00a0<strong>Funda\u00e7\u00e3o ArcelorMittal\u00a0<\/strong>e<strong>\u00a0Belgo Arames,\u00a0<\/strong>e conta com a parceria da\u00a0<strong>Prefeitura de Feira de Santana<\/strong>,\u00a0<strong>e\u00a0<\/strong>realiza\u00e7\u00e3o do\u00a0<strong>Instituto S\u00e3o Paulo de Arte e Cultura<\/strong>\u00a0e\u00a0<strong>Minist\u00e9rio da Cultura<\/strong>, por meio da Lei Federal de Incentivo \u00e0 Cultura.<\/p>\n<p>\u201cA Funda\u00e7\u00e3o ArcelorMittal investe em projetos como o Ponto da Moda, que impulsionam o potencial de novos talentos e criam oportunidades concretas para que os jovens ingressem no mercado de trabalho\u00a0 ou desenvolvam novos neg\u00f3cios. \u00c9 um investimento no presente, para criar novas possibilidades de futuro\u201d, afirma Camila Valverde, Diretora Executiva da Funda\u00e7\u00e3o ArcelorMittal.<\/p>\n<p>Segundo Luciana Macedo, gerente de Diversidade, Inclus\u00e3o e Conex\u00f5es Sociais da Belgo Arames, ao apoiar projetos como este a empresa refor\u00e7a seu compromisso com grupos em situa\u00e7\u00e3o de vulnerabilidade nas comunidades do seu entorno. \u201cCada vez mais estamos conectando a pauta da diversidade e inclus\u00e3o com os nossos projetos sociais. Escolhemos essa capacita\u00e7\u00e3o exclusiva para pessoas LGBTQIA+ em Feira de Santana para oportunizar novas ferramentas a um p\u00fablico que muitas vezes sofre com a exclus\u00e3o social e com dificuldades de emprego formal. Com isso podem ter novas fontes de renda, uma nova profiss\u00e3o e ampliarem suas possibilidades no mercado de trabalho\u201d, completa Macedo.<\/p>\n<h3 class=\"wp-block-heading\" id=\"h-servico-ponto-da-moda\">Servi\u00e7o Ponto da Moda<\/h3>\n<p><strong>Inscri\u00e7\u00f5es:<\/strong>\u00a0De 28 de junho a\u00a0 01 de agosto|<a href=\"https:\/\/nucleopontodamoda.com.br\/feiradesantana\/\" target=\"_blank\" rel=\"noreferrer noopener\">\u00a0Inscri\u00e7\u00f5es pelo link<br \/><\/a><strong>Entrevista:<\/strong>\u00a006 e 07\u00a0de Agosto<br \/><strong>Divulga\u00e7\u00e3o dos selecionados:\u00a0<\/strong>08 de Agosto<br \/><strong>In\u00edcio das aulas:<\/strong>\u00a011 de agosto<br \/><strong>P\u00fablico:<\/strong>\u00a0Jovens de 16 a 24 anos, cursando ou com ensino m\u00e9dio conclu\u00eddo em escola p\u00fablica.<\/p>\n<p><strong>Local:<\/strong>\u00a0Cras Cidade Nova \u2013 Caminho Tanquinho s\/n<br \/><strong>Vagas limitadas<\/strong><br \/><strong>Turmas e hor\u00e1rios:<\/strong>Turma 1 | segunda a quinta | 14h-17h<br \/>Turma 2 | segunda a quinta | 18:30h-21:30h<\/p>\n<p><em>Siga o Acorda Cidade no<\/em><a href=\"https:\/\/news.google.com\/search?q=acorda%20cidade&amp;hl=pt-BR&amp;gl=BR&amp;ceid=BR%3Apt-419\"><strong><em>\u00a0Google Not\u00edcias<\/em><\/strong><\/a><em>\u00a0e receba os principais destaques do dia. Participe tamb\u00e9m dos nossos canais no\u00a0<\/em><a href=\"https:\/\/www.whatsapp.com\/channel\/0029Va6Rb4v3WHTNnsh8WI3N\"><strong><em>WhatsApp<\/em><\/strong><\/a><em>\u00a0e\u00a0<\/em><a href=\"https:\/\/www.youtube.com\/@acordacidadenoticias\/videos\"><strong>Youtube<\/strong><\/a><em>\u00a0e grupo de\u00a0<\/em><a href=\"https:\/\/t.me\/+sSz0khrgARA0ZmRh\"><strong><em>Telegram<\/em><\/strong><\/a><em>.<\/em><\/p>\n<\/div>\n","protected":false},"excerpt":{"rendered":"<div>\n<div>\n<figure><img decoding=\"async\" src=\"https:\/\/uploads.acordacidade.com.br\/2025\/06\/pintura-criativa-foto-divulgacao-00.jpg\" alt=\"curso\"><figcaption>Foto: Divulga\u00e7\u00e3o <\/figcaption><\/figure>\n<\/div>\n<p>O curso oferece aulas te\u00f3ricas e pr\u00e1ticas, e quer impulsionar neg\u00f3cios e preparar jovens para o mercado de trabalho.<\/p><\/div>\n","protected":false},"author":1,"featured_media":91351,"comment_status":"closed","ping_status":"closed","sticky":false,"template":"","format":"gallery","meta":{"footnotes":""},"categories":[8,9,6,57,56,10],"tags":[],"class_list":["post-91350","post","type-post","status-publish","format-gallery","has-post-thumbnail","hentry","category-bahia","category-brasil","category-feira-de-santana","category-mundo","category-policia","category-politica","post_format-post-format-gallery"],"featured_image_urls":{"full":["https:\/\/noticiasbahia360.com.br\/wp-content\/uploads\/2025\/06\/pintura-criativa-foto-divulgacao-00.jpg",1200,800,false],"thumbnail":["https:\/\/noticiasbahia360.com.br\/wp-content\/uploads\/2025\/06\/pintura-criativa-foto-divulgacao-00-150x150.jpg",150,150,true],"medium":["https:\/\/noticiasbahia360.com.br\/wp-content\/uploads\/2025\/06\/pintura-criativa-foto-divulgacao-00-300x200.jpg",300,200,true],"medium_large":["https:\/\/noticiasbahia360.com.br\/wp-content\/uploads\/2025\/06\/pintura-criativa-foto-divulgacao-00-768x512.jpg",640,427,true],"large":["https:\/\/noticiasbahia360.com.br\/wp-content\/uploads\/2025\/06\/pintura-criativa-foto-divulgacao-00-1024x683.jpg",640,427,true],"1536x1536":["https:\/\/noticiasbahia360.com.br\/wp-content\/uploads\/2025\/06\/pintura-criativa-foto-divulgacao-00.jpg",1200,800,false],"2048x2048":["https:\/\/noticiasbahia360.com.br\/wp-content\/uploads\/2025\/06\/pintura-criativa-foto-divulgacao-00.jpg",1200,800,false],"chromenews-featured":["https:\/\/noticiasbahia360.com.br\/wp-content\/uploads\/2025\/06\/pintura-criativa-foto-divulgacao-00-1024x683.jpg",1024,683,true],"chromenews-large":["https:\/\/noticiasbahia360.com.br\/wp-content\/uploads\/2025\/06\/pintura-criativa-foto-divulgacao-00-825x575.jpg",825,575,true],"chromenews-medium":["https:\/\/noticiasbahia360.com.br\/wp-content\/uploads\/2025\/06\/pintura-criativa-foto-divulgacao-00-590x410.jpg",590,410,true]},"author_info":{"display_name":"noticiasbahia360.com.br","author_link":"https:\/\/noticiasbahia360.com.br\/?author=1"},"category_info":"<a href=\"https:\/\/noticiasbahia360.com.br\/?cat=8\" rel=\"category\">Bahia<\/a> <a href=\"https:\/\/noticiasbahia360.com.br\/?cat=9\" rel=\"category\">Brasil<\/a> <a href=\"https:\/\/noticiasbahia360.com.br\/?cat=6\" rel=\"category\">Feira de Santana<\/a> <a href=\"https:\/\/noticiasbahia360.com.br\/?cat=57\" rel=\"category\">Mundo<\/a> <a href=\"https:\/\/noticiasbahia360.com.br\/?cat=56\" rel=\"category\">Pol\u00edcia<\/a> <a href=\"https:\/\/noticiasbahia360.com.br\/?cat=10\" rel=\"category\">Pol\u00edtica<\/a>","tag_info":"Pol\u00edtica","comment_count":"0","_links":{"self":[{"href":"https:\/\/noticiasbahia360.com.br\/index.php?rest_route=\/wp\/v2\/posts\/91350","targetHints":{"allow":["GET"]}}],"collection":[{"href":"https:\/\/noticiasbahia360.com.br\/index.php?rest_route=\/wp\/v2\/posts"}],"about":[{"href":"https:\/\/noticiasbahia360.com.br\/index.php?rest_route=\/wp\/v2\/types\/post"}],"author":[{"embeddable":true,"href":"https:\/\/noticiasbahia360.com.br\/index.php?rest_route=\/wp\/v2\/users\/1"}],"replies":[{"embeddable":true,"href":"https:\/\/noticiasbahia360.com.br\/index.php?rest_route=%2Fwp%2Fv2%2Fcomments&post=91350"}],"version-history":[{"count":0,"href":"https:\/\/noticiasbahia360.com.br\/index.php?rest_route=\/wp\/v2\/posts\/91350\/revisions"}],"wp:featuredmedia":[{"embeddable":true,"href":"https:\/\/noticiasbahia360.com.br\/index.php?rest_route=\/wp\/v2\/media\/91351"}],"wp:attachment":[{"href":"https:\/\/noticiasbahia360.com.br\/index.php?rest_route=%2Fwp%2Fv2%2Fmedia&parent=91350"}],"wp:term":[{"taxonomy":"category","embeddable":true,"href":"https:\/\/noticiasbahia360.com.br\/index.php?rest_route=%2Fwp%2Fv2%2Fcategories&post=91350"},{"taxonomy":"post_tag","embeddable":true,"href":"https:\/\/noticiasbahia360.com.br\/index.php?rest_route=%2Fwp%2Fv2%2Ftags&post=91350"}],"curies":[{"name":"wp","href":"https:\/\/api.w.org\/{rel}","templated":true}]}}