{"id":91352,"date":"2025-06-27T20:35:22","date_gmt":"2025-06-27T23:35:22","guid":{"rendered":"https:\/\/noticiasbahia360.com.br\/?p=91352"},"modified":"2025-06-27T20:35:22","modified_gmt":"2025-06-27T23:35:22","slug":"google-como-passa-roupa-geracao-z-aprende-a-cuidar-de-casa-com-a-internet","status":"publish","type":"post","link":"https:\/\/noticiasbahia360.com.br\/?p=91352","title":{"rendered":"\u201cGoogle, como passa roupa?\u201d: Gera\u00e7\u00e3o Z aprende a cuidar de casa com a Internet"},"content":{"rendered":"<div>\n<div>\n<figure><img decoding=\"async\" src=\"http:\/\/noticiasbahia360.com.br\/wp-content\/uploads\/2025\/06\/geracao-z-pessoas-jovens-usando-celular-smarthphone-internet-redes-socias-foto-divulgacao-freepik-.jpg\" alt=\"google\"><figcaption>Foto: Freepik <\/figcaption><\/figure>\n<\/div>\n<p>A Gera\u00e7\u00e3o Z, composta por jovens de at\u00e9 24 anos, \u00e9 hoje a principal faixa et\u00e1ria que mais utiliza o Google para tirar d\u00favidas e aprender a realizar tarefas b\u00e1sicas da vida dom\u00e9stica, como limpar a casa, usar um esfreg\u00e3o, fazer manuten\u00e7\u00e3o de carros ou trocar o \u00f3leo. Dados divulgados em maio de 2025 pelo\u00a0<em>Think with<a href=\"https:\/\/www.acordacidade.com.br\/tag\/google\/\"> Google<\/a><\/em>, plataforma oficial que re\u00fane pesquisas e insights sobre comportamento do consumidor e tend\u00eancias digitais, apontam que esses jovens lideram as bilh\u00f5es de buscas di\u00e1rias no site em todo o mundo.<\/p>\n<p>Essa tend\u00eancia reflete uma mudan\u00e7a cultural profunda no modo como as novas gera\u00e7\u00f5es buscam autonomia. \u201cPessoas consideradas da Gera\u00e7\u00e3o Z j\u00e1 nasceram inseridas no mundo da tecnologia, tendo acesso muito novas a celulares, tablets, notebooks, jogos eletr\u00f4nicos, entre outras plataformas que facilitaram o contato com o mundo da internet\u201d, explica a psic\u00f3loga Amanda Torres, professora da Est\u00e1cio. Segundo ela, essa exposi\u00e7\u00e3o precoce transformou a internet em uma aliada indispens\u00e1vel e, em muitos casos, em uma depend\u00eancia.<\/p>\n<p>Mais do que a busca por informa\u00e7\u00e3o, a Gera\u00e7\u00e3o Z apresenta uma busca incessante por respostas r\u00e1pidas, perfeitas e eficazes, motivada pelo medo do erro e pelo receio do julgamento social. \u201cVivemos cercados de redes sociais onde pessoas se comparam o tempo todo, desvalidam viv\u00eancias e experi\u00eancias, onde a ansiedade n\u00e3o d\u00e1 espa\u00e7o para a espera e a viv\u00eancia de processos; e o medo da autenticidade, dos julgamentos, bem como do erro, se tornam prevalentes. O que isso gera? Inseguran\u00e7a, medo de errar e, por consequ\u00eancia, a busca incessante por respostas r\u00e1pidas\u201d, afirma Amanda.<\/p>\n<p>Essa depend\u00eancia da internet para aprender tarefas b\u00e1sicas, que antes eram ensinadas no conv\u00edvio familiar, gera um fen\u00f4meno de autonomia fragilizada. \u201cH\u00e1 um desejo pela autonomia instrumental, por isso h\u00e1 uma mobiliza\u00e7\u00e3o pela busca por informa\u00e7\u00f5es b\u00e1sicas sobre atividades do dia a dia, contudo, a busca por esta autonomia estando sempre associada \u00e0 internet gera uma autonomia fragilizada, demonstrando inseguran\u00e7a subjetiva importante e medo excessivo\u201d, alerta a psic\u00f3loga.<\/p>\n<p><strong>Aprendizado familiar<\/strong><\/p>\n<p>Outro ponto importante destacado por Amanda \u00e9 o impacto emocional e social da substitui\u00e7\u00e3o do contato intergeracional \u2014 com pais, av\u00f3s e professores \u2014 pela busca solit\u00e1ria em ferramentas digitais como Google e YouTube. \u201cRecorrer a familiares, professores, entre outros, para adquirir algum aprendizado n\u00e3o diz respeito apenas \u00e0 transmiss\u00e3o e obten\u00e7\u00e3o de informa\u00e7\u00f5es, h\u00e1 tamb\u00e9m a media\u00e7\u00e3o de afetos, sentimentos de pertencimento e valida\u00e7\u00f5es. Se esses v\u00ednculos se enfraquecem, isso pode acarretar isolamento afetivo, aus\u00eancia ou empobrecimento de trocas e v\u00ednculos afetivos\u201d, explica.<\/p>\n<p>A psic\u00f3loga lembra ainda que a aus\u00eancia do contato intergeracional pode aumentar a inseguran\u00e7a e a baixa autoestima, dificultando o di\u00e1logo entre pessoas de diferentes gera\u00e7\u00f5es e ampliando sentimentos de solid\u00e3o e desamparo. \u201cReconhecendo que a media\u00e7\u00e3o humana continua sendo insubstitu\u00edvel para o amadurecimento emocional, ganho de autonomia e seguran\u00e7a\u201d, pontua.<\/p>\n<p>No Brasil, a busca por respostas na internet vai al\u00e9m do simples ato de encontrar informa\u00e7\u00f5es \u2014 tornou-se um guia essencial na jornada do consumidor. A pesquisa que acompanhou o uso da Busca Google por 14 pessoas durante dois meses em cidades como S\u00e3o Paulo, Curitiba e Recife mostra que usu\u00e1rios da gera\u00e7\u00e3o Z se sentem confiantes e guiados pela plataforma, que tamb\u00e9m ampliou seus recursos com intelig\u00eancia artificial para melhor compreender o contexto das perguntas.<\/p>\n<p>Essa transforma\u00e7\u00e3o digital expressa um movimento global, observado tamb\u00e9m nos Estados Unidos, onde o uso de plataformas como YouTube para aprender habilidades pr\u00e1ticas j\u00e1 \u00e9 consolidado. Segundo dados do Pew Research, mais da metade dos usu\u00e1rios de YouTube nos EUA usam a plataforma para \u201cdescobrir como fazer coisas que nunca fizeram antes\u201d. No TikTok, conte\u00fados sobre limpeza e cuidados dom\u00e9sticos tamb\u00e9m figuram entre os mais populares.<\/p>\n<p>A Gera\u00e7\u00e3o Z, que hoje representa cerca de 30% da popula\u00e7\u00e3o brasileira, \u00e9 a principal protagonista desse cen\u00e1rio \u2014 conectada, informada, por\u00e9m tamb\u00e9m mais ansiosa e cautelosa diante dos desafios da vida adulta.<\/p>\n<p><em>Siga o Acorda Cidade no<\/em><a href=\"https:\/\/news.google.com\/search?q=acorda%20cidade&amp;hl=pt-BR&amp;gl=BR&amp;ceid=BR%3Apt-419\"><strong><em>\u00a0Google Not\u00edcias<\/em><\/strong><\/a><em>\u00a0e receba os principais destaques do dia. Participe tamb\u00e9m dos nossos canais no\u00a0<\/em><a href=\"https:\/\/www.whatsapp.com\/channel\/0029Va6Rb4v3WHTNnsh8WI3N\"><strong><em>WhatsApp<\/em><\/strong><\/a><em>\u00a0e\u00a0<\/em><a href=\"https:\/\/www.youtube.com\/@acordacidadenoticias\/videos\"><strong>Youtube<\/strong><\/a><em>\u00a0e grupo de\u00a0<\/em><a href=\"https:\/\/t.me\/+sSz0khrgARA0ZmRh\"><strong><em>Telegram<\/em><\/strong><\/a><em>.<\/em><\/p>\n<\/div>\n","protected":false},"excerpt":{"rendered":"<div>\n<div>\n<figure><img decoding=\"async\" src=\"https:\/\/uploads.acordacidade.com.br\/2025\/06\/geracao-z-pessoas-jovens-usando-celular-smarthphone-internet-redes-socias-foto-divulgacao-freepik-.jpg\" alt=\"google\"><figcaption>Foto: Freepik <\/figcaption><\/figure>\n<\/div>\n<p>Dados divulgados pelo Google apontam que esses jovens lideram as bilh\u00f5es de buscas di\u00e1rias no site em todo o mundo.<\/p><\/div>\n","protected":false},"author":1,"featured_media":91353,"comment_status":"closed","ping_status":"closed","sticky":false,"template":"","format":"gallery","meta":{"footnotes":""},"categories":[8,9,6,57,56,10],"tags":[],"class_list":["post-91352","post","type-post","status-publish","format-gallery","has-post-thumbnail","hentry","category-bahia","category-brasil","category-feira-de-santana","category-mundo","category-policia","category-politica","post_format-post-format-gallery"],"featured_image_urls":{"full":["https:\/\/noticiasbahia360.com.br\/wp-content\/uploads\/2025\/06\/geracao-z-pessoas-jovens-usando-celular-smarthphone-internet-redes-socias-foto-divulgacao-freepik-.jpg",1200,800,false],"thumbnail":["https:\/\/noticiasbahia360.com.br\/wp-content\/uploads\/2025\/06\/geracao-z-pessoas-jovens-usando-celular-smarthphone-internet-redes-socias-foto-divulgacao-freepik--150x150.jpg",150,150,true],"medium":["https:\/\/noticiasbahia360.com.br\/wp-content\/uploads\/2025\/06\/geracao-z-pessoas-jovens-usando-celular-smarthphone-internet-redes-socias-foto-divulgacao-freepik--300x200.jpg",300,200,true],"medium_large":["https:\/\/noticiasbahia360.com.br\/wp-content\/uploads\/2025\/06\/geracao-z-pessoas-jovens-usando-celular-smarthphone-internet-redes-socias-foto-divulgacao-freepik--768x512.jpg",640,427,true],"large":["https:\/\/noticiasbahia360.com.br\/wp-content\/uploads\/2025\/06\/geracao-z-pessoas-jovens-usando-celular-smarthphone-internet-redes-socias-foto-divulgacao-freepik--1024x683.jpg",640,427,true],"1536x1536":["https:\/\/noticiasbahia360.com.br\/wp-content\/uploads\/2025\/06\/geracao-z-pessoas-jovens-usando-celular-smarthphone-internet-redes-socias-foto-divulgacao-freepik-.jpg",1200,800,false],"2048x2048":["https:\/\/noticiasbahia360.com.br\/wp-content\/uploads\/2025\/06\/geracao-z-pessoas-jovens-usando-celular-smarthphone-internet-redes-socias-foto-divulgacao-freepik-.jpg",1200,800,false],"chromenews-featured":["https:\/\/noticiasbahia360.com.br\/wp-content\/uploads\/2025\/06\/geracao-z-pessoas-jovens-usando-celular-smarthphone-internet-redes-socias-foto-divulgacao-freepik--1024x683.jpg",1024,683,true],"chromenews-large":["https:\/\/noticiasbahia360.com.br\/wp-content\/uploads\/2025\/06\/geracao-z-pessoas-jovens-usando-celular-smarthphone-internet-redes-socias-foto-divulgacao-freepik--825x575.jpg",825,575,true],"chromenews-medium":["https:\/\/noticiasbahia360.com.br\/wp-content\/uploads\/2025\/06\/geracao-z-pessoas-jovens-usando-celular-smarthphone-internet-redes-socias-foto-divulgacao-freepik--590x410.jpg",590,410,true]},"author_info":{"display_name":"noticiasbahia360.com.br","author_link":"https:\/\/noticiasbahia360.com.br\/?author=1"},"category_info":"<a href=\"https:\/\/noticiasbahia360.com.br\/?cat=8\" rel=\"category\">Bahia<\/a> <a href=\"https:\/\/noticiasbahia360.com.br\/?cat=9\" rel=\"category\">Brasil<\/a> <a href=\"https:\/\/noticiasbahia360.com.br\/?cat=6\" rel=\"category\">Feira de Santana<\/a> <a href=\"https:\/\/noticiasbahia360.com.br\/?cat=57\" rel=\"category\">Mundo<\/a> <a href=\"https:\/\/noticiasbahia360.com.br\/?cat=56\" rel=\"category\">Pol\u00edcia<\/a> <a href=\"https:\/\/noticiasbahia360.com.br\/?cat=10\" rel=\"category\">Pol\u00edtica<\/a>","tag_info":"Pol\u00edtica","comment_count":"0","_links":{"self":[{"href":"https:\/\/noticiasbahia360.com.br\/index.php?rest_route=\/wp\/v2\/posts\/91352","targetHints":{"allow":["GET"]}}],"collection":[{"href":"https:\/\/noticiasbahia360.com.br\/index.php?rest_route=\/wp\/v2\/posts"}],"about":[{"href":"https:\/\/noticiasbahia360.com.br\/index.php?rest_route=\/wp\/v2\/types\/post"}],"author":[{"embeddable":true,"href":"https:\/\/noticiasbahia360.com.br\/index.php?rest_route=\/wp\/v2\/users\/1"}],"replies":[{"embeddable":true,"href":"https:\/\/noticiasbahia360.com.br\/index.php?rest_route=%2Fwp%2Fv2%2Fcomments&post=91352"}],"version-history":[{"count":0,"href":"https:\/\/noticiasbahia360.com.br\/index.php?rest_route=\/wp\/v2\/posts\/91352\/revisions"}],"wp:featuredmedia":[{"embeddable":true,"href":"https:\/\/noticiasbahia360.com.br\/index.php?rest_route=\/wp\/v2\/media\/91353"}],"wp:attachment":[{"href":"https:\/\/noticiasbahia360.com.br\/index.php?rest_route=%2Fwp%2Fv2%2Fmedia&parent=91352"}],"wp:term":[{"taxonomy":"category","embeddable":true,"href":"https:\/\/noticiasbahia360.com.br\/index.php?rest_route=%2Fwp%2Fv2%2Fcategories&post=91352"},{"taxonomy":"post_tag","embeddable":true,"href":"https:\/\/noticiasbahia360.com.br\/index.php?rest_route=%2Fwp%2Fv2%2Ftags&post=91352"}],"curies":[{"name":"wp","href":"https:\/\/api.w.org\/{rel}","templated":true}]}}