{"id":91354,"date":"2025-06-27T20:44:50","date_gmt":"2025-06-27T23:44:50","guid":{"rendered":"https:\/\/noticiasbahia360.com.br\/?p=91354"},"modified":"2025-06-27T20:44:50","modified_gmt":"2025-06-27T23:44:50","slug":"carlos-geilson-anuncia-apoio-a-pre-candidatura-do-ex-deputado-tom","status":"publish","type":"post","link":"https:\/\/noticiasbahia360.com.br\/?p=91354","title":{"rendered":"Carlos Geilson anuncia apoio \u00e0 pr\u00e9-candidatura do ex-deputado Tom"},"content":{"rendered":"<div>\n<div>\n<figure><img decoding=\"async\" src=\"http:\/\/noticiasbahia360.com.br\/wp-content\/uploads\/2025\/06\/carlo-geilson-ex-deputado-tom-foto-reproducao-das-redes-sociais-.jpg\" alt=\"Geilson\"><figcaption>Carlos Geilson (esq.) e Tom (dir.) | Foto: Reprodu\u00e7\u00e3o \/ Redes Socias <\/figcaption><\/figure>\n<\/div>\n<p>Na tarde desta sexta-feira, 27 de junho, o ex-deputado estadual <a href=\"https:\/\/www.acordacidade.com.br\/tag\/carlos-geilson-2\/\">Carlos Geilson<\/a> anunciou oficialmente seu apoio \u00e0 pr\u00e9-candidatura do ex-deputado Tom, fortalecendo ainda mais o projeto pol\u00edtico que vem sendo constru\u00eddo em Feira de Santana.<\/p>\n<p>Carlos Geilson, que obteve 24.019 votos na elei\u00e7\u00e3o de 2022, \u00e9 atualmente o segundo suplente de deputado estadual pelo partido Solidariedade. Com trajet\u00f3ria consolidada na pol\u00edtica baiana e, sobretudo, feirense, ele declarou com entusiasmo seu engajamento na caminhada de Tom rumo \u00e0 Assembleia Legislativa.<\/p>\n<p>\u201cTom j\u00e1 foi deputado assim como eu, e em sua atua\u00e7\u00e3o foi aguerrido na defesa de Feira de Santana na Assembleia Legislativa da Bahia. Sua pr\u00e9-candidatura tem ganhado corpo e darei minha parcela de contribui\u00e7\u00e3o nessa campanha que ser\u00e1 vitoriosa\u201d, afirmou Carlos Geilson \u00e0 nossa reda\u00e7\u00e3o.<\/p>\n<p>Nos bastidores, circula a informa\u00e7\u00e3o de que Carlos Geilson deve disputar uma vaga na C\u00e2mara Federal e far\u00e1 dobradinha com o ex-deputado Tom em diversas regi\u00f5es, especialmente em Feira de Santana.<\/p>\n<p>O ex-deputado Tom comemorou o apoio recebido: \u201cO ex-deputado Carlos Geilson \u00e9 uma pessoa que tem a admira\u00e7\u00e3o de Feira e da Bahia. Foi um grande deputado estadual e contribuiu de forma significativa com Feira de Santana e com o nosso estado na sua atua\u00e7\u00e3o parlamentar. Seu apoio \u00e9 motivo de alegria e representa um grande refor\u00e7o ao nosso time\u201d.<\/p>\n<p>A pr\u00e9-candidatura de Tom vem ganhando robustez e capilaridade pol\u00edtica, com apoios de peso como o do vereador Ismael Bastos (PL), do vereador Ron, do ex-vereador Paul\u00e3o, al\u00e9m de diversos suplentes de deputados e lideran\u00e7as comunit\u00e1rias. O cen\u00e1rio que se desenha \u00e9 de uma campanha com forte musculatura e amplo respaldo pol\u00edtico.<\/p>\n<p><em>Siga o Acorda Cidade no<\/em><a href=\"https:\/\/news.google.com\/search?q=acorda%20cidade&amp;hl=pt-BR&amp;gl=BR&amp;ceid=BR%3Apt-419\"><strong><em>\u00a0Google Not\u00edcias<\/em><\/strong><\/a><em>\u00a0e receba os principais destaques do dia. Participe tamb\u00e9m dos nossos canais no\u00a0<\/em><a href=\"https:\/\/www.whatsapp.com\/channel\/0029Va6Rb4v3WHTNnsh8WI3N\"><strong><em>WhatsApp<\/em><\/strong><\/a><em>\u00a0e\u00a0<\/em><a href=\"https:\/\/www.youtube.com\/@acordacidadenoticias\/videos\"><strong>Youtube<\/strong><\/a><em>\u00a0e grupo de\u00a0<\/em><a href=\"https:\/\/t.me\/+sSz0khrgARA0ZmRh\"><strong><em>Telegram<\/em><\/strong><\/a><em>.<\/em><\/p>\n<\/div>\n","protected":false},"excerpt":{"rendered":"<div>\n<div>\n<figure><img decoding=\"async\" src=\"https:\/\/uploads.acordacidade.com.br\/2025\/06\/carlo-geilson-ex-deputado-tom-foto-reproducao-das-redes-sociais-.jpg\" alt=\"Geilson\"><figcaption>Carlos Geilson (esq.) e Tom (dir.) | Foto: Reprodu\u00e7\u00e3o \/ Redes Socias <\/figcaption><\/figure>\n<\/div>\n<p>&#8220;Sua pr\u00e9-candidatura tem ganhado corpo e darei minha parcela de contribui\u00e7\u00e3o nessa campanha que ser\u00e1 vitoriosa\u201d, afirmou o tamb\u00e9m ex-deputado.<\/p><\/div>\n","protected":false},"author":1,"featured_media":91355,"comment_status":"closed","ping_status":"closed","sticky":false,"template":"","format":"gallery","meta":{"footnotes":""},"categories":[8,9,6,57,56,10],"tags":[],"class_list":["post-91354","post","type-post","status-publish","format-gallery","has-post-thumbnail","hentry","category-bahia","category-brasil","category-feira-de-santana","category-mundo","category-policia","category-politica","post_format-post-format-gallery"],"featured_image_urls":{"full":["https:\/\/noticiasbahia360.com.br\/wp-content\/uploads\/2025\/06\/carlo-geilson-ex-deputado-tom-foto-reproducao-das-redes-sociais-.jpg",1200,675,false],"thumbnail":["https:\/\/noticiasbahia360.com.br\/wp-content\/uploads\/2025\/06\/carlo-geilson-ex-deputado-tom-foto-reproducao-das-redes-sociais--150x150.jpg",150,150,true],"medium":["https:\/\/noticiasbahia360.com.br\/wp-content\/uploads\/2025\/06\/carlo-geilson-ex-deputado-tom-foto-reproducao-das-redes-sociais--300x169.jpg",300,169,true],"medium_large":["https:\/\/noticiasbahia360.com.br\/wp-content\/uploads\/2025\/06\/carlo-geilson-ex-deputado-tom-foto-reproducao-das-redes-sociais--768x432.jpg",640,360,true],"large":["https:\/\/noticiasbahia360.com.br\/wp-content\/uploads\/2025\/06\/carlo-geilson-ex-deputado-tom-foto-reproducao-das-redes-sociais--1024x576.jpg",640,360,true],"1536x1536":["https:\/\/noticiasbahia360.com.br\/wp-content\/uploads\/2025\/06\/carlo-geilson-ex-deputado-tom-foto-reproducao-das-redes-sociais-.jpg",1200,675,false],"2048x2048":["https:\/\/noticiasbahia360.com.br\/wp-content\/uploads\/2025\/06\/carlo-geilson-ex-deputado-tom-foto-reproducao-das-redes-sociais-.jpg",1200,675,false],"chromenews-featured":["https:\/\/noticiasbahia360.com.br\/wp-content\/uploads\/2025\/06\/carlo-geilson-ex-deputado-tom-foto-reproducao-das-redes-sociais--1024x576.jpg",1024,576,true],"chromenews-large":["https:\/\/noticiasbahia360.com.br\/wp-content\/uploads\/2025\/06\/carlo-geilson-ex-deputado-tom-foto-reproducao-das-redes-sociais--825x575.jpg",825,575,true],"chromenews-medium":["https:\/\/noticiasbahia360.com.br\/wp-content\/uploads\/2025\/06\/carlo-geilson-ex-deputado-tom-foto-reproducao-das-redes-sociais--590x410.jpg",590,410,true]},"author_info":{"display_name":"noticiasbahia360.com.br","author_link":"https:\/\/noticiasbahia360.com.br\/?author=1"},"category_info":"<a href=\"https:\/\/noticiasbahia360.com.br\/?cat=8\" rel=\"category\">Bahia<\/a> <a href=\"https:\/\/noticiasbahia360.com.br\/?cat=9\" rel=\"category\">Brasil<\/a> <a href=\"https:\/\/noticiasbahia360.com.br\/?cat=6\" rel=\"category\">Feira de Santana<\/a> <a href=\"https:\/\/noticiasbahia360.com.br\/?cat=57\" rel=\"category\">Mundo<\/a> <a href=\"https:\/\/noticiasbahia360.com.br\/?cat=56\" rel=\"category\">Pol\u00edcia<\/a> <a href=\"https:\/\/noticiasbahia360.com.br\/?cat=10\" rel=\"category\">Pol\u00edtica<\/a>","tag_info":"Pol\u00edtica","comment_count":"0","_links":{"self":[{"href":"https:\/\/noticiasbahia360.com.br\/index.php?rest_route=\/wp\/v2\/posts\/91354","targetHints":{"allow":["GET"]}}],"collection":[{"href":"https:\/\/noticiasbahia360.com.br\/index.php?rest_route=\/wp\/v2\/posts"}],"about":[{"href":"https:\/\/noticiasbahia360.com.br\/index.php?rest_route=\/wp\/v2\/types\/post"}],"author":[{"embeddable":true,"href":"https:\/\/noticiasbahia360.com.br\/index.php?rest_route=\/wp\/v2\/users\/1"}],"replies":[{"embeddable":true,"href":"https:\/\/noticiasbahia360.com.br\/index.php?rest_route=%2Fwp%2Fv2%2Fcomments&post=91354"}],"version-history":[{"count":0,"href":"https:\/\/noticiasbahia360.com.br\/index.php?rest_route=\/wp\/v2\/posts\/91354\/revisions"}],"wp:featuredmedia":[{"embeddable":true,"href":"https:\/\/noticiasbahia360.com.br\/index.php?rest_route=\/wp\/v2\/media\/91355"}],"wp:attachment":[{"href":"https:\/\/noticiasbahia360.com.br\/index.php?rest_route=%2Fwp%2Fv2%2Fmedia&parent=91354"}],"wp:term":[{"taxonomy":"category","embeddable":true,"href":"https:\/\/noticiasbahia360.com.br\/index.php?rest_route=%2Fwp%2Fv2%2Fcategories&post=91354"},{"taxonomy":"post_tag","embeddable":true,"href":"https:\/\/noticiasbahia360.com.br\/index.php?rest_route=%2Fwp%2Fv2%2Ftags&post=91354"}],"curies":[{"name":"wp","href":"https:\/\/api.w.org\/{rel}","templated":true}]}}