{"id":91356,"date":"2025-06-27T21:05:31","date_gmt":"2025-06-28T00:05:31","guid":{"rendered":"https:\/\/noticiasbahia360.com.br\/?p=91356"},"modified":"2025-06-27T21:05:31","modified_gmt":"2025-06-28T00:05:31","slug":"centro-obstetrico-e-reinaugurado-no-hospital-da-mulher-apos-reforma","status":"publish","type":"post","link":"https:\/\/noticiasbahia360.com.br\/?p=91356","title":{"rendered":"Centro Obst\u00e9trico \u00e9 reinaugurado no Hospital da Mulher ap\u00f3s reforma"},"content":{"rendered":"<div>\n<div>\n<figure><img decoding=\"async\" src=\"http:\/\/noticiasbahia360.com.br\/wp-content\/uploads\/2025\/06\/reinauguracao_centroobstetrico_hospitaldamulher_foto_neysilva_acordacidade_.jpg\" alt=\"Reinaugura\u00e7\u00e3o do Centro Obst\u00e9trico do Hospital da Mulher\"><figcaption>Foto: Ney Silva\/Acorda Cidade<\/figcaption><\/figure>\n<\/div>\n<p>O Centro Obst\u00e9trico\u00a001 do Hospital da Mulher, que integra a Funda\u00e7\u00e3o Hospitalar In\u00e1cia Pinto dos Santos em <a href=\"https:\/\/www.acordacidade.com.br\/tag\/feira-de-santana\/\">Feira de Santana<\/a>, foi reinaugurado da manh\u00e3 desta sexta-feira (27). O evento de reinaugura\u00e7\u00e3o aconteceu ap\u00f3s uma reforma que recebeu um investimento de R$ 3 milh\u00f5es, com objetivo de fornecer um ambiente melhor equipado para partos e outros procedimentos obst\u00e9tricos, al\u00e9m de ampliar quatro novos leitos para gesta\u00e7\u00e3o de alto risco.<\/p>\n<p>Em entrevista ao Acorda Cidade durante o evento de reinaugura\u00e7\u00e3o, Gilberte Lucas que \u00e9 Presidente da Funda\u00e7\u00e3o Hospitalar, falou sobre a relev\u00e2ncia da amplia\u00e7\u00e3o desse espa\u00e7o.<\/p>\n<figure class=\"wp-block-image size-large\"><img fetchpriority=\"high\" data-dominant-color=\"9b9695\" data-has-transparency=\"false\" style=\"--dominant-color: #9b9695;\" fetchpriority=\"high\" decoding=\"async\" width=\"1024\" height=\"768\" sizes=\"(max-width: 1024px) 100vw, 1024px\" src=\"http:\/\/noticiasbahia360.com.br\/wp-content\/uploads\/2025\/06\/gilbertelucas_presidentedafundacaohospitalar_foto_neysilva_acordacidade-1024x768-1.jpg\" alt=\"Gilberte Lucas, presidente da Funda\u00e7\u00e3o Hospitalar\" class=\"wp-image-569765 not-transparent\" srcset=\"https:\/\/uploads.acordacidade.com.br\/2025\/06\/gilbertelucas_presidentedafundacaohospitalar_foto_neysilva_acordacidade-487x365.jpg 487w, http:\/\/noticiasbahia360.com.br\/wp-content\/uploads\/2025\/06\/gilbertelucas_presidentedafundacaohospitalar_foto_neysilva_acordacidade-1024x768-1.jpg 1024w, https:\/\/uploads.acordacidade.com.br\/2025\/06\/gilbertelucas_presidentedafundacaohospitalar_foto_neysilva_acordacidade-737x553.jpg 737w, https:\/\/uploads.acordacidade.com.br\/2025\/06\/gilbertelucas_presidentedafundacaohospitalar_foto_neysilva_acordacidade-150x113.jpg 150w, https:\/\/uploads.acordacidade.com.br\/2025\/06\/gilbertelucas_presidentedafundacaohospitalar_foto_neysilva_acordacidade.jpg 1200w\"><figcaption class=\"wp-element-caption\">Gilberte Lucas, presidente da Funda\u00e7\u00e3o Hospitalar \u2013 Foto: Ney Silva\/Acorda Cidade<\/figcaption><\/figure>\n<p>\u201cS\u00e3o leitos importantes, com estrutura toda equipada, com equipamentos necess\u00e1rios, quatro leitos para gestantes de alto risco. E tudo isso vem para acrescentar na \u00e1rea materno-infantil n\u00e3o s\u00f3 de Feira, mas de toda a regi\u00e3o.\u201d<\/p>\n<p>Gilberte esclarece que o Centro j\u00e1 existia, mas foi feito um trabalho de amplia\u00e7\u00e3o focado em atender mais demandas pontuais.<\/p>\n<blockquote class=\"wp-block-quote is-layout-flow wp-block-quote-is-layout-flow\">\n<p>\u201cA gente ampliou o n\u00famero de leitos, montou uma sala de rec\u00e9m-nascidos, que n\u00e3o tinha essa sala adequada. Toda essa estrutura a gente fez pensando tamb\u00e9m em atender os acompanhantes, ent\u00e3o, toda estrutura tem a poltrona para o acompanhante. A sala de internamento, onde a gestante chega na emerg\u00eancia. Quando ela \u00e9 internada, ela vem para essa estrutura, toma banho, troca de roupa, com o aux\u00edlio do acompanhante dela, e j\u00e1 \u00e9 direcionada a um leito de pr\u00e9-parto.\u201d explica.<\/p>\n<\/blockquote>\n<figure class=\"wp-block-image size-large\"><img data-dominant-color=\"817b7b\" data-has-transparency=\"false\" style=\"--dominant-color: #817b7b;\" decoding=\"async\" width=\"1024\" height=\"768\" sizes=\"(max-width: 1024px) 100vw, 1024px\" src=\"http:\/\/noticiasbahia360.com.br\/wp-content\/uploads\/2025\/06\/reinauguracao_centroobstetrico_hospitaldamulher_foto_neysilva_acordacidade1-1024x768-1.jpg\" alt=\"Reinaugura\u00e7\u00e3o do Centro Obst\u00e9trico do Hospital da Mulher\" class=\"wp-image-569762 not-transparent\" srcset=\"https:\/\/uploads.acordacidade.com.br\/2025\/06\/reinauguracao_centroobstetrico_hospitaldamulher_foto_neysilva_acordacidade1-487x365.jpg 487w, http:\/\/noticiasbahia360.com.br\/wp-content\/uploads\/2025\/06\/reinauguracao_centroobstetrico_hospitaldamulher_foto_neysilva_acordacidade1-1024x768-1.jpg 1024w, https:\/\/uploads.acordacidade.com.br\/2025\/06\/reinauguracao_centroobstetrico_hospitaldamulher_foto_neysilva_acordacidade1-737x553.jpg 737w, https:\/\/uploads.acordacidade.com.br\/2025\/06\/reinauguracao_centroobstetrico_hospitaldamulher_foto_neysilva_acordacidade1-150x113.jpg 150w, https:\/\/uploads.acordacidade.com.br\/2025\/06\/reinauguracao_centroobstetrico_hospitaldamulher_foto_neysilva_acordacidade1.jpg 1200w\"><figcaption class=\"wp-element-caption\">Foto: Ney Silva\/Acorda Cidade<\/figcaption><\/figure>\n<h2 class=\"wp-block-heading\" id=\"h-evolucao-do-setor\">Evolu\u00e7\u00e3o do setor<\/h2>\n<p>O prefeito de Feira de Santana, Jos\u00e9 Ronaldo de Carvalho e o vice-prefeito, Pablo Roberto, tamb\u00e9m estiveram no evento. Na oportunidade, Jos\u00e9 Ronaldo falou sobre a evolu\u00e7\u00e3o da sa\u00fade em Feira de Santana.<\/p>\n<p>\u201cEm 2001, Feira de Santana gastava com sa\u00fade 7% do que arrecadava, o que quer dizer que de 100 reais que arrecadava, gastava na sa\u00fade 7 reais. De 2001 para c\u00e1 as coisas foram evoluindo, hoje tem mais de 160 unidades de PSF, e em torno de 180 unidades de sa\u00fade, que eram naquela \u00e9poca 18 unidades. Hoje a sa\u00fade de Feira gasta R$ 35,00 em cada R$ 100,00, o que quer dizer que multiplicou por 500, 500% a mais.\u201d<\/p>\n<figure class=\"wp-block-image size-large\"><img data-dominant-color=\"8c898a\" data-has-transparency=\"false\" style=\"--dominant-color: #8c898a;\" decoding=\"async\" width=\"1024\" height=\"768\" sizes=\"(max-width: 1024px) 100vw, 1024px\" src=\"http:\/\/noticiasbahia360.com.br\/wp-content\/uploads\/2025\/06\/reinauguracao_centroobstetrico_hospitaldamulher_foto_neysilva_acordacidade2-1024x768-1.jpg\" alt=\"Reinaugura\u00e7\u00e3o do Centro Obst\u00e9trico do Hospital da Mulher\" class=\"wp-image-569761 not-transparent\" srcset=\"https:\/\/uploads.acordacidade.com.br\/2025\/06\/reinauguracao_centroobstetrico_hospitaldamulher_foto_neysilva_acordacidade2-487x365.jpg 487w, http:\/\/noticiasbahia360.com.br\/wp-content\/uploads\/2025\/06\/reinauguracao_centroobstetrico_hospitaldamulher_foto_neysilva_acordacidade2-1024x768-1.jpg 1024w, https:\/\/uploads.acordacidade.com.br\/2025\/06\/reinauguracao_centroobstetrico_hospitaldamulher_foto_neysilva_acordacidade2-737x553.jpg 737w, https:\/\/uploads.acordacidade.com.br\/2025\/06\/reinauguracao_centroobstetrico_hospitaldamulher_foto_neysilva_acordacidade2-150x113.jpg 150w, https:\/\/uploads.acordacidade.com.br\/2025\/06\/reinauguracao_centroobstetrico_hospitaldamulher_foto_neysilva_acordacidade2.jpg 1200w\"><figcaption class=\"wp-element-caption\">Foto: Ney Silva\/Acorda Cidade<\/figcaption><\/figure>\n<p>O prefeito acrescentou que o n\u00famero expressivo representa o crescimento e destaque da sa\u00fade de Feira de Santana.<\/p>\n<p>\u201cUma unidade de sa\u00fade dessa aqui gasta mais de 7 milh\u00f5es e meio de reais por m\u00eas para manter funcionando. Um atendimento de excel\u00eancia. Eu duvido que no pa\u00eds exista um hospital p\u00fablico ligado a mulher com tamanha qualidade igual a esse aqui.\u201d<\/p>\n<p>Em sua fala, Jos\u00e9 Ronaldo elogiou o trabalho di\u00e1rio de Gilberte Lucas e do Secret\u00e1rio de Sa\u00fade Rodrigo Matos, em rela\u00e7\u00e3o a Funda\u00e7\u00e3o Hospitalar, que corresponde a diversas unidades voltadas para o atendimento de sa\u00fade.<\/p>\n<figure class=\"wp-block-image size-large\"><img data-dominant-color=\"a6a29d\" data-has-transparency=\"false\" style=\"--dominant-color: #a6a29d;\" decoding=\"async\" width=\"1024\" height=\"768\" sizes=\"(max-width: 1024px) 100vw, 1024px\" src=\"http:\/\/noticiasbahia360.com.br\/wp-content\/uploads\/2025\/06\/reinauguracao_centroobstetrico_hospitaldamulher_foto_neysilva_acordacidade-1024x768-1.jpg\" alt=\"Reinaugura\u00e7\u00e3o do Centro Obst\u00e9trico do Hospital da Mulher\" class=\"wp-image-569764 not-transparent\" srcset=\"https:\/\/uploads.acordacidade.com.br\/2025\/06\/reinauguracao_centroobstetrico_hospitaldamulher_foto_neysilva_acordacidade-487x365.jpg 487w, http:\/\/noticiasbahia360.com.br\/wp-content\/uploads\/2025\/06\/reinauguracao_centroobstetrico_hospitaldamulher_foto_neysilva_acordacidade-1024x768-1.jpg 1024w, https:\/\/uploads.acordacidade.com.br\/2025\/06\/reinauguracao_centroobstetrico_hospitaldamulher_foto_neysilva_acordacidade-737x553.jpg 737w, https:\/\/uploads.acordacidade.com.br\/2025\/06\/reinauguracao_centroobstetrico_hospitaldamulher_foto_neysilva_acordacidade-150x113.jpg 150w, https:\/\/uploads.acordacidade.com.br\/2025\/06\/reinauguracao_centroobstetrico_hospitaldamulher_foto_neysilva_acordacidade.jpg 1200w\"><figcaption class=\"wp-element-caption\">Foto: Ney Silva\/Acorda Cidade<\/figcaption><\/figure>\n<p>\u201cA Funda\u00e7\u00e3o n\u00e3o \u00e9 s\u00f3 aqui esse pr\u00e9dio, \u00e9 o pr\u00e9dio aqui do lado, do Jardim Cruzeiro, o ambulat\u00f3rio, \u00e9 o CMPC, \u00e9 o CMDI, Casa de Parto. Ent\u00e3o, eu acho que isso \u00e9 trabalho, \u00e9 realiza\u00e7\u00e3o e \u00e9 uma luta de todos os dias.\u201d<\/p>\n<h2 class=\"wp-block-heading\" id=\"h-hospital-nbsp-municipal-de-feira-de-santana\">Hospital\u00a0Municipal de Feira de Santana<\/h2>\n<p>Em coletiva durante o evento, Jos\u00e9 Ronaldo falou tamb\u00e9m a respeito do projeto do Hospital Municipal que ser\u00e1 constru\u00eddo em Feira de Santana, detalhando que uma empresa de refer\u00eancia foi contratada para avaliar e elaborar o projeto.<\/p>\n<p>\u201cN\u00f3s contratamos uma grande empresa nacional, com 93 anos de hist\u00f3ria, para elaborar os estudos para a implanta\u00e7\u00e3o de um hospital em Feira de Santana, atrav\u00e9s de uma Parceria P\u00fablico-Privada (PPP).\u201d<\/p>\n<p>Ele destacou tamb\u00e9m que na Bahia, este modelo de hospital por meio de Parceria P\u00fablico-Privada, j\u00e1 apresenta casos de sucesso, a exemplo do Hospital do Sub\u00farbio e do Hospital Couto Maia, ambos em Salvador.<\/p>\n<p>O prefeito acrescentou que o trabalho est\u00e1 avan\u00e7ando para a execu\u00e7\u00e3o do projeto em Feira. \u201cCom f\u00e9 em Deus n\u00f3s vamos conseguir \u00eaxito para que nesses quatro anos a gente possa dar a Feira essa unidade de sa\u00fade dentro de um sistema moderno, da evolu\u00e7\u00e3o da gest\u00e3o p\u00fablica no pa\u00eds e no mundo, que \u00e9 um hospital atrav\u00e9s de uma PPP\u201d, disse Jos\u00e9 Ronaldo.<\/p>\n<p><em>Com informa\u00e7\u00f5es do rep\u00f3rter Ney Silva do Acorda Cidade<\/em><\/p>\n<p><em>Siga o Acorda Cidade no<\/em><a href=\"https:\/\/news.google.com\/search?q=acorda%20cidade&amp;hl=pt-BR&amp;gl=BR&amp;ceid=BR%3Apt-419\"><strong><em> Google Not\u00edcias<\/em><\/strong><\/a><em> e receba os principais destaques do dia. Participe tamb\u00e9m dos nossos canais no <\/em><a href=\"https:\/\/whatsapp.com\/channel\/0029Va6Rb4v3WHTNnsh8WI3N\"><strong><em>WhatsApp<\/em><\/strong><\/a><em> e <\/em><a href=\"https:\/\/www.youtube.com\/@acordacidadenoticias\/videos\"><strong>Youtube<\/strong><\/a><em> e grupo de <\/em><a href=\"https:\/\/t.me\/+sSz0khrgARA0ZmRh\"><strong><em>Telegram<\/em><\/strong><\/a><em>.<\/em><\/p>\n<\/div>\n","protected":false},"excerpt":{"rendered":"<div>\n<div>\n<figure><img decoding=\"async\" src=\"https:\/\/uploads.acordacidade.com.br\/2025\/06\/reinauguracao_centroobstetrico_hospitaldamulher_foto_neysilva_acordacidade_.jpg\" alt=\"Reinaugura\u00e7\u00e3o do Centro Obst\u00e9trico do Hospital da Mulher\"><figcaption>Foto: Ney Silva\/Acorda Cidade<\/figcaption><\/figure>\n<\/div>\n<p>A reforma de amplia\u00e7\u00e3o foi avaliada em R$ 3 milh\u00f5es<\/p><\/div>\n","protected":false},"author":1,"featured_media":91357,"comment_status":"closed","ping_status":"closed","sticky":false,"template":"","format":"gallery","meta":{"footnotes":""},"categories":[8,9,6,57,56,10],"tags":[],"class_list":["post-91356","post","type-post","status-publish","format-gallery","has-post-thumbnail","hentry","category-bahia","category-brasil","category-feira-de-santana","category-mundo","category-policia","category-politica","post_format-post-format-gallery"],"featured_image_urls":{"full":["https:\/\/noticiasbahia360.com.br\/wp-content\/uploads\/2025\/06\/reinauguracao_centroobstetrico_hospitaldamulher_foto_neysilva_acordacidade_.jpg",1200,900,false],"thumbnail":["https:\/\/noticiasbahia360.com.br\/wp-content\/uploads\/2025\/06\/reinauguracao_centroobstetrico_hospitaldamulher_foto_neysilva_acordacidade_-150x150.jpg",150,150,true],"medium":["https:\/\/noticiasbahia360.com.br\/wp-content\/uploads\/2025\/06\/reinauguracao_centroobstetrico_hospitaldamulher_foto_neysilva_acordacidade_-300x225.jpg",300,225,true],"medium_large":["https:\/\/noticiasbahia360.com.br\/wp-content\/uploads\/2025\/06\/reinauguracao_centroobstetrico_hospitaldamulher_foto_neysilva_acordacidade_-768x576.jpg",640,480,true],"large":["https:\/\/noticiasbahia360.com.br\/wp-content\/uploads\/2025\/06\/reinauguracao_centroobstetrico_hospitaldamulher_foto_neysilva_acordacidade_-1024x768.jpg",640,480,true],"1536x1536":["https:\/\/noticiasbahia360.com.br\/wp-content\/uploads\/2025\/06\/reinauguracao_centroobstetrico_hospitaldamulher_foto_neysilva_acordacidade_.jpg",1200,900,false],"2048x2048":["https:\/\/noticiasbahia360.com.br\/wp-content\/uploads\/2025\/06\/reinauguracao_centroobstetrico_hospitaldamulher_foto_neysilva_acordacidade_.jpg",1200,900,false],"chromenews-featured":["https:\/\/noticiasbahia360.com.br\/wp-content\/uploads\/2025\/06\/reinauguracao_centroobstetrico_hospitaldamulher_foto_neysilva_acordacidade_-1024x768.jpg",1024,768,true],"chromenews-large":["https:\/\/noticiasbahia360.com.br\/wp-content\/uploads\/2025\/06\/reinauguracao_centroobstetrico_hospitaldamulher_foto_neysilva_acordacidade_-825x575.jpg",825,575,true],"chromenews-medium":["https:\/\/noticiasbahia360.com.br\/wp-content\/uploads\/2025\/06\/reinauguracao_centroobstetrico_hospitaldamulher_foto_neysilva_acordacidade_-590x410.jpg",590,410,true]},"author_info":{"display_name":"noticiasbahia360.com.br","author_link":"https:\/\/noticiasbahia360.com.br\/?author=1"},"category_info":"<a href=\"https:\/\/noticiasbahia360.com.br\/?cat=8\" rel=\"category\">Bahia<\/a> <a href=\"https:\/\/noticiasbahia360.com.br\/?cat=9\" rel=\"category\">Brasil<\/a> <a href=\"https:\/\/noticiasbahia360.com.br\/?cat=6\" rel=\"category\">Feira de Santana<\/a> <a href=\"https:\/\/noticiasbahia360.com.br\/?cat=57\" rel=\"category\">Mundo<\/a> <a href=\"https:\/\/noticiasbahia360.com.br\/?cat=56\" rel=\"category\">Pol\u00edcia<\/a> <a href=\"https:\/\/noticiasbahia360.com.br\/?cat=10\" rel=\"category\">Pol\u00edtica<\/a>","tag_info":"Pol\u00edtica","comment_count":"0","_links":{"self":[{"href":"https:\/\/noticiasbahia360.com.br\/index.php?rest_route=\/wp\/v2\/posts\/91356","targetHints":{"allow":["GET"]}}],"collection":[{"href":"https:\/\/noticiasbahia360.com.br\/index.php?rest_route=\/wp\/v2\/posts"}],"about":[{"href":"https:\/\/noticiasbahia360.com.br\/index.php?rest_route=\/wp\/v2\/types\/post"}],"author":[{"embeddable":true,"href":"https:\/\/noticiasbahia360.com.br\/index.php?rest_route=\/wp\/v2\/users\/1"}],"replies":[{"embeddable":true,"href":"https:\/\/noticiasbahia360.com.br\/index.php?rest_route=%2Fwp%2Fv2%2Fcomments&post=91356"}],"version-history":[{"count":0,"href":"https:\/\/noticiasbahia360.com.br\/index.php?rest_route=\/wp\/v2\/posts\/91356\/revisions"}],"wp:featuredmedia":[{"embeddable":true,"href":"https:\/\/noticiasbahia360.com.br\/index.php?rest_route=\/wp\/v2\/media\/91357"}],"wp:attachment":[{"href":"https:\/\/noticiasbahia360.com.br\/index.php?rest_route=%2Fwp%2Fv2%2Fmedia&parent=91356"}],"wp:term":[{"taxonomy":"category","embeddable":true,"href":"https:\/\/noticiasbahia360.com.br\/index.php?rest_route=%2Fwp%2Fv2%2Fcategories&post=91356"},{"taxonomy":"post_tag","embeddable":true,"href":"https:\/\/noticiasbahia360.com.br\/index.php?rest_route=%2Fwp%2Fv2%2Ftags&post=91356"}],"curies":[{"name":"wp","href":"https:\/\/api.w.org\/{rel}","templated":true}]}}