{"id":91362,"date":"2025-06-27T21:19:58","date_gmt":"2025-06-28T00:19:58","guid":{"rendered":"https:\/\/noticiasbahia360.com.br\/?p=91362"},"modified":"2025-06-27T21:19:58","modified_gmt":"2025-06-28T00:19:58","slug":"desfile-do-2-de-julho-contara-com-mais-de-150-fanfarras-em-todo-o-estado","status":"publish","type":"post","link":"https:\/\/noticiasbahia360.com.br\/?p=91362","title":{"rendered":"Desfile do 2 de Julho contar\u00e1 com mais de 150 fanfarras em todo o Estado"},"content":{"rendered":"<div>\n<div>\n<figure><img decoding=\"async\" src=\"http:\/\/noticiasbahia360.com.br\/wp-content\/uploads\/2025\/06\/fanfarra-apresentacao-foto-Flavia-Maciel.jpg\" alt=\"Bahia Fanfarra\"><figcaption>Foto: Fl\u00e1via Maciel<\/figcaption><\/figure>\n<\/div>\n<p>Estudantes que atuam nas fanfarras escolares dos col\u00e9gios estaduais voltam \u00e0s ruas para o Desfile C\u00edvico ao 2 de Julho, em Salvador. Este ano, o cortejo, que parte do Largo da Lapinha e segue pela Avenida Sete de Setembro at\u00e9 o Campo Grande, contar\u00e1 com 26 unidades escolares representando a rede estadual da capital baiana e Regi\u00e3o Metropolitana e outras 128 do interior da Bahia.<\/p>\n<p>As festividades c\u00edvicas pela celebra\u00e7\u00e3o da Independ\u00eancia da <a href=\"https:\/\/www.acordacidade.com.br\/local\/br-ba\/\">Bahia<\/a> come\u00e7aram em 25 de junho, data que simboliza a transfer\u00eancia da sede do executivo estadual para a cidade hist\u00f3rica de Cachoeira, onde os alunos das fanfarras da rede estadual tamb\u00e9m desfilaram.<\/p>\n<p>Em Salvador, o Desfile C\u00edvico ao 2 de Julho contar\u00e1 com 13 escolas pela manh\u00e3 e 13 pela tarde. A concentra\u00e7\u00e3o das fanfarras, no matutino, ser\u00e1 na Rua dos Perd\u00f5es, no Santo Ant\u00f4nio Al\u00e9m do Carmo, no entroncamento com a Rua S\u00e3o Jos\u00e9 de Cima (Barbalho), ao lado do Instituto Federal da Bahia (IFBA). No per\u00edodo vespertino, a concentra\u00e7\u00e3o ser\u00e1 na Ladeira Revolta dos Mal\u00eas, antiga Ladeira da Pra\u00e7a, sentido Pra\u00e7a da S\u00e9.<\/p>\n<p>\u201cAs fanfarras escolares s\u00e3o um equipamento pedag\u00f3gico importante, que possibilita a transversalidade com as diversas \u00e1reas do conhecimento. Pensar nelas \u00e9 reconhecer como um fen\u00f4meno cultural, hist\u00f3rico, social e sens\u00edvel a diferentes contextos, viabilizando o constante di\u00e1logo com as diversidades\u201d, destaca a coordenadora de Arte e Cultura Estudantil da Secretaria da Educa\u00e7\u00e3o do Estado (SEC), Djenane Santos.<\/p>\n<p>A sele\u00e7\u00e3o das escolas que participar\u00e3o do desfile \u00e9 de responsabilidade dos N\u00facleos Territoriais de Educa\u00e7\u00e3o (NTE), que se baseiam no mapeamento dos grupos musicais e suas condi\u00e7\u00f5es t\u00e9cnicas, a partir do Projeto Fanfarras Escolares, projeto do Governo do Estado promovido com o objetivo de estimular a participa\u00e7\u00e3o dos estudantes em a\u00e7\u00f5es e eventos c\u00edvicos, para celebrar os acontecimentos hist\u00f3ricos e culturais baianos.<\/p>\n<h3 class=\"wp-block-heading\" id=\"h-experiencia-artistica-e-cultural\">Experi\u00eancia art\u00edstica e cultural<\/h3>\n<p>O Projeto Fanfarras Escolares, realizado pelo Governo do Estado atrav\u00e9s da Coordena\u00e7\u00e3o de Arte e Cultura Estudantil da SEC, \u00e9 uma experi\u00eancia art\u00edstica e cultural voltada \u00e0 m\u00fasica instrumental, \u00e0s bandas musicais e \u00e0s cria\u00e7\u00f5es coreogr\u00e1ficas. Por meio desta iniciativa, os estudantes da rede estadual encontram um lugar de exerc\u00edcio dos saberes e das revela\u00e7\u00f5es do seu potencial nos processos educativos e na forma\u00e7\u00e3o cultural, conforme ressalta a coordenadora Djenane Santos. O investimento para a manuten\u00e7\u00e3o de instrumentos, fardamentos e adere\u00e7os \u00e9 de R$ 2,1 milh\u00f5es para todas as unidades escolares que desenvolvem o projeto.<\/p>\n<p>O Fanfarras Escolares proporciona, sobretudo, no\u00e7\u00f5es elementares sobre o reino da m\u00fasica instrumental e da dan\u00e7a para que eles possam expressar a sua inventividade, dentro do prop\u00f3sito da Lei n\u00ba 11.769\/2008, que institui o ensino de atividades musicais no curr\u00edculo da Educa\u00e7\u00e3o B\u00e1sica para a promo\u00e7\u00e3o dos saberes, da cultura de paz nas escolas e da vida cultural baiana.<\/p>\n<p>\u201cUm dos grandes objetivos do Fanfarra Escolar \u00e9 propiciar o desenvolvimento integral do aluno em seus aspectos f\u00edsico, psicol\u00f3gico, cognitivo, emocional, est\u00e9tico e social. Formar estudantes com a m\u00fasica, atrav\u00e9s da banda de fanfarra como ferramenta de ensino e aprendizagem, corrobora com a cultura da paz e inclus\u00e3o social, despertando para a import\u00e2ncia do trabalho coletivo, sem perder de vista o cuidar de si e do outro\u201d, enfatiza Djenane.<\/p>\n<p><em>Siga o Acorda Cidade no<\/em><a href=\"https:\/\/news.google.com\/search?q=acorda%20cidade&amp;hl=pt-BR&amp;gl=BR&amp;ceid=BR%3Apt-419\"><strong><em>\u00a0Google Not\u00edcias<\/em><\/strong><\/a><em>\u00a0e receba os principais destaques do dia. Participe tamb\u00e9m dos nossos canais no\u00a0<\/em><a href=\"https:\/\/www.whatsapp.com\/channel\/0029Va6Rb4v3WHTNnsh8WI3N\"><strong><em>WhatsApp<\/em><\/strong><\/a><em>\u00a0e\u00a0<\/em><a href=\"https:\/\/www.youtube.com\/@acordacidadenoticias\/videos\"><strong>Youtube<\/strong><\/a><em>\u00a0e grupo de\u00a0<\/em><a href=\"https:\/\/t.me\/+sSz0khrgARA0ZmRh\"><strong><em>Telegram<\/em><\/strong><\/a><em>.<\/em><\/p>\n<\/div>\n","protected":false},"excerpt":{"rendered":"<div>\n<div>\n<figure><img decoding=\"async\" src=\"https:\/\/uploads.acordacidade.com.br\/2025\/06\/fanfarra-apresentacao-foto-Flavia-Maciel.jpg\" alt=\"Bahia Fanfarra\"><figcaption>Foto: Fl\u00e1via Maciel<\/figcaption><\/figure>\n<\/div>\n<p>As festividades c\u00edvicas pela celebra\u00e7\u00e3o da Independ\u00eancia da Bahia come\u00e7aram em 25 de junho na cidade de Cachoeira.<\/p><\/div>\n","protected":false},"author":1,"featured_media":91363,"comment_status":"closed","ping_status":"closed","sticky":false,"template":"","format":"gallery","meta":{"footnotes":""},"categories":[8,9,6,57,56,10],"tags":[],"class_list":["post-91362","post","type-post","status-publish","format-gallery","has-post-thumbnail","hentry","category-bahia","category-brasil","category-feira-de-santana","category-mundo","category-policia","category-politica","post_format-post-format-gallery"],"featured_image_urls":{"full":["https:\/\/noticiasbahia360.com.br\/wp-content\/uploads\/2025\/06\/fanfarra-apresentacao-foto-Flavia-Maciel.jpg",1200,714,false],"thumbnail":["https:\/\/noticiasbahia360.com.br\/wp-content\/uploads\/2025\/06\/fanfarra-apresentacao-foto-Flavia-Maciel-150x150.jpg",150,150,true],"medium":["https:\/\/noticiasbahia360.com.br\/wp-content\/uploads\/2025\/06\/fanfarra-apresentacao-foto-Flavia-Maciel-300x179.jpg",300,179,true],"medium_large":["https:\/\/noticiasbahia360.com.br\/wp-content\/uploads\/2025\/06\/fanfarra-apresentacao-foto-Flavia-Maciel-768x457.jpg",640,381,true],"large":["https:\/\/noticiasbahia360.com.br\/wp-content\/uploads\/2025\/06\/fanfarra-apresentacao-foto-Flavia-Maciel-1024x609.jpg",640,381,true],"1536x1536":["https:\/\/noticiasbahia360.com.br\/wp-content\/uploads\/2025\/06\/fanfarra-apresentacao-foto-Flavia-Maciel.jpg",1200,714,false],"2048x2048":["https:\/\/noticiasbahia360.com.br\/wp-content\/uploads\/2025\/06\/fanfarra-apresentacao-foto-Flavia-Maciel.jpg",1200,714,false],"chromenews-featured":["https:\/\/noticiasbahia360.com.br\/wp-content\/uploads\/2025\/06\/fanfarra-apresentacao-foto-Flavia-Maciel-1024x609.jpg",1024,609,true],"chromenews-large":["https:\/\/noticiasbahia360.com.br\/wp-content\/uploads\/2025\/06\/fanfarra-apresentacao-foto-Flavia-Maciel-825x575.jpg",825,575,true],"chromenews-medium":["https:\/\/noticiasbahia360.com.br\/wp-content\/uploads\/2025\/06\/fanfarra-apresentacao-foto-Flavia-Maciel-590x410.jpg",590,410,true]},"author_info":{"display_name":"noticiasbahia360.com.br","author_link":"https:\/\/noticiasbahia360.com.br\/?author=1"},"category_info":"<a href=\"https:\/\/noticiasbahia360.com.br\/?cat=8\" rel=\"category\">Bahia<\/a> <a href=\"https:\/\/noticiasbahia360.com.br\/?cat=9\" rel=\"category\">Brasil<\/a> <a href=\"https:\/\/noticiasbahia360.com.br\/?cat=6\" rel=\"category\">Feira de Santana<\/a> <a href=\"https:\/\/noticiasbahia360.com.br\/?cat=57\" rel=\"category\">Mundo<\/a> <a href=\"https:\/\/noticiasbahia360.com.br\/?cat=56\" rel=\"category\">Pol\u00edcia<\/a> <a href=\"https:\/\/noticiasbahia360.com.br\/?cat=10\" rel=\"category\">Pol\u00edtica<\/a>","tag_info":"Pol\u00edtica","comment_count":"0","_links":{"self":[{"href":"https:\/\/noticiasbahia360.com.br\/index.php?rest_route=\/wp\/v2\/posts\/91362","targetHints":{"allow":["GET"]}}],"collection":[{"href":"https:\/\/noticiasbahia360.com.br\/index.php?rest_route=\/wp\/v2\/posts"}],"about":[{"href":"https:\/\/noticiasbahia360.com.br\/index.php?rest_route=\/wp\/v2\/types\/post"}],"author":[{"embeddable":true,"href":"https:\/\/noticiasbahia360.com.br\/index.php?rest_route=\/wp\/v2\/users\/1"}],"replies":[{"embeddable":true,"href":"https:\/\/noticiasbahia360.com.br\/index.php?rest_route=%2Fwp%2Fv2%2Fcomments&post=91362"}],"version-history":[{"count":0,"href":"https:\/\/noticiasbahia360.com.br\/index.php?rest_route=\/wp\/v2\/posts\/91362\/revisions"}],"wp:featuredmedia":[{"embeddable":true,"href":"https:\/\/noticiasbahia360.com.br\/index.php?rest_route=\/wp\/v2\/media\/91363"}],"wp:attachment":[{"href":"https:\/\/noticiasbahia360.com.br\/index.php?rest_route=%2Fwp%2Fv2%2Fmedia&parent=91362"}],"wp:term":[{"taxonomy":"category","embeddable":true,"href":"https:\/\/noticiasbahia360.com.br\/index.php?rest_route=%2Fwp%2Fv2%2Fcategories&post=91362"},{"taxonomy":"post_tag","embeddable":true,"href":"https:\/\/noticiasbahia360.com.br\/index.php?rest_route=%2Fwp%2Fv2%2Ftags&post=91362"}],"curies":[{"name":"wp","href":"https:\/\/api.w.org\/{rel}","templated":true}]}}