{"id":91687,"date":"2025-07-01T08:37:44","date_gmt":"2025-07-01T11:37:44","guid":{"rendered":"https:\/\/noticiasbahia360.com.br\/?p=91687"},"modified":"2025-07-01T08:37:44","modified_gmt":"2025-07-01T11:37:44","slug":"cnu-2025-mulheres-terao-pelo-menos-metade-das-vagas-na-segunda-fase","status":"publish","type":"post","link":"https:\/\/noticiasbahia360.com.br\/?p=91687","title":{"rendered":"CNU 2025: Mulheres ter\u00e3o pelo menos metade das vagas na segunda fase"},"content":{"rendered":"<div>\n<div>\n<figure><img decoding=\"async\" src=\"http:\/\/noticiasbahia360.com.br\/wp-content\/uploads\/2025\/07\/realizando-prova-cnu-vestibular.webp\" alt=\"prova - CNU\"><figcaption>Foto: Marcos Santos\/USP Imagens<\/figcaption><\/figure>\n<\/div>\n<p>Ag\u00eancia Brasil \u2013 Uma das novidades da segunda edi\u00e7\u00e3o do <a href=\"https:\/\/www.acordacidade.com.br\/tag\/cnu\/\">Concurso P\u00fablico Nacional Unificado (CNU)<\/a>, conforme anunciou o governo federal na segunda-feira (30), \u00e9 que o n\u00famero de mulheres que ser\u00e3o chamadas para a segunda etapa ser\u00e1 igual ao de homens. Tanto nas categorias em livre concorr\u00eancia, como das de cotas.<\/p>\n<p>A decis\u00e3o, segundo a ministra da Gest\u00e3o e da Inova\u00e7\u00e3o em Servi\u00e7os P\u00fablicos, Esther Dweck, levou em conta que, no \u00faltimo certame, embora as mulheres tenham sido maioria entre todas as pessoas inscritas (56,2%), elas foram minoria na segunda fase em sete dos oito blocos (as \u00e1reas dos concursos).<\/p>\n<p>A segunda etapa do concurso convoca um n\u00famero de candidatos correspondente a nove vezes o n\u00famero de vagas previstas.<\/p>\n<h2 class=\"wp-block-heading\" id=\"h-desistencia-de-saida\">Desist\u00eancia de sa\u00edda<\/h2>\n<p>No concurso realizado em 2024, no dia da primeira etapa, j\u00e1 houve uma desist\u00eancia de candidatas: elas representavam 54,6%, menos do que no ato da inscri\u00e7\u00e3o. Depois, apenas 39,3% foram para a segunda fase. A maior diferen\u00e7a, na \u00faltima fase, entre os aprovados, foi no bloco e (tecnologia, dados e informa\u00e7\u00e3o), em que ocuparam somente 8,4% entre os aprovados.<\/p>\n<p>A segunda maior diferen\u00e7a foi no bloco 6 (setores econ\u00f4micos e regula\u00e7\u00e3o), em que elas representaram 25,7% entre as pessoas que ficaram com as vagas. Nas \u00e1reas de n\u00edvel m\u00e9dio, foram aprovadas 26,2%. A \u00fanica \u00e1rea com maioria de mulheres aprovadas foi o bloco 5 (educa\u00e7\u00e3o, sa\u00fade, desenvolvimento social e direitos humanos), em que elas ficaram com 60,3% dos cargos.<\/p>\n<h2 class=\"wp-block-heading\" id=\"h-politica-afirmativa\">Pol\u00edtica afirmativa<\/h2>\n<p>Segundo a ministra, essa equipara\u00e7\u00e3o n\u00e3o deve ser considerada uma reserva de vagas, mas uma pol\u00edtica afirmativa a fim de garantir inclus\u00e3o e oportunidade de mais mulheres realizarem a segunda etapa.<\/p>\n<p>A decis\u00e3o levou em conta que as mulheres s\u00e3o as pessoas a quem mais \u00e9 delegado o cuidado dentro de casa. \u201cA aprova\u00e7\u00e3o das mulheres foi mais concentrada na faixa et\u00e1ria entre 35 e 45 anos\u201d.<\/p>\n<p>Outro cuidado previsto est\u00e1 no cuidado especial \u00e0s mulheres em cursos de forma\u00e7\u00e3o depois da aprova\u00e7\u00e3o.<\/p>\n<p>\u201cNos cursos que o minist\u00e9rio estava coordenando, a gente exigiu que tivesse uma sala de amamenta\u00e7\u00e3o, Uma sala para as crian\u00e7as ficarem com algum respons\u00e1vel que pudesse cuidar delas\u201d, disse a ministra.<\/p>\n<p><em>Siga o Acorda Cidade no<\/em><a href=\"https:\/\/news.google.com\/search?q=acorda%20cidade&amp;hl=pt-BR&amp;gl=BR&amp;ceid=BR%3Apt-419\"><strong><em>\u00a0Google Not\u00edcias<\/em><\/strong><\/a><em>\u00a0e receba os principais destaques do dia. Participe tamb\u00e9m dos nossos canais no\u00a0<\/em><a href=\"https:\/\/www.whatsapp.com\/channel\/0029Va6Rb4v3WHTNnsh8WI3N\"><strong><em>WhatsApp<\/em><\/strong><\/a><em>\u00a0e\u00a0<\/em><a href=\"https:\/\/www.youtube.com\/@acordacidadenoticias\/videos\"><strong>YouTube<\/strong><\/a><em>\u00a0e do grupo no\u00a0<\/em><a href=\"https:\/\/t.me\/+sSz0khrgARA0ZmRh\"><strong><em>Telegram<\/em><\/strong><\/a><\/p>\n<\/div>\n","protected":false},"excerpt":{"rendered":"<div>\n<div>\n<figure><img decoding=\"async\" src=\"https:\/\/uploads.acordacidade.com.br\/2025\/07\/realizando-prova-cnu-vestibular.webp\" alt=\"prova - CNU\"><figcaption>Foto: Marcos Santos\/USP Imagens<\/figcaption><\/figure>\n<\/div>\n<p>Equipara\u00e7\u00e3o levou em conta resultados do concurso de 2024.<\/p><\/div>\n","protected":false},"author":1,"featured_media":91688,"comment_status":"closed","ping_status":"closed","sticky":false,"template":"","format":"gallery","meta":{"footnotes":""},"categories":[8,9,6,57,56,10],"tags":[],"class_list":["post-91687","post","type-post","status-publish","format-gallery","has-post-thumbnail","hentry","category-bahia","category-brasil","category-feira-de-santana","category-mundo","category-policia","category-politica","post_format-post-format-gallery"],"featured_image_urls":{"full":["https:\/\/noticiasbahia360.com.br\/wp-content\/uploads\/2025\/07\/realizando-prova-cnu-vestibular.webp",1200,718,false],"thumbnail":["https:\/\/noticiasbahia360.com.br\/wp-content\/uploads\/2025\/07\/realizando-prova-cnu-vestibular-150x150.webp",150,150,true],"medium":["https:\/\/noticiasbahia360.com.br\/wp-content\/uploads\/2025\/07\/realizando-prova-cnu-vestibular-300x180.webp",300,180,true],"medium_large":["https:\/\/noticiasbahia360.com.br\/wp-content\/uploads\/2025\/07\/realizando-prova-cnu-vestibular-768x460.webp",640,383,true],"large":["https:\/\/noticiasbahia360.com.br\/wp-content\/uploads\/2025\/07\/realizando-prova-cnu-vestibular-1024x613.webp",640,383,true],"1536x1536":["https:\/\/noticiasbahia360.com.br\/wp-content\/uploads\/2025\/07\/realizando-prova-cnu-vestibular.webp",1200,718,false],"2048x2048":["https:\/\/noticiasbahia360.com.br\/wp-content\/uploads\/2025\/07\/realizando-prova-cnu-vestibular.webp",1200,718,false],"chromenews-featured":["https:\/\/noticiasbahia360.com.br\/wp-content\/uploads\/2025\/07\/realizando-prova-cnu-vestibular-1024x613.webp",1024,613,true],"chromenews-large":["https:\/\/noticiasbahia360.com.br\/wp-content\/uploads\/2025\/07\/realizando-prova-cnu-vestibular-825x575.webp",825,575,true],"chromenews-medium":["https:\/\/noticiasbahia360.com.br\/wp-content\/uploads\/2025\/07\/realizando-prova-cnu-vestibular-590x410.webp",590,410,true]},"author_info":{"display_name":"noticiasbahia360.com.br","author_link":"https:\/\/noticiasbahia360.com.br\/?author=1"},"category_info":"<a href=\"https:\/\/noticiasbahia360.com.br\/?cat=8\" rel=\"category\">Bahia<\/a> <a href=\"https:\/\/noticiasbahia360.com.br\/?cat=9\" rel=\"category\">Brasil<\/a> <a href=\"https:\/\/noticiasbahia360.com.br\/?cat=6\" rel=\"category\">Feira de Santana<\/a> <a href=\"https:\/\/noticiasbahia360.com.br\/?cat=57\" rel=\"category\">Mundo<\/a> <a href=\"https:\/\/noticiasbahia360.com.br\/?cat=56\" rel=\"category\">Pol\u00edcia<\/a> <a href=\"https:\/\/noticiasbahia360.com.br\/?cat=10\" rel=\"category\">Pol\u00edtica<\/a>","tag_info":"Pol\u00edtica","comment_count":"0","_links":{"self":[{"href":"https:\/\/noticiasbahia360.com.br\/index.php?rest_route=\/wp\/v2\/posts\/91687","targetHints":{"allow":["GET"]}}],"collection":[{"href":"https:\/\/noticiasbahia360.com.br\/index.php?rest_route=\/wp\/v2\/posts"}],"about":[{"href":"https:\/\/noticiasbahia360.com.br\/index.php?rest_route=\/wp\/v2\/types\/post"}],"author":[{"embeddable":true,"href":"https:\/\/noticiasbahia360.com.br\/index.php?rest_route=\/wp\/v2\/users\/1"}],"replies":[{"embeddable":true,"href":"https:\/\/noticiasbahia360.com.br\/index.php?rest_route=%2Fwp%2Fv2%2Fcomments&post=91687"}],"version-history":[{"count":0,"href":"https:\/\/noticiasbahia360.com.br\/index.php?rest_route=\/wp\/v2\/posts\/91687\/revisions"}],"wp:featuredmedia":[{"embeddable":true,"href":"https:\/\/noticiasbahia360.com.br\/index.php?rest_route=\/wp\/v2\/media\/91688"}],"wp:attachment":[{"href":"https:\/\/noticiasbahia360.com.br\/index.php?rest_route=%2Fwp%2Fv2%2Fmedia&parent=91687"}],"wp:term":[{"taxonomy":"category","embeddable":true,"href":"https:\/\/noticiasbahia360.com.br\/index.php?rest_route=%2Fwp%2Fv2%2Fcategories&post=91687"},{"taxonomy":"post_tag","embeddable":true,"href":"https:\/\/noticiasbahia360.com.br\/index.php?rest_route=%2Fwp%2Fv2%2Ftags&post=91687"}],"curies":[{"name":"wp","href":"https:\/\/api.w.org\/{rel}","templated":true}]}}