{"id":91689,"date":"2025-07-01T08:47:53","date_gmt":"2025-07-01T11:47:53","guid":{"rendered":"https:\/\/noticiasbahia360.com.br\/?p=91689"},"modified":"2025-07-01T08:47:53","modified_gmt":"2025-07-01T11:47:53","slug":"edital-do-cnu-2025-e-publicado-confira","status":"publish","type":"post","link":"https:\/\/noticiasbahia360.com.br\/?p=91689","title":{"rendered":"Edital do CNU 2025 \u00e9 publicado; confira"},"content":{"rendered":"<div>\n<div>\n<figure><img decoding=\"async\" src=\"http:\/\/noticiasbahia360.com.br\/wp-content\/uploads\/2025\/07\/estudantes-concurso-ft-joel-rodrigues-agencia-brasil.jpg\" alt=\"estudantes - concurso\"><figcaption>Foto: Joel Rodrigues\/Ag\u00eancia Brasil<\/figcaption><\/figure>\n<\/div>\n<p>Ag\u00eancia Brasil \u2013 O Minist\u00e9rio da Gest\u00e3o e da Inova\u00e7\u00e3o em Servi\u00e7os P\u00fablicos publicou nessa segunda-feira (30), em edi\u00e7\u00e3o extra do\u00a0<em>Di\u00e1rio Oficial da Uni\u00e3o<\/em>\u00a0(DOU), o edital da segunda edi\u00e7\u00e3o do Concurso P\u00fablico Nacional Unificado (CNU).<a href=\"https:\/\/www.in.gov.br\/en\/web\/dou\/-\/edital-enap-n-114-de-30-de-junho-de-2025-638911305\" target=\"_blank\" rel=\"noreferrer noopener\">\u00a0Confira aqui.\u00a0<\/a><img decoding=\"async\" src=\"https:\/\/agenciabrasil.ebc.com.br\/ebc.png?id=1649026&amp;o=node\"><img decoding=\"async\" src=\"https:\/\/agenciabrasil.ebc.com.br\/ebc.gif?id=1649026&amp;o=node\"><\/p>\n<p>Mais cedo, a ministra Esther Dweck detalhou em entrevista coletiva a\u00a0estrutura e novidades\u00a0do certame.\u00a0\u00a0<\/p>\n<p><strong>As inscri\u00e7\u00f5es come\u00e7am nesta\u00a0quarta-feira (2). A Funda\u00e7\u00e3o Getulio Vargas (FGV) \u00e9 a banca examinadora respons\u00e1vel pela organiza\u00e7\u00e3o do concurso, cuja taxa de inscri\u00e7\u00e3o ser\u00e1 de R$ 70.\u00a0\u00a0<\/strong><\/p>\n<p>O CNU ter\u00e1 3.642 vagas distribu\u00eddas em 32 \u00f3rg\u00e3os p\u00fablicos. Desse total, 2.480 s\u00e3o vagas imediatas e 1.172 para provimento a curto prazo.\u00a0\u00a0<\/p>\n<p><strong>As provas objetivas ser\u00e3o aplicadas no dia 5 de outubro, das 13h \u00e0s 18h, em 228 cidades de todos os estados e no Distrito Federal.<\/strong>\u00a0O objetivo \u00e9 garantir a acessibilidade e reduzir custos para os candidatos.\u00a0<\/p>\n<p><strong>Para os habilitados, ser\u00e1 aplicada prova discursiva no dia 7 de dezembro<\/strong>. A primeira lista de classificados deve ser divulgada no dia 30 de janeiro de 2026.\u00a0<\/p>\n<h2 class=\"wp-block-heading\" id=\"h-blocos-tematicos\">Blocos tem\u00e1ticos<\/h2>\n<p>Os cargos ser\u00e3o agrupados em nove blocos tem\u00e1ticos organizados\u00a0por \u00e1reas de atua\u00e7\u00e3o semelhantes. O modelo \u2013 j\u00e1 adotado na edi\u00e7\u00e3o anterior do concurso \u2013 permite que os candidatos concorram a diferentes cargos dentro do mesmo bloco, com uma \u00fanica inscri\u00e7\u00e3o.\u00a0<\/p>\n<p>No momento em que fizer sua inscri\u00e7\u00e3o, o participante poder\u00e1 definir a lista de prefer\u00eancia, de acordo com interesses profissionais, forma\u00e7\u00e3o acad\u00eamica e experi\u00eancia.<\/p>\n<p><strong>Entre as novidades anunciadas pelo governo, est\u00e3o as destina\u00e7\u00f5es de cotas. As vagas est\u00e3o assim divididas: 65% para ampla concorr\u00eancia, 25% para pessoas negras, 3% para ind\u00edgenas, 2% para quilombolas e 5% para pessoas com defici\u00eancia<\/strong><\/p>\n<h2 class=\"wp-block-heading\" id=\"h-cronograma-do-cnu-2025\">Cronograma do CNU 2025<\/h2>\n<p>Inscri\u00e7\u00f5es: de 2 a 20\/07\/2025<\/p>\n<p>Solicita\u00e7\u00e3o de isen\u00e7\u00e3o da taxa de inscri\u00e7\u00e3o: 2 a 8\/07\/2025<\/p>\n<p>Prova objetiva: 05\/10\/25, das 13h \u00e0s 18h<\/p>\n<p>Convoca\u00e7\u00e3o para prova discursiva: 12\/11\/25<\/p>\n<p>Convoca\u00e7\u00e3o \u2013 confirma\u00e7\u00e3o de cotas e PcD: 12\/11\/25<\/p>\n<p>Envio de t\u00edtulos: 13 a 19\/11\/25<\/p>\n<p>Procedimentos de confirma\u00e7\u00e3o de cotas: 8\/12 a 17\/12\/25<\/p>\n<p>Prova discursiva para habilitados na 1\u00aa fase: 7\/12\/25<\/p>\n<p>Previs\u00e3o de divulga\u00e7\u00e3o da primeira lista de classifica\u00e7\u00e3o: 30\/01\/2026<\/p>\n<p><em>Siga o Acorda Cidade no<\/em><a href=\"https:\/\/news.google.com\/search?q=acorda%20cidade&amp;hl=pt-BR&amp;gl=BR&amp;ceid=BR%3Apt-419\"><strong><em>\u00a0Google Not\u00edcias<\/em><\/strong><\/a><em>\u00a0e receba os principais destaques do dia. Participe tamb\u00e9m dos nossos canais no\u00a0<\/em><a href=\"https:\/\/www.whatsapp.com\/channel\/0029Va6Rb4v3WHTNnsh8WI3N\"><strong><em>WhatsApp<\/em><\/strong><\/a><em>\u00a0e\u00a0<\/em><a href=\"https:\/\/www.youtube.com\/@acordacidadenoticias\/videos\"><strong>YouTube<\/strong><\/a><em>\u00a0e do grupo no\u00a0<\/em><a href=\"https:\/\/t.me\/+sSz0khrgARA0ZmRh\"><strong><em>Telegram<\/em><\/strong><\/a><\/p>\n<\/div>\n","protected":false},"excerpt":{"rendered":"<div>\n<div>\n<figure><img decoding=\"async\" src=\"https:\/\/uploads.acordacidade.com.br\/2024\/11\/estudantes-concurso-ft-joel-rodrigues-agencia-brasil.jpg\" alt=\"estudantes - concurso\"><figcaption>Foto: Joel Rodrigues\/Ag\u00eancia Brasil<\/figcaption><\/figure>\n<\/div>\n<p>Inscri\u00e7\u00f5es come\u00e7am nesta quarta-feira (2).<\/p><\/div>\n","protected":false},"author":1,"featured_media":91690,"comment_status":"closed","ping_status":"closed","sticky":false,"template":"","format":"gallery","meta":{"footnotes":""},"categories":[8,9,6,57,56,10],"tags":[],"class_list":["post-91689","post","type-post","status-publish","format-gallery","has-post-thumbnail","hentry","category-bahia","category-brasil","category-feira-de-santana","category-mundo","category-policia","category-politica","post_format-post-format-gallery"],"featured_image_urls":{"full":["https:\/\/noticiasbahia360.com.br\/wp-content\/uploads\/2025\/07\/estudantes-concurso-ft-joel-rodrigues-agencia-brasil.jpg",640,383,false],"thumbnail":["https:\/\/noticiasbahia360.com.br\/wp-content\/uploads\/2025\/07\/estudantes-concurso-ft-joel-rodrigues-agencia-brasil-150x150.jpg",150,150,true],"medium":["https:\/\/noticiasbahia360.com.br\/wp-content\/uploads\/2025\/07\/estudantes-concurso-ft-joel-rodrigues-agencia-brasil-300x180.jpg",300,180,true],"medium_large":["https:\/\/noticiasbahia360.com.br\/wp-content\/uploads\/2025\/07\/estudantes-concurso-ft-joel-rodrigues-agencia-brasil.jpg",640,383,false],"large":["https:\/\/noticiasbahia360.com.br\/wp-content\/uploads\/2025\/07\/estudantes-concurso-ft-joel-rodrigues-agencia-brasil.jpg",640,383,false],"1536x1536":["https:\/\/noticiasbahia360.com.br\/wp-content\/uploads\/2025\/07\/estudantes-concurso-ft-joel-rodrigues-agencia-brasil.jpg",640,383,false],"2048x2048":["https:\/\/noticiasbahia360.com.br\/wp-content\/uploads\/2025\/07\/estudantes-concurso-ft-joel-rodrigues-agencia-brasil.jpg",640,383,false],"chromenews-featured":["https:\/\/noticiasbahia360.com.br\/wp-content\/uploads\/2025\/07\/estudantes-concurso-ft-joel-rodrigues-agencia-brasil.jpg",640,383,false],"chromenews-large":["https:\/\/noticiasbahia360.com.br\/wp-content\/uploads\/2025\/07\/estudantes-concurso-ft-joel-rodrigues-agencia-brasil.jpg",640,383,false],"chromenews-medium":["https:\/\/noticiasbahia360.com.br\/wp-content\/uploads\/2025\/07\/estudantes-concurso-ft-joel-rodrigues-agencia-brasil-590x383.jpg",590,383,true]},"author_info":{"display_name":"noticiasbahia360.com.br","author_link":"https:\/\/noticiasbahia360.com.br\/?author=1"},"category_info":"<a href=\"https:\/\/noticiasbahia360.com.br\/?cat=8\" rel=\"category\">Bahia<\/a> <a href=\"https:\/\/noticiasbahia360.com.br\/?cat=9\" rel=\"category\">Brasil<\/a> <a href=\"https:\/\/noticiasbahia360.com.br\/?cat=6\" rel=\"category\">Feira de Santana<\/a> <a href=\"https:\/\/noticiasbahia360.com.br\/?cat=57\" rel=\"category\">Mundo<\/a> <a href=\"https:\/\/noticiasbahia360.com.br\/?cat=56\" rel=\"category\">Pol\u00edcia<\/a> <a href=\"https:\/\/noticiasbahia360.com.br\/?cat=10\" rel=\"category\">Pol\u00edtica<\/a>","tag_info":"Pol\u00edtica","comment_count":"0","_links":{"self":[{"href":"https:\/\/noticiasbahia360.com.br\/index.php?rest_route=\/wp\/v2\/posts\/91689","targetHints":{"allow":["GET"]}}],"collection":[{"href":"https:\/\/noticiasbahia360.com.br\/index.php?rest_route=\/wp\/v2\/posts"}],"about":[{"href":"https:\/\/noticiasbahia360.com.br\/index.php?rest_route=\/wp\/v2\/types\/post"}],"author":[{"embeddable":true,"href":"https:\/\/noticiasbahia360.com.br\/index.php?rest_route=\/wp\/v2\/users\/1"}],"replies":[{"embeddable":true,"href":"https:\/\/noticiasbahia360.com.br\/index.php?rest_route=%2Fwp%2Fv2%2Fcomments&post=91689"}],"version-history":[{"count":0,"href":"https:\/\/noticiasbahia360.com.br\/index.php?rest_route=\/wp\/v2\/posts\/91689\/revisions"}],"wp:featuredmedia":[{"embeddable":true,"href":"https:\/\/noticiasbahia360.com.br\/index.php?rest_route=\/wp\/v2\/media\/91690"}],"wp:attachment":[{"href":"https:\/\/noticiasbahia360.com.br\/index.php?rest_route=%2Fwp%2Fv2%2Fmedia&parent=91689"}],"wp:term":[{"taxonomy":"category","embeddable":true,"href":"https:\/\/noticiasbahia360.com.br\/index.php?rest_route=%2Fwp%2Fv2%2Fcategories&post=91689"},{"taxonomy":"post_tag","embeddable":true,"href":"https:\/\/noticiasbahia360.com.br\/index.php?rest_route=%2Fwp%2Fv2%2Ftags&post=91689"}],"curies":[{"name":"wp","href":"https:\/\/api.w.org\/{rel}","templated":true}]}}