{"id":91693,"date":"2025-07-01T09:45:16","date_gmt":"2025-07-01T12:45:16","guid":{"rendered":"https:\/\/noticiasbahia360.com.br\/?p=91693"},"modified":"2025-07-01T09:45:16","modified_gmt":"2025-07-01T12:45:16","slug":"poste-cai-sobre-carro-apos-colisao-no-bairro-sim-em-feira-de-santana","status":"publish","type":"post","link":"https:\/\/noticiasbahia360.com.br\/?p=91693","title":{"rendered":"Poste cai sobre carro ap\u00f3s colis\u00e3o no bairro SIM em Feira de Santana"},"content":{"rendered":"<div>\n<div>\n<figure><img decoding=\"async\" src=\"http:\/\/noticiasbahia360.com.br\/wp-content\/uploads\/2025\/07\/Poste-cai-sobre-carro-apos-colisao-no-bairro-SIM-em-Feira-de-Santana4.jpg\" alt=\"Poste cai sobre carro ap\u00f3s colis\u00e3o no bairro SIM em Feira de Santana\"><figcaption>Foto: Ed Santos\/Acorda Cidade<\/figcaption><\/figure>\n<\/div>\n<p>Um carro colidiu com um poste na manh\u00e3 desta ter\u00e7a-feira (1) na Rua Jos\u00e9 Domingos Servo, no bairro SIM, em <a href=\"https:\/\/www.acordacidade.com.br\/feira-de-santana\/\">Feira de Santana<\/a>. A reportagem do Acorda Cidade esteve no local e verificou que o poste partiu e caiu em cima do ve\u00edculo, um Jeep Compass.<\/p>\n<figure class=\"wp-block-image size-full\"><img fetchpriority=\"high\" data-dominant-color=\"7c8080\" data-has-transparency=\"false\" style=\"--dominant-color: #7c8080;\" fetchpriority=\"high\" decoding=\"async\" width=\"1200\" height=\"675\" sizes=\"(max-width: 1200px) 100vw, 1200px\" src=\"http:\/\/noticiasbahia360.com.br\/wp-content\/uploads\/2025\/07\/Poste-cai-sobre-carro-apos-colisao-no-bairro-SIM-em-Feira-de-Santana2.jpg\" alt=\"Poste cai sobre carro ap\u00f3s colis\u00e3o no bairro SIM em Feira de Santana\" class=\"wp-image-570569 not-transparent\" srcset=\"https:\/\/uploads.acordacidade.com.br\/2025\/07\/Poste-cai-sobre-carro-apos-colisao-no-bairro-SIM-em-Feira-de-Santana2-648x365.jpg 648w, https:\/\/uploads.acordacidade.com.br\/2025\/07\/Poste-cai-sobre-carro-apos-colisao-no-bairro-SIM-em-Feira-de-Santana2-150x84.jpg 150w, http:\/\/noticiasbahia360.com.br\/wp-content\/uploads\/2025\/07\/Poste-cai-sobre-carro-apos-colisao-no-bairro-SIM-em-Feira-de-Santana2.jpg 1200w\"><figcaption class=\"wp-element-caption\">Foto: Ed Santos\/Acorda Cidade<\/figcaption><\/figure>\n<p>N\u00e3o h\u00e1 informa\u00e7\u00f5es de como ocorreu o <a href=\"https:\/\/www.acordacidade.com.br\/tag\/acidente\/\">acidente<\/a> e o condutor do ve\u00edculo n\u00e3o estava no local. Com o poste partido, ele estava sustentado apenas pelo <a href=\"https:\/\/www.acordacidade.com.br\/tag\/veiculo\/\">ve\u00edculo<\/a>.<\/p>\n<figure class=\"wp-block-image size-full\"><img data-dominant-color=\"838a8d\" data-has-transparency=\"false\" style=\"--dominant-color: #838a8d;\" decoding=\"async\" width=\"1200\" height=\"675\" sizes=\"(max-width: 1200px) 100vw, 1200px\" src=\"http:\/\/noticiasbahia360.com.br\/wp-content\/uploads\/2025\/07\/Poste-cai-sobre-carro-apos-colisao-no-bairro-SIM-em-Feira-de-Santana.jpg\" alt=\"colis\u00e3o no bairro SIM em Feira de Santana\" class=\"wp-image-570571 not-transparent\" srcset=\"https:\/\/uploads.acordacidade.com.br\/2025\/07\/Poste-cai-sobre-carro-apos-colisao-no-bairro-SIM-em-Feira-de-Santana-648x365.jpg 648w, https:\/\/uploads.acordacidade.com.br\/2025\/07\/Poste-cai-sobre-carro-apos-colisao-no-bairro-SIM-em-Feira-de-Santana-150x84.jpg 150w, http:\/\/noticiasbahia360.com.br\/wp-content\/uploads\/2025\/07\/Poste-cai-sobre-carro-apos-colisao-no-bairro-SIM-em-Feira-de-Santana.jpg 1200w\"><figcaption class=\"wp-element-caption\">Foto: Ed Santos\/Acorda Cidade<\/figcaption><\/figure>\n<p>Trabalhadores de empresas de <a href=\"https:\/\/www.acordacidade.com.br\/tag\/internet\/\">internet<\/a> que estavam no local, informaram que no poste n\u00e3o tem fia\u00e7\u00e3o el\u00e9trica, apenas cabos de internet.<\/p>\n<figure class=\"wp-block-image size-full\"><img data-dominant-color=\"838481\" data-has-transparency=\"false\" style=\"--dominant-color: #838481;\" decoding=\"async\" width=\"1200\" height=\"675\" sizes=\"(max-width: 1200px) 100vw, 1200px\" src=\"http:\/\/noticiasbahia360.com.br\/wp-content\/uploads\/2025\/07\/Poste-cai-sobre-carro-apos-colisao-no-bairro-SIM-em-Feira-de-Santana3.jpg\" alt=\"Poste cai sobre carro ap\u00f3s colis\u00e3o no bairro SIM em Feira de Santana\" class=\"wp-image-570568 not-transparent\" srcset=\"https:\/\/uploads.acordacidade.com.br\/2025\/07\/Poste-cai-sobre-carro-apos-colisao-no-bairro-SIM-em-Feira-de-Santana3-648x365.jpg 648w, https:\/\/uploads.acordacidade.com.br\/2025\/07\/Poste-cai-sobre-carro-apos-colisao-no-bairro-SIM-em-Feira-de-Santana3-150x84.jpg 150w, http:\/\/noticiasbahia360.com.br\/wp-content\/uploads\/2025\/07\/Poste-cai-sobre-carro-apos-colisao-no-bairro-SIM-em-Feira-de-Santana3.jpg 1200w\"><figcaption class=\"wp-element-caption\">Foto: Ed Santos\/Acorda Cidade<\/figcaption><\/figure>\n<figure class=\"wp-block-image size-full\"><img data-dominant-color=\"595d63\" data-has-transparency=\"false\" style=\"--dominant-color: #595d63;\" decoding=\"async\" width=\"1200\" height=\"675\" sizes=\"(max-width: 1200px) 100vw, 1200px\" src=\"http:\/\/noticiasbahia360.com.br\/wp-content\/uploads\/2025\/07\/Poste-cai-sobre-carro-apos-colisao-no-bairro-SIM-em-Feira-de-Santana1.jpg\" alt=\"Poste cai sobre carro ap\u00f3s colis\u00e3o no bairro SIM em Feira de Santana\" class=\"wp-image-570570 not-transparent\" srcset=\"https:\/\/uploads.acordacidade.com.br\/2025\/07\/Poste-cai-sobre-carro-apos-colisao-no-bairro-SIM-em-Feira-de-Santana1-648x365.jpg 648w, https:\/\/uploads.acordacidade.com.br\/2025\/07\/Poste-cai-sobre-carro-apos-colisao-no-bairro-SIM-em-Feira-de-Santana1-150x84.jpg 150w, http:\/\/noticiasbahia360.com.br\/wp-content\/uploads\/2025\/07\/Poste-cai-sobre-carro-apos-colisao-no-bairro-SIM-em-Feira-de-Santana1.jpg 1200w\"><figcaption class=\"wp-element-caption\">Foto: Ed Santos\/Acorda Cidade<\/figcaption><\/figure>\n<p><em>Com informa\u00e7\u00f5es do rep\u00f3rter Ed Santos do Acorda Cidade<\/em><\/p>\n<p><em>Siga o Acorda Cidade no<\/em><a href=\"https:\/\/news.google.com\/search?q=acorda%20cidade&amp;hl=pt-BR&amp;gl=BR&amp;ceid=BR%3Apt-419\"><strong><em>\u00a0Google Not\u00edcias<\/em><\/strong><\/a><em>\u00a0e receba os principais destaques do dia. Participe tamb\u00e9m dos nossos canais no\u00a0<\/em><a href=\"https:\/\/whatsapp.com\/channel\/0029Va6Rb4v3WHTNnsh8WI3N\"><strong><em>WhatsApp<\/em><\/strong><\/a><em>\u00a0e\u00a0<\/em><a href=\"https:\/\/www.youtube.com\/@acordacidadenoticias\/videos\"><strong>Youtube<\/strong><\/a><em>\u00a0e grupo de\u00a0<\/em><a href=\"https:\/\/t.me\/+sSz0khrgARA0ZmRh\"><strong><em>Telegram<\/em><\/strong><\/a><em>.<\/em><\/p>\n<\/div>\n","protected":false},"excerpt":{"rendered":"<div>\n<div>\n<figure><img decoding=\"async\" src=\"https:\/\/uploads.acordacidade.com.br\/2025\/07\/Poste-cai-sobre-carro-apos-colisao-no-bairro-SIM-em-Feira-de-Santana4.jpg\" alt=\"Poste cai sobre carro ap\u00f3s colis\u00e3o no bairro SIM em Feira de Santana\"><figcaption>Foto: Ed Santos\/Acorda Cidade<\/figcaption><\/figure>\n<\/div>\n<p>N\u00e3o h\u00e1 informa\u00e7\u00f5es de como ocorreu o acidente e o condutor do ve\u00edculo n\u00e3o estava no local.<\/p><\/div>\n","protected":false},"author":1,"featured_media":91694,"comment_status":"closed","ping_status":"closed","sticky":false,"template":"","format":"gallery","meta":{"footnotes":""},"categories":[8,9,6,57,56,10],"tags":[],"class_list":["post-91693","post","type-post","status-publish","format-gallery","has-post-thumbnail","hentry","category-bahia","category-brasil","category-feira-de-santana","category-mundo","category-policia","category-politica","post_format-post-format-gallery"],"featured_image_urls":{"full":["https:\/\/noticiasbahia360.com.br\/wp-content\/uploads\/2025\/07\/Poste-cai-sobre-carro-apos-colisao-no-bairro-SIM-em-Feira-de-Santana4.jpg",1200,675,false],"thumbnail":["https:\/\/noticiasbahia360.com.br\/wp-content\/uploads\/2025\/07\/Poste-cai-sobre-carro-apos-colisao-no-bairro-SIM-em-Feira-de-Santana4-150x150.jpg",150,150,true],"medium":["https:\/\/noticiasbahia360.com.br\/wp-content\/uploads\/2025\/07\/Poste-cai-sobre-carro-apos-colisao-no-bairro-SIM-em-Feira-de-Santana4-300x169.jpg",300,169,true],"medium_large":["https:\/\/noticiasbahia360.com.br\/wp-content\/uploads\/2025\/07\/Poste-cai-sobre-carro-apos-colisao-no-bairro-SIM-em-Feira-de-Santana4-768x432.jpg",640,360,true],"large":["https:\/\/noticiasbahia360.com.br\/wp-content\/uploads\/2025\/07\/Poste-cai-sobre-carro-apos-colisao-no-bairro-SIM-em-Feira-de-Santana4-1024x576.jpg",640,360,true],"1536x1536":["https:\/\/noticiasbahia360.com.br\/wp-content\/uploads\/2025\/07\/Poste-cai-sobre-carro-apos-colisao-no-bairro-SIM-em-Feira-de-Santana4.jpg",1200,675,false],"2048x2048":["https:\/\/noticiasbahia360.com.br\/wp-content\/uploads\/2025\/07\/Poste-cai-sobre-carro-apos-colisao-no-bairro-SIM-em-Feira-de-Santana4.jpg",1200,675,false],"chromenews-featured":["https:\/\/noticiasbahia360.com.br\/wp-content\/uploads\/2025\/07\/Poste-cai-sobre-carro-apos-colisao-no-bairro-SIM-em-Feira-de-Santana4-1024x576.jpg",1024,576,true],"chromenews-large":["https:\/\/noticiasbahia360.com.br\/wp-content\/uploads\/2025\/07\/Poste-cai-sobre-carro-apos-colisao-no-bairro-SIM-em-Feira-de-Santana4-825x575.jpg",825,575,true],"chromenews-medium":["https:\/\/noticiasbahia360.com.br\/wp-content\/uploads\/2025\/07\/Poste-cai-sobre-carro-apos-colisao-no-bairro-SIM-em-Feira-de-Santana4-590x410.jpg",590,410,true]},"author_info":{"display_name":"noticiasbahia360.com.br","author_link":"https:\/\/noticiasbahia360.com.br\/?author=1"},"category_info":"<a href=\"https:\/\/noticiasbahia360.com.br\/?cat=8\" rel=\"category\">Bahia<\/a> <a href=\"https:\/\/noticiasbahia360.com.br\/?cat=9\" rel=\"category\">Brasil<\/a> <a href=\"https:\/\/noticiasbahia360.com.br\/?cat=6\" rel=\"category\">Feira de Santana<\/a> <a href=\"https:\/\/noticiasbahia360.com.br\/?cat=57\" rel=\"category\">Mundo<\/a> <a href=\"https:\/\/noticiasbahia360.com.br\/?cat=56\" rel=\"category\">Pol\u00edcia<\/a> <a href=\"https:\/\/noticiasbahia360.com.br\/?cat=10\" rel=\"category\">Pol\u00edtica<\/a>","tag_info":"Pol\u00edtica","comment_count":"0","_links":{"self":[{"href":"https:\/\/noticiasbahia360.com.br\/index.php?rest_route=\/wp\/v2\/posts\/91693","targetHints":{"allow":["GET"]}}],"collection":[{"href":"https:\/\/noticiasbahia360.com.br\/index.php?rest_route=\/wp\/v2\/posts"}],"about":[{"href":"https:\/\/noticiasbahia360.com.br\/index.php?rest_route=\/wp\/v2\/types\/post"}],"author":[{"embeddable":true,"href":"https:\/\/noticiasbahia360.com.br\/index.php?rest_route=\/wp\/v2\/users\/1"}],"replies":[{"embeddable":true,"href":"https:\/\/noticiasbahia360.com.br\/index.php?rest_route=%2Fwp%2Fv2%2Fcomments&post=91693"}],"version-history":[{"count":0,"href":"https:\/\/noticiasbahia360.com.br\/index.php?rest_route=\/wp\/v2\/posts\/91693\/revisions"}],"wp:featuredmedia":[{"embeddable":true,"href":"https:\/\/noticiasbahia360.com.br\/index.php?rest_route=\/wp\/v2\/media\/91694"}],"wp:attachment":[{"href":"https:\/\/noticiasbahia360.com.br\/index.php?rest_route=%2Fwp%2Fv2%2Fmedia&parent=91693"}],"wp:term":[{"taxonomy":"category","embeddable":true,"href":"https:\/\/noticiasbahia360.com.br\/index.php?rest_route=%2Fwp%2Fv2%2Fcategories&post=91693"},{"taxonomy":"post_tag","embeddable":true,"href":"https:\/\/noticiasbahia360.com.br\/index.php?rest_route=%2Fwp%2Fv2%2Ftags&post=91693"}],"curies":[{"name":"wp","href":"https:\/\/api.w.org\/{rel}","templated":true}]}}