{"id":91699,"date":"2025-07-01T09:45:28","date_gmt":"2025-07-01T12:45:28","guid":{"rendered":"https:\/\/noticiasbahia360.com.br\/?p=91699"},"modified":"2025-07-01T09:45:28","modified_gmt":"2025-07-01T12:45:28","slug":"mulher-e-morta-a-facadas-apos-chamar-companheiro-de-corno","status":"publish","type":"post","link":"https:\/\/noticiasbahia360.com.br\/?p=91699","title":{"rendered":"Mulher \u00e9 morta a facadas ap\u00f3s chamar companheiro de corno"},"content":{"rendered":"<div>\n<div>\n<figure><img decoding=\"async\" src=\"http:\/\/noticiasbahia360.com.br\/wp-content\/uploads\/2025\/07\/mulher-morta-teixera-de-freitas-foto-reproducao.png\" alt=\"facadas\"><figcaption>Foto: Reprodu\u00e7\u00e3o <\/figcaption><\/figure>\n<\/div>\n<div class=\"wp-block-group\">\n<div class=\"wp-block-group__inner-container is-layout-constrained wp-block-group-is-layout-constrained\">\n<p>Uma mulher ind\u00edgena foi morta a facadas em <a href=\"https:\/\/www.acordacidade.com.br\/tag\/teixeira-de-freitas\/\">Teixeira de Freitas<\/a> pelo pr\u00f3prio companheiro, ap\u00f3s cham\u00e1-lo de corno. <strong>A v\u00edtima foi identificada como Jaqueline Silva Marinho. <\/strong>O crime ocorreu na noite da \u00faltima sexta-feira, dia 27 de junho. O homem, suspeito do crime, foi preso em flagrante.<\/p>\n<p>Segundo o g1, a Pol\u00edcia Militar (PM) foi acionada para atender \u00e0 ocorr\u00eancia e, ao chegar ao local, encontrou a mulher, que pertence \u00e0 etnia Patax\u00f3, com perfura\u00e7\u00f5es na regi\u00e3o do t\u00f3rax e do pesco\u00e7o.<\/p>\n<\/div>\n<\/div>\n<div class=\"wp-block-group\">\n<div class=\"wp-block-group__inner-container is-layout-constrained wp-block-group-is-layout-constrained\">\n<h3 class=\"wp-block-heading\" id=\"h-a-captura\">A captura<\/h3>\n<p>Ainda segundo o g1, o autor do crime foi apontado pelo filho da v\u00edtima, um adolescente de 13 anos, que informou \u00e0 PM o endere\u00e7o da m\u00e3e do suspeito. Os agentes se deslocaram at\u00e9 a resid\u00eancia indicada e, ao chegarem l\u00e1, a m\u00e3e do companheiro de Jaqueline confirmou o envolvimento do pr\u00f3prio filho no crime.<\/p>\n<p>Junto com os policiais, a mulher ligou para o suspeito que, ao longo da conversa, informou que estava em uma churrascaria, de onde deveria seguir viagem para o estado do Esp\u00edrito Santo. Os policiais foram at\u00e9 o estabelecimento e encontraram o homem consumindo bebida alco\u00f3lica.\u00a0<\/p>\n<p>O suspeito foi abordado e confessou o crime. Segundo o homem, o crime foi motivado por uma briga de casal e a mulher o teria chamado de \u201ccorno\u201d, o que o deixou transtornado.<\/p>\n<p><em>Siga o Acorda Cidade no<\/em><a href=\"https:\/\/news.google.com\/search?q=acorda%20cidade&amp;hl=pt-BR&amp;gl=BR&amp;ceid=BR%3Apt-419\"><strong><em>\u00a0Google Not\u00edcias<\/em><\/strong><\/a><em>\u00a0e receba os principais destaques do dia. Participe tamb\u00e9m dos nossos canais no\u00a0<\/em><a href=\"https:\/\/www.whatsapp.com\/channel\/0029Va6Rb4v3WHTNnsh8WI3N\"><strong><em>WhatsApp<\/em><\/strong><\/a><em>\u00a0e\u00a0<\/em><a href=\"https:\/\/www.youtube.com\/@acordacidadenoticias\/videos\"><strong>Youtube<\/strong><\/a><em>\u00a0e grupo de\u00a0<\/em><a href=\"https:\/\/t.me\/+sSz0khrgARA0ZmRh\"><strong><em>Telegram<\/em><\/strong><\/a><\/p>\n<\/div>\n<\/div>\n<\/div>\n","protected":false},"excerpt":{"rendered":"<div>\n<div>\n<figure><img decoding=\"async\" src=\"https:\/\/uploads.acordacidade.com.br\/2025\/07\/mulher-morta-teixera-de-freitas-foto-reproducao.png\" alt=\"facadas\"><figcaption>Foto: Reprodu\u00e7\u00e3o <\/figcaption><\/figure>\n<\/div>\n<p>A v\u00edtima foi identificada como Jaqueline Silva Marinho. O crime ocorreu na noite da \u00faltima sexta-feira, dia 27 de junho.<\/p><\/div>\n","protected":false},"author":1,"featured_media":91700,"comment_status":"closed","ping_status":"closed","sticky":false,"template":"","format":"gallery","meta":{"footnotes":""},"categories":[8,9,6,57,56,10],"tags":[],"class_list":["post-91699","post","type-post","status-publish","format-gallery","has-post-thumbnail","hentry","category-bahia","category-brasil","category-feira-de-santana","category-mundo","category-policia","category-politica","post_format-post-format-gallery"],"featured_image_urls":{"full":["https:\/\/noticiasbahia360.com.br\/wp-content\/uploads\/2025\/07\/mulher-morta-teixera-de-freitas-foto-reproducao.png",1200,737,false],"thumbnail":["https:\/\/noticiasbahia360.com.br\/wp-content\/uploads\/2025\/07\/mulher-morta-teixera-de-freitas-foto-reproducao-150x150.png",150,150,true],"medium":["https:\/\/noticiasbahia360.com.br\/wp-content\/uploads\/2025\/07\/mulher-morta-teixera-de-freitas-foto-reproducao-300x184.png",300,184,true],"medium_large":["https:\/\/noticiasbahia360.com.br\/wp-content\/uploads\/2025\/07\/mulher-morta-teixera-de-freitas-foto-reproducao-768x472.png",640,393,true],"large":["https:\/\/noticiasbahia360.com.br\/wp-content\/uploads\/2025\/07\/mulher-morta-teixera-de-freitas-foto-reproducao-1024x629.png",640,393,true],"1536x1536":["https:\/\/noticiasbahia360.com.br\/wp-content\/uploads\/2025\/07\/mulher-morta-teixera-de-freitas-foto-reproducao.png",1200,737,false],"2048x2048":["https:\/\/noticiasbahia360.com.br\/wp-content\/uploads\/2025\/07\/mulher-morta-teixera-de-freitas-foto-reproducao.png",1200,737,false],"chromenews-featured":["https:\/\/noticiasbahia360.com.br\/wp-content\/uploads\/2025\/07\/mulher-morta-teixera-de-freitas-foto-reproducao-1024x629.png",1024,629,true],"chromenews-large":["https:\/\/noticiasbahia360.com.br\/wp-content\/uploads\/2025\/07\/mulher-morta-teixera-de-freitas-foto-reproducao-825x575.png",825,575,true],"chromenews-medium":["https:\/\/noticiasbahia360.com.br\/wp-content\/uploads\/2025\/07\/mulher-morta-teixera-de-freitas-foto-reproducao-590x410.png",590,410,true]},"author_info":{"display_name":"noticiasbahia360.com.br","author_link":"https:\/\/noticiasbahia360.com.br\/?author=1"},"category_info":"<a href=\"https:\/\/noticiasbahia360.com.br\/?cat=8\" rel=\"category\">Bahia<\/a> <a href=\"https:\/\/noticiasbahia360.com.br\/?cat=9\" rel=\"category\">Brasil<\/a> <a href=\"https:\/\/noticiasbahia360.com.br\/?cat=6\" rel=\"category\">Feira de Santana<\/a> <a href=\"https:\/\/noticiasbahia360.com.br\/?cat=57\" rel=\"category\">Mundo<\/a> <a href=\"https:\/\/noticiasbahia360.com.br\/?cat=56\" rel=\"category\">Pol\u00edcia<\/a> <a href=\"https:\/\/noticiasbahia360.com.br\/?cat=10\" rel=\"category\">Pol\u00edtica<\/a>","tag_info":"Pol\u00edtica","comment_count":"0","_links":{"self":[{"href":"https:\/\/noticiasbahia360.com.br\/index.php?rest_route=\/wp\/v2\/posts\/91699","targetHints":{"allow":["GET"]}}],"collection":[{"href":"https:\/\/noticiasbahia360.com.br\/index.php?rest_route=\/wp\/v2\/posts"}],"about":[{"href":"https:\/\/noticiasbahia360.com.br\/index.php?rest_route=\/wp\/v2\/types\/post"}],"author":[{"embeddable":true,"href":"https:\/\/noticiasbahia360.com.br\/index.php?rest_route=\/wp\/v2\/users\/1"}],"replies":[{"embeddable":true,"href":"https:\/\/noticiasbahia360.com.br\/index.php?rest_route=%2Fwp%2Fv2%2Fcomments&post=91699"}],"version-history":[{"count":0,"href":"https:\/\/noticiasbahia360.com.br\/index.php?rest_route=\/wp\/v2\/posts\/91699\/revisions"}],"wp:featuredmedia":[{"embeddable":true,"href":"https:\/\/noticiasbahia360.com.br\/index.php?rest_route=\/wp\/v2\/media\/91700"}],"wp:attachment":[{"href":"https:\/\/noticiasbahia360.com.br\/index.php?rest_route=%2Fwp%2Fv2%2Fmedia&parent=91699"}],"wp:term":[{"taxonomy":"category","embeddable":true,"href":"https:\/\/noticiasbahia360.com.br\/index.php?rest_route=%2Fwp%2Fv2%2Fcategories&post=91699"},{"taxonomy":"post_tag","embeddable":true,"href":"https:\/\/noticiasbahia360.com.br\/index.php?rest_route=%2Fwp%2Fv2%2Ftags&post=91699"}],"curies":[{"name":"wp","href":"https:\/\/api.w.org\/{rel}","templated":true}]}}