{"id":91701,"date":"2025-07-01T09:57:56","date_gmt":"2025-07-01T12:57:56","guid":{"rendered":"https:\/\/noticiasbahia360.com.br\/?p=91701"},"modified":"2025-07-01T09:57:56","modified_gmt":"2025-07-01T12:57:56","slug":"familias-brasileiras-buscam-programacao-recheada-de-atividades-e-acomodacoes-com-clima-de-casa-diz-levantamento","status":"publish","type":"post","link":"https:\/\/noticiasbahia360.com.br\/?p=91701","title":{"rendered":"Fam\u00edlias brasileiras buscam programa\u00e7\u00e3o recheada de atividades e acomoda\u00e7\u00f5es com clima de casa, diz levantamento"},"content":{"rendered":"<div>\n<div>\n<figure><img decoding=\"async\" src=\"http:\/\/noticiasbahia360.com.br\/wp-content\/uploads\/2025\/07\/iStock-1291612564-viagens-viajar-aposentadoria-aposentados-idosos.jpg\" alt=\"Aposentados viajando\"><figcaption>Foto: iStock<\/figcaption><\/figure>\n<\/div>\n<p>As viagens em fam\u00edlia continuam ganhando espa\u00e7o entre os brasileiros, \u00e0 medida que novas gera\u00e7\u00f5es passam a valorizar experi\u00eancias compartilhadas e conex\u00f5es durante o lazer. \u00c9 o que revela uma nova pesquisa da <a href=\"http:\/\/booking.com\/\" target=\"_blank\" rel=\"noreferrer noopener\">Booking.com<\/a> \u2014 uma das maiores empresas de reserva de hot\u00e9is, aluguel de temporada, atra\u00e7\u00f5es e outros servi\u00e7os de turismo \u2014, com dados de mais de 32 mil entrevistados em 32 pa\u00edses, incluindo o Brasil.\u00a0<\/p>\n<p>Segundo o levantamento, mais da metade (55%) dos brasileiros entrevistados viajaram com familiares imediatos (como c\u00f4njuge e filhos) no ano passado, e o mesmo n\u00famero pretende repetir a experi\u00eancia em 2025. A Gera\u00e7\u00e3o X (de 45 a 60 anos) lidera o planejamento de viagens com esse n\u00facleo (61%), seguida por Millennials (de 29 a 44 anos), com 59%.\u00a0<\/p>\n<p>Quando se trata de viagens com a fam\u00edlia extensa, como tios, primos e av\u00f3s, a tend\u00eancia \u00e9 de alta: quase um ter\u00e7o (30%) dos entrevistados no Brasil planeja viajar dessa forma em 2025, frente a 23% que o fizeram em 2024. A Gera\u00e7\u00e3o Z (de 18 a 28 anos) se destaca nessa prefer\u00eancia neste ano, com 38%, e as mulheres tamb\u00e9m demonstram maior ades\u00e3o (32%).\u00a0<\/p>\n<h3 class=\"wp-block-heading\" id=\"h-fatores-que-influenciam-o-planejamento-das-ferias\">\u00a0Fatores que influenciam o planejamento das f\u00e9rias\u00a0<\/h3>\n<p>O estudo tamb\u00e9m mostra que as decis\u00f5es de viagem s\u00e3o movidas pelo desejo de estar junto: 72% dos turistas brasileiros dizem que um dos principais motivos para viajar \u00e9 passar tempo de qualidade com a fam\u00edlia. Essa motiva\u00e7\u00e3o \u00e9 mais forte entre viajantes da Gera\u00e7\u00e3o X e Millenials (ambos com 74%). J\u00e1 sete em cada dez (71%) priorizam destinos considerados \u201cfamily-friendly\u201d, ou seja, adequados para receber fam\u00edlias \u2014 principalmente entre a Gera\u00e7\u00e3o X (74%) e as mulheres (73%).\u00a0<\/p>\n<p>Com crian\u00e7as na viagem, a preocupa\u00e7\u00e3o se amplia. Entre os brasileiros que viajaram com crian\u00e7as no ano passado: 94% priorizam acomoda\u00e7\u00f5es que ofere\u00e7am estrutura e conforto que as fa\u00e7am se sentir em casa; um n\u00famero semelhante (92%) considera essencial expor os pequenos a outras culturas; enquanto quatro em cada cinco (84%) dizem que, em viagens com a fam\u00edlia, tendem a priorizar roteiros com foco em atividades \u2014 como parques tem\u00e1ticos e esportes \u2014, principalmente entre Millennials (88%) e mulheres (86%).\u00a0\u00a0<\/p>\n<p>Ainda nesse recorte, em viagens familiares, a dist\u00e2ncia para um destino \u00e9 uma considera\u00e7\u00e3o muito importante para tr\u00eas em cada quatro (76%) brasileiros, enquanto apenas 28% acreditam que planejar uma viagem em fam\u00edlia \u00e9 estressante \u2013 n\u00famero que sobe para 40% entre viajantes da Gera\u00e7\u00e3o Z. Por fim, tr\u00eas quartos (77%) dos viajantes do pa\u00eds planejam visitar um destino que agrade tanto aos adultos quanto \u00e0s crian\u00e7as \u2014 com destaque para Millennials (82%) e homens (79%).\u00a0<\/p>\n<p>\u201cViajar em fam\u00edlia, hoje, envolve encontrar equil\u00edbrio entre lazer e conforto. Muitos brasileiros buscam roteiros com atividades din\u00e2micas para todas as idades \u2014 como parques, passeios e experi\u00eancias culturais \u2014, mas tamb\u00e9m valorizam acomoda\u00e7\u00f5es com clima de casa, que tragam praticidade e acolhimento. Na Booking.com, oferecemos uma plataforma completa, com diferentes tipos de hospedagem \u2014 de hot\u00e9is e resorts a casas e apartamentos \u2014, al\u00e9m de uma ampla variedade de atra\u00e7\u00f5es que podem ser reservadas no mesmo lugar, facilitando o planejamento de viagens para toda a fam\u00edlia\u201d, comenta Nelson Benavides, Gerente Regional da Booking.com no Brasil.\u00a0<\/p>\n<p><em>Siga o Acorda Cidade no<\/em><a href=\"https:\/\/news.google.com\/search?q=acorda%20cidade&amp;hl=pt-BR&amp;gl=BR&amp;ceid=BR%3Apt-419\"><strong><em>\u00a0Google Not\u00edcias<\/em><\/strong><\/a><em>\u00a0e receba os principais destaques do dia. Participe tamb\u00e9m dos nossos canais no\u00a0<\/em><a href=\"https:\/\/www.whatsapp.com\/channel\/0029Va6Rb4v3WHTNnsh8WI3N\"><strong><em>WhatsApp<\/em><\/strong><\/a><em>\u00a0e\u00a0<\/em><a href=\"https:\/\/www.youtube.com\/@acordacidadenoticias\/videos\"><strong>Youtube<\/strong><\/a><em>\u00a0e grupo de\u00a0<\/em><a href=\"https:\/\/t.me\/+sSz0khrgARA0ZmRh\"><strong><em>Telegram<\/em><\/strong><\/a><\/p>\n<\/div>\n","protected":false},"excerpt":{"rendered":"<div>\n<div>\n<figure><img decoding=\"async\" src=\"https:\/\/uploads.acordacidade.com.br\/wp-content\/uploads\/2023\/11\/13205345\/iStock-1291612564-viagens-viajar-aposentadoria-aposentados-idosos.jpg\" alt=\"Aposentados viajando\"><figcaption>Foto: iStock<\/figcaption><\/figure>\n<\/div>\n<p>55% dos brasileiros entrevistados viajaram com familiares imediatos no ano passado, e o mesmo n\u00famero pretende repetir a experi\u00eancia em 2025.<\/p><\/div>\n","protected":false},"author":1,"featured_media":91702,"comment_status":"closed","ping_status":"closed","sticky":false,"template":"","format":"gallery","meta":{"footnotes":""},"categories":[8,9,6,57,56,10],"tags":[],"class_list":["post-91701","post","type-post","status-publish","format-gallery","has-post-thumbnail","hentry","category-bahia","category-brasil","category-feira-de-santana","category-mundo","category-policia","category-politica","post_format-post-format-gallery"],"featured_image_urls":{"full":["https:\/\/noticiasbahia360.com.br\/wp-content\/uploads\/2025\/07\/iStock-1291612564-viagens-viajar-aposentadoria-aposentados-idosos.jpg",640,427,false],"thumbnail":["https:\/\/noticiasbahia360.com.br\/wp-content\/uploads\/2025\/07\/iStock-1291612564-viagens-viajar-aposentadoria-aposentados-idosos-150x150.jpg",150,150,true],"medium":["https:\/\/noticiasbahia360.com.br\/wp-content\/uploads\/2025\/07\/iStock-1291612564-viagens-viajar-aposentadoria-aposentados-idosos-300x200.jpg",300,200,true],"medium_large":["https:\/\/noticiasbahia360.com.br\/wp-content\/uploads\/2025\/07\/iStock-1291612564-viagens-viajar-aposentadoria-aposentados-idosos.jpg",640,427,false],"large":["https:\/\/noticiasbahia360.com.br\/wp-content\/uploads\/2025\/07\/iStock-1291612564-viagens-viajar-aposentadoria-aposentados-idosos.jpg",640,427,false],"1536x1536":["https:\/\/noticiasbahia360.com.br\/wp-content\/uploads\/2025\/07\/iStock-1291612564-viagens-viajar-aposentadoria-aposentados-idosos.jpg",640,427,false],"2048x2048":["https:\/\/noticiasbahia360.com.br\/wp-content\/uploads\/2025\/07\/iStock-1291612564-viagens-viajar-aposentadoria-aposentados-idosos.jpg",640,427,false],"chromenews-featured":["https:\/\/noticiasbahia360.com.br\/wp-content\/uploads\/2025\/07\/iStock-1291612564-viagens-viajar-aposentadoria-aposentados-idosos.jpg",640,427,false],"chromenews-large":["https:\/\/noticiasbahia360.com.br\/wp-content\/uploads\/2025\/07\/iStock-1291612564-viagens-viajar-aposentadoria-aposentados-idosos.jpg",640,427,false],"chromenews-medium":["https:\/\/noticiasbahia360.com.br\/wp-content\/uploads\/2025\/07\/iStock-1291612564-viagens-viajar-aposentadoria-aposentados-idosos-590x410.jpg",590,410,true]},"author_info":{"display_name":"noticiasbahia360.com.br","author_link":"https:\/\/noticiasbahia360.com.br\/?author=1"},"category_info":"<a href=\"https:\/\/noticiasbahia360.com.br\/?cat=8\" rel=\"category\">Bahia<\/a> <a href=\"https:\/\/noticiasbahia360.com.br\/?cat=9\" rel=\"category\">Brasil<\/a> <a href=\"https:\/\/noticiasbahia360.com.br\/?cat=6\" rel=\"category\">Feira de Santana<\/a> <a href=\"https:\/\/noticiasbahia360.com.br\/?cat=57\" rel=\"category\">Mundo<\/a> <a href=\"https:\/\/noticiasbahia360.com.br\/?cat=56\" rel=\"category\">Pol\u00edcia<\/a> <a href=\"https:\/\/noticiasbahia360.com.br\/?cat=10\" rel=\"category\">Pol\u00edtica<\/a>","tag_info":"Pol\u00edtica","comment_count":"0","_links":{"self":[{"href":"https:\/\/noticiasbahia360.com.br\/index.php?rest_route=\/wp\/v2\/posts\/91701","targetHints":{"allow":["GET"]}}],"collection":[{"href":"https:\/\/noticiasbahia360.com.br\/index.php?rest_route=\/wp\/v2\/posts"}],"about":[{"href":"https:\/\/noticiasbahia360.com.br\/index.php?rest_route=\/wp\/v2\/types\/post"}],"author":[{"embeddable":true,"href":"https:\/\/noticiasbahia360.com.br\/index.php?rest_route=\/wp\/v2\/users\/1"}],"replies":[{"embeddable":true,"href":"https:\/\/noticiasbahia360.com.br\/index.php?rest_route=%2Fwp%2Fv2%2Fcomments&post=91701"}],"version-history":[{"count":0,"href":"https:\/\/noticiasbahia360.com.br\/index.php?rest_route=\/wp\/v2\/posts\/91701\/revisions"}],"wp:featuredmedia":[{"embeddable":true,"href":"https:\/\/noticiasbahia360.com.br\/index.php?rest_route=\/wp\/v2\/media\/91702"}],"wp:attachment":[{"href":"https:\/\/noticiasbahia360.com.br\/index.php?rest_route=%2Fwp%2Fv2%2Fmedia&parent=91701"}],"wp:term":[{"taxonomy":"category","embeddable":true,"href":"https:\/\/noticiasbahia360.com.br\/index.php?rest_route=%2Fwp%2Fv2%2Fcategories&post=91701"},{"taxonomy":"post_tag","embeddable":true,"href":"https:\/\/noticiasbahia360.com.br\/index.php?rest_route=%2Fwp%2Fv2%2Ftags&post=91701"}],"curies":[{"name":"wp","href":"https:\/\/api.w.org\/{rel}","templated":true}]}} 