{"id":91703,"date":"2025-07-01T10:29:44","date_gmt":"2025-07-01T13:29:44","guid":{"rendered":"https:\/\/noticiasbahia360.com.br\/?p=91703"},"modified":"2025-07-01T10:29:44","modified_gmt":"2025-07-01T13:29:44","slug":"moradores-do-conjunto-fraternidade-reclamam-de-bloqueios-de-beneficios-coordenador-do-cras-esclarece-situacao","status":"publish","type":"post","link":"https:\/\/noticiasbahia360.com.br\/?p=91703","title":{"rendered":"Moradores do Conjunto Fraternidade reclamam de bloqueios de benef\u00edcios; coordenador do Cras esclarece situa\u00e7\u00e3o"},"content":{"rendered":"<div>\n<div>\n<figure><img decoding=\"async\" src=\"http:\/\/noticiasbahia360.com.br\/wp-content\/uploads\/2025\/07\/Moradores-do-Conjunto-Fraternidade-reclamam-de-bloqueios-de-beneficios-coordenador-do-Cras-esclarece-situacao2.jpg\" alt=\"Moradores do Conjunto Fraternidade reclamam de bloqueios de benef\u00edcios; coordenador do Cras esclarece situa\u00e7\u00e3o\"><figcaption>Foto: Ney Silva\/Acorda Cidade<\/figcaption><\/figure>\n<\/div>\n<p>Moradores do conjunto Fraternidade, em <a href=\"https:\/\/www.acordacidade.com.br\/feira-de-santana\/\">Feira de Santana<\/a>, enfrentaram fila e muita espera na manh\u00e3 desta ter\u00e7a-feira (1), no Centro de Refer\u00eancia em Assist\u00eancia Social (Cras), para tentar desbloquear benef\u00edcios sociais. Leidjane de Jesus Ara\u00fajo foi uma das pessoas que chegou cedo e disse que n\u00e3o conseguiu atendimento. Ela est\u00e1 com o <a href=\"https:\/\/www.acordacidade.com.br\/tag\/bolsa-familia-2\/\">Bolsa Fam\u00edlia<\/a> bloqueado.<\/p>\n<figure class=\"wp-block-image size-large\"><img fetchpriority=\"high\" data-dominant-color=\"988c81\" data-has-transparency=\"false\" style=\"--dominant-color: #988c81;\" fetchpriority=\"high\" decoding=\"async\" width=\"1024\" height=\"768\" sizes=\"(max-width: 1024px) 100vw, 1024px\" src=\"http:\/\/noticiasbahia360.com.br\/wp-content\/uploads\/2025\/07\/Moradores-do-Conjunto-Fraternidade-reclamam-de-bloqueios-de-beneficios-coordenador-do-Cras-esclarece-situacao1-1024x768-1.jpg\" alt=\"Moradores do Conjunto Fraternidade reclamam de bloqueios de benef\u00edcios; coordenador do Cras esclarece situa\u00e7\u00e3o\" class=\"wp-image-570587 not-transparent\" srcset=\"https:\/\/uploads.acordacidade.com.br\/2025\/07\/Moradores-do-Conjunto-Fraternidade-reclamam-de-bloqueios-de-beneficios-coordenador-do-Cras-esclarece-situacao1-487x365.jpg 487w, http:\/\/noticiasbahia360.com.br\/wp-content\/uploads\/2025\/07\/Moradores-do-Conjunto-Fraternidade-reclamam-de-bloqueios-de-beneficios-coordenador-do-Cras-esclarece-situacao1-1024x768-1.jpg 1024w, https:\/\/uploads.acordacidade.com.br\/2025\/07\/Moradores-do-Conjunto-Fraternidade-reclamam-de-bloqueios-de-beneficios-coordenador-do-Cras-esclarece-situacao1-737x553.jpg 737w, https:\/\/uploads.acordacidade.com.br\/2025\/07\/Moradores-do-Conjunto-Fraternidade-reclamam-de-bloqueios-de-beneficios-coordenador-do-Cras-esclarece-situacao1-150x113.jpg 150w, https:\/\/uploads.acordacidade.com.br\/2025\/07\/Moradores-do-Conjunto-Fraternidade-reclamam-de-bloqueios-de-beneficios-coordenador-do-Cras-esclarece-situacao1.jpg 1200w\"><figcaption class=\"wp-element-caption\">Foto: Ney Silva\/Acorda Cidade<\/figcaption><\/figure>\n<p>\u201cEu tenho um filho e retirei, j\u00e1 que ele n\u00e3o morava mais comigo, mas tamb\u00e9m tenho uma crian\u00e7a pequena que precisa do benef\u00edcio. Ainda n\u00e3o consegui desbloquear e estou tendo essa dificuldade. Tem muita gente e acho um absurdo isso. Tem que chegar \u00e0s 5h da manh\u00e3 e, ainda assim, n\u00e3o encontra vaga, pois s\u00f3 atendem 12 pessoas por dia. Antes o atendimento era agendado\u201d, afirmou.<\/p>\n<p>O coordenador do Cras, Alisson Cruz Costa, informou ao Acorda Cidade que o atendimento de atualiza\u00e7\u00e3o do <a href=\"https:\/\/www.acordacidade.com.br\/tag\/cadastro-unico\/\">Cadastro \u00danico<\/a> est\u00e1 ocorrendo normalmente. Contudo, de acordo com ele, o fluxo aumentou devido \u00e0 grande parcela da popula\u00e7\u00e3o que passou do prazo de dois anos para atualiza\u00e7\u00e3o do cadastro.<\/p>\n<figure class=\"wp-block-image size-large\"><img data-dominant-color=\"938c86\" data-has-transparency=\"false\" style=\"--dominant-color: #938c86;\" decoding=\"async\" width=\"1024\" height=\"768\" sizes=\"(max-width: 1024px) 100vw, 1024px\" src=\"http:\/\/noticiasbahia360.com.br\/wp-content\/uploads\/2025\/07\/Moradores-do-Conjunto-Fraternidade-reclamam-de-bloqueios-de-beneficios-coordenador-do-Cras-esclarece-situacao-1024x768-1.jpg\" alt=\"Moradores do Conjunto Fraternidade reclamam de bloqueios de benef\u00edcios; coordenador do Cras esclarece situa\u00e7\u00e3o\" class=\"wp-image-570588 not-transparent\" srcset=\"https:\/\/uploads.acordacidade.com.br\/2025\/07\/Moradores-do-Conjunto-Fraternidade-reclamam-de-bloqueios-de-beneficios-coordenador-do-Cras-esclarece-situacao-487x365.jpg 487w, http:\/\/noticiasbahia360.com.br\/wp-content\/uploads\/2025\/07\/Moradores-do-Conjunto-Fraternidade-reclamam-de-bloqueios-de-beneficios-coordenador-do-Cras-esclarece-situacao-1024x768-1.jpg 1024w, https:\/\/uploads.acordacidade.com.br\/2025\/07\/Moradores-do-Conjunto-Fraternidade-reclamam-de-bloqueios-de-beneficios-coordenador-do-Cras-esclarece-situacao-737x553.jpg 737w, https:\/\/uploads.acordacidade.com.br\/2025\/07\/Moradores-do-Conjunto-Fraternidade-reclamam-de-bloqueios-de-beneficios-coordenador-do-Cras-esclarece-situacao-150x113.jpg 150w, https:\/\/uploads.acordacidade.com.br\/2025\/07\/Moradores-do-Conjunto-Fraternidade-reclamam-de-bloqueios-de-beneficios-coordenador-do-Cras-esclarece-situacao.jpg 1200w\"><figcaption class=\"wp-element-caption\">Foto: Ney Silva\/Acorda Cidade<\/figcaption><\/figure>\n<p>\u201cComo todos est\u00e3o vindo ao mesmo tempo, o atendimento em si demora mais para ser finalizado, e acontece de n\u00e3o conseguir atender a todos no mesmo instante. Mas todos ser\u00e3o atendidos. A gente pede calma \u00e0 popula\u00e7\u00e3o. Todos ter\u00e3o seus cadastros atualizados\u201d, garantiu.<\/p>\n<p>Alisson informou ainda que profissionais de outros locais est\u00e3o sendo deslocados para o Cras do conjunto Fraternidade com o intuito de auxiliar nos atendimentos e atender \u00e0 grande demanda. Segundo ele, o Cras atende a popula\u00e7\u00e3o do Fraternidade, S\u00edtio Matias, Feira VII e parte do <a href=\"https:\/\/www.acordacidade.com.br\/tag\/tomba\/\">Tomba<\/a>.<\/p>\n<p>\u201c\u00c9 um territ\u00f3rio populoso, e a gente orienta que a popula\u00e7\u00e3o procure o Cras antes de completar dois anos. Algumas pessoas est\u00e3o com o benef\u00edcio bloqueado, e a gente verifica o motivo do bloqueio. Em alguns casos, \u00e9 devido \u00e0 perda do prazo para atualiza\u00e7\u00e3o cadastral, que \u00e9 de dois anos\u201d, explicou.<\/p>\n<p><strong>O atendimento no Cras \u00e9 de segunda a sexta, das 7h \u00e0s 16h.<\/strong><\/p>\n<p>Com informa\u00e7\u00f5es do rep\u00f3rter Ney Silva do Acorda Cidade<\/p>\n<p><em>Siga o Acorda Cidade no<\/em><a href=\"https:\/\/news.google.com\/search?q=acorda%20cidade&amp;hl=pt-BR&amp;gl=BR&amp;ceid=BR%3Apt-419\"><strong><em>\u00a0Google Not\u00edcias<\/em><\/strong><\/a><em>\u00a0e receba os principais destaques do dia. Participe tamb\u00e9m dos nossos canais no\u00a0<\/em><a href=\"https:\/\/whatsapp.com\/channel\/0029Va6Rb4v3WHTNnsh8WI3N\"><strong><em>WhatsApp<\/em><\/strong><\/a><em>\u00a0e\u00a0<\/em><a href=\"https:\/\/www.youtube.com\/@acordacidadenoticias\/videos\"><strong>Youtube<\/strong><\/a><em>\u00a0e grupo de\u00a0<\/em><a href=\"https:\/\/t.me\/+sSz0khrgARA0ZmRh\"><strong><em>Telegram<\/em><\/strong><\/a><em>.<\/em><\/p>\n<\/div>\n","protected":false},"excerpt":{"rendered":"<div>\n<div>\n<figure><img decoding=\"async\" src=\"https:\/\/uploads.acordacidade.com.br\/2025\/07\/Moradores-do-Conjunto-Fraternidade-reclamam-de-bloqueios-de-beneficios-coordenador-do-Cras-esclarece-situacao2.jpg\" alt=\"Moradores do Conjunto Fraternidade reclamam de bloqueios de benef\u00edcios; coordenador do Cras esclarece situa\u00e7\u00e3o\"><figcaption>Foto: Ney Silva\/Acorda Cidade<\/figcaption><\/figure>\n<\/div>\n<p>O coordenador do Cras informou que o atendimento de atualiza\u00e7\u00e3o do Cadastro \u00danico est\u00e1 ocorrendo normalmente.<\/p><\/div>\n","protected":false},"author":1,"featured_media":91704,"comment_status":"closed","ping_status":"closed","sticky":false,"template":"","format":"gallery","meta":{"footnotes":""},"categories":[8,9,6,57,56,10],"tags":[],"class_list":["post-91703","post","type-post","status-publish","format-gallery","has-post-thumbnail","hentry","category-bahia","category-brasil","category-feira-de-santana","category-mundo","category-policia","category-politica","post_format-post-format-gallery"],"featured_image_urls":{"full":["https:\/\/noticiasbahia360.com.br\/wp-content\/uploads\/2025\/07\/Moradores-do-Conjunto-Fraternidade-reclamam-de-bloqueios-de-beneficios-coordenador-do-Cras-esclarece-situacao2.jpg",1200,900,false],"thumbnail":["https:\/\/noticiasbahia360.com.br\/wp-content\/uploads\/2025\/07\/Moradores-do-Conjunto-Fraternidade-reclamam-de-bloqueios-de-beneficios-coordenador-do-Cras-esclarece-situacao2-150x150.jpg",150,150,true],"medium":["https:\/\/noticiasbahia360.com.br\/wp-content\/uploads\/2025\/07\/Moradores-do-Conjunto-Fraternidade-reclamam-de-bloqueios-de-beneficios-coordenador-do-Cras-esclarece-situacao2-300x225.jpg",300,225,true],"medium_large":["https:\/\/noticiasbahia360.com.br\/wp-content\/uploads\/2025\/07\/Moradores-do-Conjunto-Fraternidade-reclamam-de-bloqueios-de-beneficios-coordenador-do-Cras-esclarece-situacao2-768x576.jpg",640,480,true],"large":["https:\/\/noticiasbahia360.com.br\/wp-content\/uploads\/2025\/07\/Moradores-do-Conjunto-Fraternidade-reclamam-de-bloqueios-de-beneficios-coordenador-do-Cras-esclarece-situacao2-1024x768.jpg",640,480,true],"1536x1536":["https:\/\/noticiasbahia360.com.br\/wp-content\/uploads\/2025\/07\/Moradores-do-Conjunto-Fraternidade-reclamam-de-bloqueios-de-beneficios-coordenador-do-Cras-esclarece-situacao2.jpg",1200,900,false],"2048x2048":["https:\/\/noticiasbahia360.com.br\/wp-content\/uploads\/2025\/07\/Moradores-do-Conjunto-Fraternidade-reclamam-de-bloqueios-de-beneficios-coordenador-do-Cras-esclarece-situacao2.jpg",1200,900,false],"chromenews-featured":["https:\/\/noticiasbahia360.com.br\/wp-content\/uploads\/2025\/07\/Moradores-do-Conjunto-Fraternidade-reclamam-de-bloqueios-de-beneficios-coordenador-do-Cras-esclarece-situacao2-1024x768.jpg",1024,768,true],"chromenews-large":["https:\/\/noticiasbahia360.com.br\/wp-content\/uploads\/2025\/07\/Moradores-do-Conjunto-Fraternidade-reclamam-de-bloqueios-de-beneficios-coordenador-do-Cras-esclarece-situacao2-825x575.jpg",825,575,true],"chromenews-medium":["https:\/\/noticiasbahia360.com.br\/wp-content\/uploads\/2025\/07\/Moradores-do-Conjunto-Fraternidade-reclamam-de-bloqueios-de-beneficios-coordenador-do-Cras-esclarece-situacao2-590x410.jpg",590,410,true]},"author_info":{"display_name":"noticiasbahia360.com.br","author_link":"https:\/\/noticiasbahia360.com.br\/?author=1"},"category_info":"<a href=\"https:\/\/noticiasbahia360.com.br\/?cat=8\" rel=\"category\">Bahia<\/a> <a href=\"https:\/\/noticiasbahia360.com.br\/?cat=9\" rel=\"category\">Brasil<\/a> <a href=\"https:\/\/noticiasbahia360.com.br\/?cat=6\" rel=\"category\">Feira de Santana<\/a> <a href=\"https:\/\/noticiasbahia360.com.br\/?cat=57\" rel=\"category\">Mundo<\/a> <a href=\"https:\/\/noticiasbahia360.com.br\/?cat=56\" rel=\"category\">Pol\u00edcia<\/a> <a href=\"https:\/\/noticiasbahia360.com.br\/?cat=10\" rel=\"category\">Pol\u00edtica<\/a>","tag_info":"Pol\u00edtica","comment_count":"0","_links":{"self":[{"href":"https:\/\/noticiasbahia360.com.br\/index.php?rest_route=\/wp\/v2\/posts\/91703","targetHints":{"allow":["GET"]}}],"collection":[{"href":"https:\/\/noticiasbahia360.com.br\/index.php?rest_route=\/wp\/v2\/posts"}],"about":[{"href":"https:\/\/noticiasbahia360.com.br\/index.php?rest_route=\/wp\/v2\/types\/post"}],"author":[{"embeddable":true,"href":"https:\/\/noticiasbahia360.com.br\/index.php?rest_route=\/wp\/v2\/users\/1"}],"replies":[{"embeddable":true,"href":"https:\/\/noticiasbahia360.com.br\/index.php?rest_route=%2Fwp%2Fv2%2Fcomments&post=91703"}],"version-history":[{"count":0,"href":"https:\/\/noticiasbahia360.com.br\/index.php?rest_route=\/wp\/v2\/posts\/91703\/revisions"}],"wp:featuredmedia":[{"embeddable":true,"href":"https:\/\/noticiasbahia360.com.br\/index.php?rest_route=\/wp\/v2\/media\/91704"}],"wp:attachment":[{"href":"https:\/\/noticiasbahia360.com.br\/index.php?rest_route=%2Fwp%2Fv2%2Fmedia&parent=91703"}],"wp:term":[{"taxonomy":"category","embeddable":true,"href":"https:\/\/noticiasbahia360.com.br\/index.php?rest_route=%2Fwp%2Fv2%2Fcategories&post=91703"},{"taxonomy":"post_tag","embeddable":true,"href":"https:\/\/noticiasbahia360.com.br\/index.php?rest_route=%2Fwp%2Fv2%2Ftags&post=91703"}],"curies":[{"name":"wp","href":"https:\/\/api.w.org\/{rel}","templated":true}]}}