{"id":91707,"date":"2025-07-01T11:07:12","date_gmt":"2025-07-01T14:07:12","guid":{"rendered":"https:\/\/noticiasbahia360.com.br\/?p=91707"},"modified":"2025-07-01T11:07:12","modified_gmt":"2025-07-01T14:07:12","slug":"advogadas-negras-promovem-letramento-racial-para-combater-o-racismo-no-brasil","status":"publish","type":"post","link":"https:\/\/noticiasbahia360.com.br\/?p=91707","title":{"rendered":"Advogadas negras promovem Letramento Racial para Combater o Racismo no Brasil"},"content":{"rendered":"<div>\n<div>\n<figure><img decoding=\"async\" src=\"http:\/\/noticiasbahia360.com.br\/wp-content\/uploads\/2025\/07\/Advogadas-negras-promovem-Letramento-Racial-para-Combater-o-Racismo-no-Brasil.jpg\" alt=\"Advogadas negras promovem Letramento Racial para Combater o Racismo no Brasil\"><figcaption>Foto: Divulga\u00e7\u00e3o<\/figcaption><\/figure>\n<\/div>\n<p>Em um cen\u00e1rio brasileiro onde a discuss\u00e3o sobre <a href=\"https:\/\/www.acordacidade.com.br\/tag\/racismo\/\">racismo <\/a>e equidade racial se faz cada vez mais urgente, as Yalod\u00eas \u2013 Rede de Advogadas Negras promovem gratuitamente letramento racial para capacitar cidad\u00e3os a compreender e combater o racismo em suas diversas manifesta\u00e7\u00f5es, promovendo uma sociedade mais justa e equitativa.<\/p>\n<p><a href=\"https:\/\/docs.google.com\/forms\/d\/e\/1FAIpQLSen-P2Vn-C71Efe21oph8fQRACqI1AT663plb8Mba86FCkEzw\/viewform\" target=\"_blank\" rel=\"noreferrer noopener\">Fa\u00e7a aqui a inscri\u00e7\u00e3o <\/a><\/p>\n<p>O Atlas da <a href=\"https:\/\/www.acordacidade.com.br\/tag\/violencia\/\">Viol\u00eancia <\/a>2024, do IPEA e F\u00f3rum Brasileiro de Seguran\u00e7a P\u00fablica, destaca a persist\u00eancia da letalidade contra a popula\u00e7\u00e3o negra, evidenciando a urg\u00eancia de a\u00e7\u00f5es de conscientiza\u00e7\u00e3o e combate ao racismo estrutural. Al\u00e9m disso, a pesquisa \u201cPercep\u00e7\u00f5es sobre o Racismo no Brasil\u201d, realizada pelo Instituto Locomotiva em 2023, j\u00e1 revelava que 72% dos brasileiros reconhecem a exist\u00eancia do racismo no pa\u00eds, mas uma parcela significativa ainda se sente despreparada para lidar com a quest\u00e3o. Nesse contexto, as Yalod\u00eas Advogadas se posicionam como um agente transformador, oferecendo ferramentas para uma atua\u00e7\u00e3o antirracista efetiva.<\/p>\n<p>Para a presidente da rede, Caliane Nunes, a iniciativa representa um marco fundamental: \u201c\u00c9 com imenso orgulho que encabe\u00e7amos um projeto t\u00e3o significativo para o <a href=\"https:\/\/www.acordacidade.com.br\/brasil\/\">Brasil<\/a>. Acreditamos que o letramento racial \u00e9 a base para uma sociedade verdadeiramente antirracista. Nosso compromisso com a equidade racial e social \u00e9 inegoci\u00e1vel, e este curso \u00e9 um reflexo da nossa miss\u00e3o de transformar realidades. Precisamos desconstruir sil\u00eancios e capacitar pessoas para que se tornem agentes de mudan\u00e7a, promovendo o di\u00e1logo e a a\u00e7\u00e3o contra todas as formas de discrimina\u00e7\u00e3o. \u00c9 urgente que cada um assuma sua responsabilidade neste processo<\/p>\n<p>As Yalod\u00eas Advogadas \u00e9 uma organiza\u00e7\u00e3o antirracista, idealizada por juristas negras baianas que se uniram para criar uma rede nacional de operadoras do Direito. Sua miss\u00e3o \u00e9 transformar realidades atrav\u00e9s do acolhimento, da articula\u00e7\u00e3o pol\u00edtica e da forma\u00e7\u00e3o em todo o Brasil, combatendo o racismo e promovendo a justi\u00e7a social.<\/p>\n<h2 class=\"wp-block-heading\" id=\"h-programacao\">Programa\u00e7\u00e3o<\/h2>\n<p>\u00c0s 19h, nos dias 8, 15 e 22 de julho, ocorrer\u00e1 a forma\u00e7\u00e3o \u201cLetramento Racial: Desconstruindo Sil\u00eancios\u201d, de forma online e gratuita para todo o Brasil. O curso ter\u00e1 12 horas de imers\u00e3o e ser\u00e1 ministrado por renomadas especialistas e ativistas da causa. A programa\u00e7\u00e3o abordar\u00e1 desde o mito da democracia racial e o panorama hist\u00f3rico do racismo no Brasil at\u00e9 pr\u00e1ticas cotidianas de enfrentamento e a identifica\u00e7\u00e3o do racismo em diferentes esferas da sociedade, como m\u00eddia, educa\u00e7\u00e3o, sa\u00fade, mercado de trabalho e sistema de justi\u00e7a.<\/p>\n<p><em>Siga o Acorda Cidade no<\/em><a href=\"https:\/\/news.google.com\/search?q=acorda%20cidade&amp;hl=pt-BR&amp;gl=BR&amp;ceid=BR%3Apt-419\"><strong><em>\u00a0Google Not\u00edcias<\/em><\/strong><\/a><em>\u00a0e receba os principais destaques do dia. Participe tamb\u00e9m dos nossos canais no\u00a0<\/em><a href=\"https:\/\/www.whatsapp.com\/channel\/0029Va6Rb4v3WHTNnsh8WI3N\"><strong><em>WhatsApp<\/em><\/strong><\/a><em>\u00a0e\u00a0<\/em><a href=\"https:\/\/www.youtube.com\/@acordacidadenoticias\/videos\"><strong>Youtube<\/strong><\/a><em>\u00a0e grupo de\u00a0<\/em><a href=\"https:\/\/t.me\/+sSz0khrgARA0ZmRh\"><strong><em>Telegram<\/em><\/strong><\/a><\/p>\n<\/div>\n","protected":false},"excerpt":{"rendered":"<div>\n<div>\n<figure><img decoding=\"async\" src=\"https:\/\/uploads.acordacidade.com.br\/2025\/07\/Advogadas-negras-promovem-Letramento-Racial-para-Combater-o-Racismo-no-Brasil.jpg\" alt=\"Advogadas negras promovem Letramento Racial para Combater o Racismo no Brasil\"><figcaption>Foto: Divulga\u00e7\u00e3o<\/figcaption><\/figure>\n<\/div>\n<p>Forma\u00e7\u00e3o tem foco em desconstruir sil\u00eancios e promover equidade racial<\/p><\/div>\n","protected":false},"author":1,"featured_media":91708,"comment_status":"closed","ping_status":"closed","sticky":false,"template":"","format":"gallery","meta":{"footnotes":""},"categories":[8,9,6,57,56,10],"tags":[],"class_list":["post-91707","post","type-post","status-publish","format-gallery","has-post-thumbnail","hentry","category-bahia","category-brasil","category-feira-de-santana","category-mundo","category-policia","category-politica","post_format-post-format-gallery"],"featured_image_urls":{"full":["https:\/\/noticiasbahia360.com.br\/wp-content\/uploads\/2025\/07\/Advogadas-negras-promovem-Letramento-Racial-para-Combater-o-Racismo-no-Brasil.jpg",1200,611,false],"thumbnail":["https:\/\/noticiasbahia360.com.br\/wp-content\/uploads\/2025\/07\/Advogadas-negras-promovem-Letramento-Racial-para-Combater-o-Racismo-no-Brasil-150x150.jpg",150,150,true],"medium":["https:\/\/noticiasbahia360.com.br\/wp-content\/uploads\/2025\/07\/Advogadas-negras-promovem-Letramento-Racial-para-Combater-o-Racismo-no-Brasil-300x153.jpg",300,153,true],"medium_large":["https:\/\/noticiasbahia360.com.br\/wp-content\/uploads\/2025\/07\/Advogadas-negras-promovem-Letramento-Racial-para-Combater-o-Racismo-no-Brasil-768x391.jpg",640,326,true],"large":["https:\/\/noticiasbahia360.com.br\/wp-content\/uploads\/2025\/07\/Advogadas-negras-promovem-Letramento-Racial-para-Combater-o-Racismo-no-Brasil-1024x521.jpg",640,326,true],"1536x1536":["https:\/\/noticiasbahia360.com.br\/wp-content\/uploads\/2025\/07\/Advogadas-negras-promovem-Letramento-Racial-para-Combater-o-Racismo-no-Brasil.jpg",1200,611,false],"2048x2048":["https:\/\/noticiasbahia360.com.br\/wp-content\/uploads\/2025\/07\/Advogadas-negras-promovem-Letramento-Racial-para-Combater-o-Racismo-no-Brasil.jpg",1200,611,false],"chromenews-featured":["https:\/\/noticiasbahia360.com.br\/wp-content\/uploads\/2025\/07\/Advogadas-negras-promovem-Letramento-Racial-para-Combater-o-Racismo-no-Brasil-1024x521.jpg",1024,521,true],"chromenews-large":["https:\/\/noticiasbahia360.com.br\/wp-content\/uploads\/2025\/07\/Advogadas-negras-promovem-Letramento-Racial-para-Combater-o-Racismo-no-Brasil-825x575.jpg",825,575,true],"chromenews-medium":["https:\/\/noticiasbahia360.com.br\/wp-content\/uploads\/2025\/07\/Advogadas-negras-promovem-Letramento-Racial-para-Combater-o-Racismo-no-Brasil-590x410.jpg",590,410,true]},"author_info":{"display_name":"noticiasbahia360.com.br","author_link":"https:\/\/noticiasbahia360.com.br\/?author=1"},"category_info":"<a href=\"https:\/\/noticiasbahia360.com.br\/?cat=8\" rel=\"category\">Bahia<\/a> <a href=\"https:\/\/noticiasbahia360.com.br\/?cat=9\" rel=\"category\">Brasil<\/a> <a href=\"https:\/\/noticiasbahia360.com.br\/?cat=6\" rel=\"category\">Feira de Santana<\/a> <a href=\"https:\/\/noticiasbahia360.com.br\/?cat=57\" rel=\"category\">Mundo<\/a> <a href=\"https:\/\/noticiasbahia360.com.br\/?cat=56\" rel=\"category\">Pol\u00edcia<\/a> <a href=\"https:\/\/noticiasbahia360.com.br\/?cat=10\" rel=\"category\">Pol\u00edtica<\/a>","tag_info":"Pol\u00edtica","comment_count":"0","_links":{"self":[{"href":"https:\/\/noticiasbahia360.com.br\/index.php?rest_route=\/wp\/v2\/posts\/91707","targetHints":{"allow":["GET"]}}],"collection":[{"href":"https:\/\/noticiasbahia360.com.br\/index.php?rest_route=\/wp\/v2\/posts"}],"about":[{"href":"https:\/\/noticiasbahia360.com.br\/index.php?rest_route=\/wp\/v2\/types\/post"}],"author":[{"embeddable":true,"href":"https:\/\/noticiasbahia360.com.br\/index.php?rest_route=\/wp\/v2\/users\/1"}],"replies":[{"embeddable":true,"href":"https:\/\/noticiasbahia360.com.br\/index.php?rest_route=%2Fwp%2Fv2%2Fcomments&post=91707"}],"version-history":[{"count":0,"href":"https:\/\/noticiasbahia360.com.br\/index.php?rest_route=\/wp\/v2\/posts\/91707\/revisions"}],"wp:featuredmedia":[{"embeddable":true,"href":"https:\/\/noticiasbahia360.com.br\/index.php?rest_route=\/wp\/v2\/media\/91708"}],"wp:attachment":[{"href":"https:\/\/noticiasbahia360.com.br\/index.php?rest_route=%2Fwp%2Fv2%2Fmedia&parent=91707"}],"wp:term":[{"taxonomy":"category","embeddable":true,"href":"https:\/\/noticiasbahia360.com.br\/index.php?rest_route=%2Fwp%2Fv2%2Fcategories&post=91707"},{"taxonomy":"post_tag","embeddable":true,"href":"https:\/\/noticiasbahia360.com.br\/index.php?rest_route=%2Fwp%2Fv2%2Ftags&post=91707"}],"curies":[{"name":"wp","href":"https:\/\/api.w.org\/{rel}","templated":true}]}}