{"id":91709,"date":"2025-07-01T11:16:04","date_gmt":"2025-07-01T14:16:04","guid":{"rendered":"https:\/\/noticiasbahia360.com.br\/?p=91709"},"modified":"2025-07-01T11:16:04","modified_gmt":"2025-07-01T14:16:04","slug":"jovem-morre-apos-ser-espancado-e-ferido-com-bomba-em-santo-antonio-de-jesus-durante-o-sao-joao","status":"publish","type":"post","link":"https:\/\/noticiasbahia360.com.br\/?p=91709","title":{"rendered":"Jovem morre ap\u00f3s ser espancado e ferido com bomba em Santo Ant\u00f4nio de Jesus durante o S\u00e3o Jo\u00e3o"},"content":{"rendered":"<div>\n<div>\n<figure><img decoding=\"async\" src=\"http:\/\/noticiasbahia360.com.br\/wp-content\/uploads\/2025\/07\/hospital_santo_antonio_fachada-555x369-1.jpg\" alt=\"HRSAJ\"><figcaption>Foto: Sesab<\/figcaption><\/figure>\n<\/div>\n<p>Um jovem de 27 anos, identificado como \u00cdtalo Coelho, natural de Salvador, morreu ap\u00f3s ser v\u00edtima de uma violenta agress\u00e3o no munic\u00edpio de Santo Ant\u00f4nio de Jesus, no Rec\u00f4ncavo Baiano. O crime aconteceu no dia 23 de junho, em plena celebra\u00e7\u00e3o do <a href=\"https:\/\/www.acordacidade.com.br\/tag\/sao-joao\/\">S\u00e3o Jo\u00e3o<\/a>.<\/p>\n<p>Segundo informa\u00e7\u00f5es apuradas pelo Blog do Valente, parceiro do Acorda Cidade, \u00cdtalo foi espancado com extrema viol\u00eancia por um grupo de indiv\u00edduos e chegou a ter uma bomba junina colocada em sua boca, o que agravou os ferimentos. Ele foi socorrido e levado em estado grave para o Hospital Regional de Santo Ant\u00f4nio de Jesus, onde permaneceu internado na Unidade de Terapia Intensiva (UTI), mas n\u00e3o resistiu e morreu no dia 27.<\/p>\n<p>Uma testemunha, que preferiu n\u00e3o se identificar, afirmou que o jovem foi \u201ctorturado pra caramba\u201d antes de ser levado ao hospital. O corpo foi encaminhado ao Departamento de Pol\u00edcia T\u00e9cnica (DPT).<\/p>\n<p>A Pol\u00edcia Civil investiga o caso e apura a possibilidade de liga\u00e7\u00e3o com disputas entre fac\u00e7\u00f5es criminosas durante o per\u00edodo festivo na cidade. At\u00e9 o momento, a motiva\u00e7\u00e3o exata do crime n\u00e3o foi oficialmente confirmada.<\/p>\n<p><em>Siga o Acorda Cidade no<\/em><a href=\"https:\/\/news.google.com\/search?q=acorda%20cidade&amp;hl=pt-BR&amp;gl=BR&amp;ceid=BR%3Apt-419\"><strong><em> Google Not\u00edcias<\/em><\/strong><\/a><em> e receba os principais destaques do dia. Participe tamb\u00e9m dos nossos canais no <\/em><a href=\"https:\/\/whatsapp.com\/channel\/0029Va6Rb4v3WHTNnsh8WI3N\"><strong><em>WhatsApp<\/em><\/strong><\/a><em> e <\/em><a href=\"https:\/\/www.youtube.com\/@acordacidadenoticias\/videos\"><strong>Youtube<\/strong><\/a><em> e grupo de <\/em><a href=\"https:\/\/t.me\/+sSz0khrgARA0ZmRh\"><strong><em>Telegram<\/em><\/strong><\/a><em>.<\/em><\/p>\n<\/div>\n","protected":false},"excerpt":{"rendered":"<div>\n<div>\n<figure><img decoding=\"async\" src=\"https:\/\/uploads.acordacidade.com.br\/wp-content\/uploads\/2023\/12\/25152233\/hospital_santo_antonio_fachada-555x369-1.jpg\" alt=\"HRSAJ\"><figcaption>Foto: Sesab<\/figcaption><\/figure>\n<\/div>\n<p>O jovem foi levado em estado grave para o Hospital Regional de Santo Ant\u00f4nio de Jesus, mas n\u00e3o resistiu.<\/p><\/div>\n","protected":false},"author":1,"featured_media":91710,"comment_status":"closed","ping_status":"closed","sticky":false,"template":"","format":"gallery","meta":{"footnotes":""},"categories":[8,9,6,57,56,10],"tags":[],"class_list":["post-91709","post","type-post","status-publish","format-gallery","has-post-thumbnail","hentry","category-bahia","category-brasil","category-feira-de-santana","category-mundo","category-policia","category-politica","post_format-post-format-gallery"],"featured_image_urls":{"full":["https:\/\/noticiasbahia360.com.br\/wp-content\/uploads\/2025\/07\/hospital_santo_antonio_fachada-555x369-1.jpg",555,369,false],"thumbnail":["https:\/\/noticiasbahia360.com.br\/wp-content\/uploads\/2025\/07\/hospital_santo_antonio_fachada-555x369-1-150x150.jpg",150,150,true],"medium":["https:\/\/noticiasbahia360.com.br\/wp-content\/uploads\/2025\/07\/hospital_santo_antonio_fachada-555x369-1-300x199.jpg",300,199,true],"medium_large":["https:\/\/noticiasbahia360.com.br\/wp-content\/uploads\/2025\/07\/hospital_santo_antonio_fachada-555x369-1.jpg",555,369,false],"large":["https:\/\/noticiasbahia360.com.br\/wp-content\/uploads\/2025\/07\/hospital_santo_antonio_fachada-555x369-1.jpg",555,369,false],"1536x1536":["https:\/\/noticiasbahia360.com.br\/wp-content\/uploads\/2025\/07\/hospital_santo_antonio_fachada-555x369-1.jpg",555,369,false],"2048x2048":["https:\/\/noticiasbahia360.com.br\/wp-content\/uploads\/2025\/07\/hospital_santo_antonio_fachada-555x369-1.jpg",555,369,false],"chromenews-featured":["https:\/\/noticiasbahia360.com.br\/wp-content\/uploads\/2025\/07\/hospital_santo_antonio_fachada-555x369-1.jpg",555,369,false],"chromenews-large":["https:\/\/noticiasbahia360.com.br\/wp-content\/uploads\/2025\/07\/hospital_santo_antonio_fachada-555x369-1.jpg",555,369,false],"chromenews-medium":["https:\/\/noticiasbahia360.com.br\/wp-content\/uploads\/2025\/07\/hospital_santo_antonio_fachada-555x369-1.jpg",555,369,false]},"author_info":{"display_name":"noticiasbahia360.com.br","author_link":"https:\/\/noticiasbahia360.com.br\/?author=1"},"category_info":"<a href=\"https:\/\/noticiasbahia360.com.br\/?cat=8\" rel=\"category\">Bahia<\/a> <a href=\"https:\/\/noticiasbahia360.com.br\/?cat=9\" rel=\"category\">Brasil<\/a> <a href=\"https:\/\/noticiasbahia360.com.br\/?cat=6\" rel=\"category\">Feira de Santana<\/a> <a href=\"https:\/\/noticiasbahia360.com.br\/?cat=57\" rel=\"category\">Mundo<\/a> <a href=\"https:\/\/noticiasbahia360.com.br\/?cat=56\" rel=\"category\">Pol\u00edcia<\/a> <a href=\"https:\/\/noticiasbahia360.com.br\/?cat=10\" rel=\"category\">Pol\u00edtica<\/a>","tag_info":"Pol\u00edtica","comment_count":"0","_links":{"self":[{"href":"https:\/\/noticiasbahia360.com.br\/index.php?rest_route=\/wp\/v2\/posts\/91709","targetHints":{"allow":["GET"]}}],"collection":[{"href":"https:\/\/noticiasbahia360.com.br\/index.php?rest_route=\/wp\/v2\/posts"}],"about":[{"href":"https:\/\/noticiasbahia360.com.br\/index.php?rest_route=\/wp\/v2\/types\/post"}],"author":[{"embeddable":true,"href":"https:\/\/noticiasbahia360.com.br\/index.php?rest_route=\/wp\/v2\/users\/1"}],"replies":[{"embeddable":true,"href":"https:\/\/noticiasbahia360.com.br\/index.php?rest_route=%2Fwp%2Fv2%2Fcomments&post=91709"}],"version-history":[{"count":0,"href":"https:\/\/noticiasbahia360.com.br\/index.php?rest_route=\/wp\/v2\/posts\/91709\/revisions"}],"wp:featuredmedia":[{"embeddable":true,"href":"https:\/\/noticiasbahia360.com.br\/index.php?rest_route=\/wp\/v2\/media\/91710"}],"wp:attachment":[{"href":"https:\/\/noticiasbahia360.com.br\/index.php?rest_route=%2Fwp%2Fv2%2Fmedia&parent=91709"}],"wp:term":[{"taxonomy":"category","embeddable":true,"href":"https:\/\/noticiasbahia360.com.br\/index.php?rest_route=%2Fwp%2Fv2%2Fcategories&post=91709"},{"taxonomy":"post_tag","embeddable":true,"href":"https:\/\/noticiasbahia360.com.br\/index.php?rest_route=%2Fwp%2Fv2%2Ftags&post=91709"}],"curies":[{"name":"wp","href":"https:\/\/api.w.org\/{rel}","templated":true}]}} 