{"id":91711,"date":"2025-07-01T11:35:34","date_gmt":"2025-07-01T14:35:34","guid":{"rendered":"https:\/\/noticiasbahia360.com.br\/?p=91711"},"modified":"2025-07-01T11:35:34","modified_gmt":"2025-07-01T14:35:34","slug":"pf-passa-a-fazer-fiscalizacao-e-registro-de-cacs-a-partir-desta-terca","status":"publish","type":"post","link":"https:\/\/noticiasbahia360.com.br\/?p=91711","title":{"rendered":"PF passa a fazer fiscaliza\u00e7\u00e3o e registro de CACs a partir desta ter\u00e7a"},"content":{"rendered":"<div>\n<div>\n<figure><img decoding=\"async\" src=\"http:\/\/noticiasbahia360.com.br\/wp-content\/uploads\/2025\/07\/PF-passa-a-fazer-fiscalizacao-e-registro-de-CACs-a-partir-desta-terca.jpg\" alt=\"PF passa a fazer fiscaliza\u00e7\u00e3o e registro de CACs a partir desta ter\u00e7a\"><figcaption>Foto: Edilson Rodrigues\/Ag\u00eancia Senado<\/figcaption><\/figure>\n<\/div>\n<p>Ag\u00eancia Brasil \u2013 A responsabilidade pelo registro das licen\u00e7as, controle e fiscaliza\u00e7\u00e3o das atividades de colecionadores, atiradores desportivos e ca\u00e7adores, os chamados CACs, passa a ser da <a href=\"https:\/\/www.acordacidade.com.br\/tag\/policia-federal\/\">Pol\u00edcia Federal<\/a> (PF), a partir desta ter\u00e7a-feira (1\u00ba). Anteriormente, a atribui\u00e7\u00e3o estava a cargo do Comando do <a href=\"https:\/\/www.acordacidade.com.br\/tag\/exercito\/\">Ex\u00e9rcito<\/a>, conforme estabelece o Decreto n\u00ba 11.615, de 21 de julho de 2023.<\/p>\n<p>Segundo a PF, a transi\u00e7\u00e3o ser\u00e1 feita aos poucos pelas superintend\u00eancias regionais. Entre as atribui\u00e7\u00f5es que a institui\u00e7\u00e3o assumir\u00e1 est\u00e3o o registro de pessoas f\u00edsicas e jur\u00eddicas para o exerc\u00edcio das atividades de colecionadores, tiro desportivo e ca\u00e7a excepcional; autoriza\u00e7\u00e3o para compra e transfer\u00eancia de armas; fiscaliza\u00e7\u00e3o das atividades exercidas por CACs; concess\u00e3o de guias de tr\u00e1fego e fiscaliza\u00e7\u00e3o e controle do com\u00e9rcio varejista para pessoa f\u00edsica.<\/p>\n<p>Na semana passada, a PF anunciou est\u00e1 desenvolvendo um painel de Business Intelligence (BI) para trazer mais transpar\u00eancia aos dados estat\u00edsticos de processos relacionados aos CACs. A nova ferramenta contar\u00e1 com dados sobre registros, tipos de <a href=\"https:\/\/www.acordacidade.com.br\/tag\/armas\/\">armas <\/a>mais comuns, quantidade de armas, n\u00famero de vistorias realizadas, autua\u00e7\u00f5es e apreens\u00f5es, entre outros.<\/p>\n<h2 class=\"wp-block-heading\" id=\"h-relembre\">Relembre<\/h2>\n<p>Assinado pelo presidente da Rep\u00fablica, Luiz In\u00e1cio Lula da Silva, pelo ministro da Defesa, Jos\u00e9 M\u00facio, e pelo ent\u00e3o ministro da Justi\u00e7a e Seguran\u00e7a P\u00fablica, o atual ministro do Supremo Tribunal Federal (STF) Fl\u00e1vio Dino, o Decreto n\u00ba 11.615 regulamentou o Estatuto do Desarmamento.<\/p>\n<p>A legisla\u00e7\u00e3o estabelece novas regras para aquisi\u00e7\u00e3o, registro, posse, porte, cadastro e comercializa\u00e7\u00e3o nacional de armas de fogo, muni\u00e7\u00f5es e acess\u00f3rios. Ela define tamb\u00e9m que as atribui\u00e7\u00f5es de autoriza\u00e7\u00e3o, registro e fiscaliza\u00e7\u00e3o de armas de CACs passem do Ex\u00e9rcito para a PF.<\/p>\n<p>A transi\u00e7\u00e3o progressiva de compet\u00eancias dos registros de CACs do Comando do Ex\u00e9rcito para a Pol\u00edcia Federal foi estabelecida em Acordo de Coopera\u00e7\u00e3o T\u00e9cnica (ACT), publicado em 19 de setembro de 2023. O primeiro termo aditivo a esse acordo, de 27 de dezembro, definiu a data de 1\u00ba de julho de 2025 para o in\u00edcio da fiscaliza\u00e7\u00e3o pela PF.<\/p>\n<p>Em maio, o Minist\u00e9rio da Justi\u00e7a destinou R$ 20 milh\u00f5es para a PF assumir a nova atribui\u00e7\u00e3o. De acordo com o secret\u00e1rio-executivo do minist\u00e9rio, Manoel Carlos de Almeida Neto, at\u00e9 o m\u00eas passado, 600 servidores da institui\u00e7\u00e3o j\u00e1 tinham sido qualificados para exercer as novas fun\u00e7\u00f5es e novas estruturas, como as delegacias e os n\u00facleos de Controle de Armas que est\u00e3o sendo criadas.<\/p>\n<p><em>Siga o Acorda Cidade no<\/em><a href=\"https:\/\/news.google.com\/search?q=acorda%20cidade&amp;hl=pt-BR&amp;gl=BR&amp;ceid=BR%3Apt-419\"><strong><em>\u00a0Google Not\u00edcias<\/em><\/strong><\/a><em>\u00a0e receba os principais destaques do dia. Participe tamb\u00e9m dos nossos canais no\u00a0<\/em><a href=\"https:\/\/www.whatsapp.com\/channel\/0029Va6Rb4v3WHTNnsh8WI3N\"><strong><em>WhatsApp<\/em><\/strong><\/a><em>\u00a0e\u00a0<\/em><a href=\"https:\/\/www.youtube.com\/@acordacidadenoticias\/videos\"><strong>Youtube<\/strong><\/a><em>\u00a0e grupo de\u00a0<\/em><a href=\"https:\/\/t.me\/+sSz0khrgARA0ZmRh\"><strong><em>Telegram<\/em><\/strong><\/a><em>.<\/em><\/p>\n<\/div>\n","protected":false},"excerpt":{"rendered":"<div>\n<div>\n<figure><img decoding=\"async\" src=\"https:\/\/uploads.acordacidade.com.br\/2025\/07\/PF-passa-a-fazer-fiscalizacao-e-registro-de-CACs-a-partir-desta-terca.jpg\" alt=\"PF passa a fazer fiscaliza\u00e7\u00e3o e registro de CACs a partir desta ter\u00e7a\"><figcaption>Foto: Edilson Rodrigues\/Ag\u00eancia Senado<\/figcaption><\/figure>\n<\/div>\n<p>Anteriormente, a atribui\u00e7\u00e3o estava a cargo do Comando do Ex\u00e9rcito<\/p><\/div>\n","protected":false},"author":1,"featured_media":91712,"comment_status":"closed","ping_status":"closed","sticky":false,"template":"","format":"gallery","meta":{"footnotes":""},"categories":[8,9,6,57,56,10],"tags":[],"class_list":["post-91711","post","type-post","status-publish","format-gallery","has-post-thumbnail","hentry","category-bahia","category-brasil","category-feira-de-santana","category-mundo","category-policia","category-politica","post_format-post-format-gallery"],"featured_image_urls":{"full":["https:\/\/noticiasbahia360.com.br\/wp-content\/uploads\/2025\/07\/PF-passa-a-fazer-fiscalizacao-e-registro-de-CACs-a-partir-desta-terca.jpg",1200,718,false],"thumbnail":["https:\/\/noticiasbahia360.com.br\/wp-content\/uploads\/2025\/07\/PF-passa-a-fazer-fiscalizacao-e-registro-de-CACs-a-partir-desta-terca-150x150.jpg",150,150,true],"medium":["https:\/\/noticiasbahia360.com.br\/wp-content\/uploads\/2025\/07\/PF-passa-a-fazer-fiscalizacao-e-registro-de-CACs-a-partir-desta-terca-300x180.jpg",300,180,true],"medium_large":["https:\/\/noticiasbahia360.com.br\/wp-content\/uploads\/2025\/07\/PF-passa-a-fazer-fiscalizacao-e-registro-de-CACs-a-partir-desta-terca-768x460.jpg",640,383,true],"large":["https:\/\/noticiasbahia360.com.br\/wp-content\/uploads\/2025\/07\/PF-passa-a-fazer-fiscalizacao-e-registro-de-CACs-a-partir-desta-terca-1024x613.jpg",640,383,true],"1536x1536":["https:\/\/noticiasbahia360.com.br\/wp-content\/uploads\/2025\/07\/PF-passa-a-fazer-fiscalizacao-e-registro-de-CACs-a-partir-desta-terca.jpg",1200,718,false],"2048x2048":["https:\/\/noticiasbahia360.com.br\/wp-content\/uploads\/2025\/07\/PF-passa-a-fazer-fiscalizacao-e-registro-de-CACs-a-partir-desta-terca.jpg",1200,718,false],"chromenews-featured":["https:\/\/noticiasbahia360.com.br\/wp-content\/uploads\/2025\/07\/PF-passa-a-fazer-fiscalizacao-e-registro-de-CACs-a-partir-desta-terca-1024x613.jpg",1024,613,true],"chromenews-large":["https:\/\/noticiasbahia360.com.br\/wp-content\/uploads\/2025\/07\/PF-passa-a-fazer-fiscalizacao-e-registro-de-CACs-a-partir-desta-terca-825x575.jpg",825,575,true],"chromenews-medium":["https:\/\/noticiasbahia360.com.br\/wp-content\/uploads\/2025\/07\/PF-passa-a-fazer-fiscalizacao-e-registro-de-CACs-a-partir-desta-terca-590x410.jpg",590,410,true]},"author_info":{"display_name":"noticiasbahia360.com.br","author_link":"https:\/\/noticiasbahia360.com.br\/?author=1"},"category_info":"<a href=\"https:\/\/noticiasbahia360.com.br\/?cat=8\" rel=\"category\">Bahia<\/a> <a href=\"https:\/\/noticiasbahia360.com.br\/?cat=9\" rel=\"category\">Brasil<\/a> <a href=\"https:\/\/noticiasbahia360.com.br\/?cat=6\" rel=\"category\">Feira de Santana<\/a> <a href=\"https:\/\/noticiasbahia360.com.br\/?cat=57\" rel=\"category\">Mundo<\/a> <a href=\"https:\/\/noticiasbahia360.com.br\/?cat=56\" rel=\"category\">Pol\u00edcia<\/a> <a href=\"https:\/\/noticiasbahia360.com.br\/?cat=10\" rel=\"category\">Pol\u00edtica<\/a>","tag_info":"Pol\u00edtica","comment_count":"0","_links":{"self":[{"href":"https:\/\/noticiasbahia360.com.br\/index.php?rest_route=\/wp\/v2\/posts\/91711","targetHints":{"allow":["GET"]}}],"collection":[{"href":"https:\/\/noticiasbahia360.com.br\/index.php?rest_route=\/wp\/v2\/posts"}],"about":[{"href":"https:\/\/noticiasbahia360.com.br\/index.php?rest_route=\/wp\/v2\/types\/post"}],"author":[{"embeddable":true,"href":"https:\/\/noticiasbahia360.com.br\/index.php?rest_route=\/wp\/v2\/users\/1"}],"replies":[{"embeddable":true,"href":"https:\/\/noticiasbahia360.com.br\/index.php?rest_route=%2Fwp%2Fv2%2Fcomments&post=91711"}],"version-history":[{"count":0,"href":"https:\/\/noticiasbahia360.com.br\/index.php?rest_route=\/wp\/v2\/posts\/91711\/revisions"}],"wp:featuredmedia":[{"embeddable":true,"href":"https:\/\/noticiasbahia360.com.br\/index.php?rest_route=\/wp\/v2\/media\/91712"}],"wp:attachment":[{"href":"https:\/\/noticiasbahia360.com.br\/index.php?rest_route=%2Fwp%2Fv2%2Fmedia&parent=91711"}],"wp:term":[{"taxonomy":"category","embeddable":true,"href":"https:\/\/noticiasbahia360.com.br\/index.php?rest_route=%2Fwp%2Fv2%2Fcategories&post=91711"},{"taxonomy":"post_tag","embeddable":true,"href":"https:\/\/noticiasbahia360.com.br\/index.php?rest_route=%2Fwp%2Fv2%2Ftags&post=91711"}],"curies":[{"name":"wp","href":"https:\/\/api.w.org\/{rel}","templated":true}]}} 