{"id":91713,"date":"2025-07-01T11:50:34","date_gmt":"2025-07-01T14:50:34","guid":{"rendered":"https:\/\/noticiasbahia360.com.br\/?p=91713"},"modified":"2025-07-01T11:50:34","modified_gmt":"2025-07-01T14:50:34","slug":"mudanca-na-vacinacao-contra-a-meningite-passa-a-valer-a-partir-de-hoje","status":"publish","type":"post","link":"https:\/\/noticiasbahia360.com.br\/?p=91713","title":{"rendered":"Mudan\u00e7a na vacina\u00e7\u00e3o contra a meningite passa a valer a partir de hoje"},"content":{"rendered":"<div>\n<div>\n<figure><img decoding=\"async\" src=\"http:\/\/noticiasbahia360.com.br\/wp-content\/uploads\/2025\/07\/vacinacao-.jpg\" alt=\"vacina\u00e7\u00e3o meningite\"><figcaption>Foto: Josu\u00e9 Damacena\/Fiocruz\/Divulga\u00e7\u00e3o<\/figcaption><\/figure>\n<\/div>\n<p>Ag\u00eancia Brasil \u2013 A partir desta ter\u00e7a-feira (1\u00ba), a vacina meningoc\u00f3cica ACWY passa a ser ofertada no Sistema \u00danico de Sa\u00fade (<a href=\"https:\/\/www.acordacidade.com.br\/tag\/sus\/\">SUS<\/a>) para crian\u00e7as com 12 meses de vida. A mudan\u00e7a foi anunciada pelo Minist\u00e9rio da Sa\u00fade no \u00faltimo fim de semana e amplia a prote\u00e7\u00e3o contra os principais sorogrupos da bact\u00e9ria causadora da meningite.<\/p>\n<p>At\u00e9 ent\u00e3o, o esquema vacinal contra a meningite inclu\u00eda duas doses da <a href=\"https:\/\/www.acordacidade.com.br\/tag\/vacina\/\">vacina <\/a>meningoc\u00f3cica C, aplicadas aos tr\u00eas e aos cinco meses de vida, e um refor\u00e7o com a mesma dose aos 12 meses. Com a atualiza\u00e7\u00e3o anunciada pelo minist\u00e9rio, o refor\u00e7o aos 12 meses passa a ser feito com a vacina ACWY, que protege contra os sorogrupos A, C, W e Y.<\/p>\n<p>At\u00e9 ent\u00e3o, a ACWY era aplicada, na rede p\u00fabica, apenas em <a href=\"https:\/\/www.acordacidade.com.br\/tag\/adolescentes\/\">adolescentes<\/a> com idade entre 11 e 14 anos, em dose \u00fanica ou como refor\u00e7o, conforme o hist\u00f3rico vacinal.<\/p>\n<h2 class=\"wp-block-heading\" id=\"h-entenda\">Entenda<\/h2>\n<p>Em nota, o <a href=\"https:\/\/www.acordacidade.com.br\/tag\/ministerio-da-saude\/\">Minist\u00e9rio da Sa\u00fade<\/a> informou que crian\u00e7as que j\u00e1 tomaram as duas doses da vacina meningoc\u00f3cica C e a dose de refor\u00e7o da mesma vacina n\u00e3o precisam receber a ACWY neste momento. J\u00e1 as que ainda n\u00e3o foram vacinadas aos 12 meses podem receber a dose de refor\u00e7o com a ACWY.<\/p>\n<h2 class=\"wp-block-heading\" id=\"h-numeros\">N\u00fameros<\/h2>\n<p>Dados do minist\u00e9rio mostram que, em 2025, o <a href=\"https:\/\/www.acordacidade.com.br\/tag\/brasil\/\">Brasil <\/a>registrou, at\u00e9 o momento, 4.406 casos confirmados de meningite, sendo 1.731 do tipo bacteriana, 1.584 do tipo viral e 1.091 por outras causas ou de tipos n\u00e3o identificados.<\/p>\n<p>Outras vacinas dispon\u00edveis no SUS, como a <a href=\"https:\/\/www.acordacidade.com.br\/tag\/bcg\/\">BCG<\/a>, a penta e as pneumoc\u00f3cicas 10, 13 e 23-valente, segundo o minist\u00e9rio, tamb\u00e9m ajudam a proteger contra algumas formas de meningite.<\/p>\n<h2 class=\"wp-block-heading\" id=\"h-a-doenca\">A doen\u00e7a<\/h2>\n<p>A meningite \u00e9 uma inflama\u00e7\u00e3o das meninges, membranas que revestem o <a href=\"https:\/\/www.acordacidade.com.br\/tag\/cerebro\/\">c\u00e9rebro <\/a>e a medula espinhal. A doen\u00e7a pode ser causada por bact\u00e9rias, v\u00edrus, fungos e parasitas, mas tamb\u00e9m pode ter origem n\u00e3o infecciosa, como em casos de <a href=\"https:\/\/www.acordacidade.com.br\/tag\/cancer\/\">c\u00e2ncer <\/a>com met\u00e1stase nas meninges, l\u00fapus, rea\u00e7\u00f5es a medicamentos e traumatismos cranianos.<\/p>\n<p>As meningites bacterianas, de acordo com o minist\u00e9rio, s\u00e3o mais frequentes no outono e inverno, enquanto as meningites virais predominam nas esta\u00e7\u00f5es da primavera e do ver\u00e3o.<\/p>\n<p><em>Siga o Acorda Cidade no<\/em><a href=\"https:\/\/news.google.com\/search?q=acorda%20cidade&amp;hl=pt-BR&amp;gl=BR&amp;ceid=BR%3Apt-419\"><strong><em>\u00a0Google Not\u00edcias<\/em><\/strong><\/a><em>\u00a0e receba os principais destaques do dia. Participe tamb\u00e9m dos nossos canais no\u00a0<\/em><a href=\"https:\/\/www.whatsapp.com\/channel\/0029Va6Rb4v3WHTNnsh8WI3N\"><strong><em>WhatsApp<\/em><\/strong><\/a><em>\u00a0e\u00a0<\/em><a href=\"https:\/\/www.youtube.com\/@acordacidadenoticias\/videos\"><strong>Youtube<\/strong><\/a><em>\u00a0e grupo de\u00a0<\/em><a href=\"https:\/\/t.me\/+sSz0khrgARA0ZmRh\"><strong><em>Telegram<\/em><\/strong><\/a><em>.<\/em><\/p>\n<\/div>\n","protected":false},"excerpt":{"rendered":"<div>\n<div>\n<figure><img decoding=\"async\" src=\"https:\/\/uploads.acordacidade.com.br\/2025\/07\/vacinacao-.jpg\" alt=\"vacina\u00e7\u00e3o meningite\"><figcaption>Foto: Josu\u00e9 Damacena\/Fiocruz\/Divulga\u00e7\u00e3o<\/figcaption><\/figure>\n<\/div>\n<p>Brasil registrou este ano 4.406 casos confirmados da doen\u00e7a<\/p><\/div>\n","protected":false},"author":1,"featured_media":91714,"comment_status":"closed","ping_status":"closed","sticky":false,"template":"","format":"gallery","meta":{"footnotes":""},"categories":[8,9,6,57,56,10],"tags":[],"class_list":["post-91713","post","type-post","status-publish","format-gallery","has-post-thumbnail","hentry","category-bahia","category-brasil","category-feira-de-santana","category-mundo","category-policia","category-politica","post_format-post-format-gallery"],"featured_image_urls":{"full":["https:\/\/noticiasbahia360.com.br\/wp-content\/uploads\/2025\/07\/vacinacao-.jpg",1200,718,false],"thumbnail":["https:\/\/noticiasbahia360.com.br\/wp-content\/uploads\/2025\/07\/vacinacao--150x150.jpg",150,150,true],"medium":["https:\/\/noticiasbahia360.com.br\/wp-content\/uploads\/2025\/07\/vacinacao--300x180.jpg",300,180,true],"medium_large":["https:\/\/noticiasbahia360.com.br\/wp-content\/uploads\/2025\/07\/vacinacao--768x460.jpg",640,383,true],"large":["https:\/\/noticiasbahia360.com.br\/wp-content\/uploads\/2025\/07\/vacinacao--1024x613.jpg",640,383,true],"1536x1536":["https:\/\/noticiasbahia360.com.br\/wp-content\/uploads\/2025\/07\/vacinacao-.jpg",1200,718,false],"2048x2048":["https:\/\/noticiasbahia360.com.br\/wp-content\/uploads\/2025\/07\/vacinacao-.jpg",1200,718,false],"chromenews-featured":["https:\/\/noticiasbahia360.com.br\/wp-content\/uploads\/2025\/07\/vacinacao--1024x613.jpg",1024,613,true],"chromenews-large":["https:\/\/noticiasbahia360.com.br\/wp-content\/uploads\/2025\/07\/vacinacao--825x575.jpg",825,575,true],"chromenews-medium":["https:\/\/noticiasbahia360.com.br\/wp-content\/uploads\/2025\/07\/vacinacao--590x410.jpg",590,410,true]},"author_info":{"display_name":"noticiasbahia360.com.br","author_link":"https:\/\/noticiasbahia360.com.br\/?author=1"},"category_info":"<a href=\"https:\/\/noticiasbahia360.com.br\/?cat=8\" rel=\"category\">Bahia<\/a> <a href=\"https:\/\/noticiasbahia360.com.br\/?cat=9\" rel=\"category\">Brasil<\/a> <a href=\"https:\/\/noticiasbahia360.com.br\/?cat=6\" rel=\"category\">Feira de Santana<\/a> <a href=\"https:\/\/noticiasbahia360.com.br\/?cat=57\" rel=\"category\">Mundo<\/a> <a href=\"https:\/\/noticiasbahia360.com.br\/?cat=56\" rel=\"category\">Pol\u00edcia<\/a> <a href=\"https:\/\/noticiasbahia360.com.br\/?cat=10\" rel=\"category\">Pol\u00edtica<\/a>","tag_info":"Pol\u00edtica","comment_count":"0","_links":{"self":[{"href":"https:\/\/noticiasbahia360.com.br\/index.php?rest_route=\/wp\/v2\/posts\/91713","targetHints":{"allow":["GET"]}}],"collection":[{"href":"https:\/\/noticiasbahia360.com.br\/index.php?rest_route=\/wp\/v2\/posts"}],"about":[{"href":"https:\/\/noticiasbahia360.com.br\/index.php?rest_route=\/wp\/v2\/types\/post"}],"author":[{"embeddable":true,"href":"https:\/\/noticiasbahia360.com.br\/index.php?rest_route=\/wp\/v2\/users\/1"}],"replies":[{"embeddable":true,"href":"https:\/\/noticiasbahia360.com.br\/index.php?rest_route=%2Fwp%2Fv2%2Fcomments&post=91713"}],"version-history":[{"count":0,"href":"https:\/\/noticiasbahia360.com.br\/index.php?rest_route=\/wp\/v2\/posts\/91713\/revisions"}],"wp:featuredmedia":[{"embeddable":true,"href":"https:\/\/noticiasbahia360.com.br\/index.php?rest_route=\/wp\/v2\/media\/91714"}],"wp:attachment":[{"href":"https:\/\/noticiasbahia360.com.br\/index.php?rest_route=%2Fwp%2Fv2%2Fmedia&parent=91713"}],"wp:term":[{"taxonomy":"category","embeddable":true,"href":"https:\/\/noticiasbahia360.com.br\/index.php?rest_route=%2Fwp%2Fv2%2Fcategories&post=91713"},{"taxonomy":"post_tag","embeddable":true,"href":"https:\/\/noticiasbahia360.com.br\/index.php?rest_route=%2Fwp%2Fv2%2Ftags&post=91713"}],"curies":[{"name":"wp","href":"https:\/\/api.w.org\/{rel}","templated":true}]}}