{"id":91715,"date":"2025-07-01T11:55:20","date_gmt":"2025-07-01T14:55:20","guid":{"rendered":"https:\/\/noticiasbahia360.com.br\/?p=91715"},"modified":"2025-07-01T11:55:20","modified_gmt":"2025-07-01T14:55:20","slug":"homem-e-detido-pela-prf-em-santo-antonio-de-jesus-com-carro-roubado-que-foi-comprado-em-feira-de-santana","status":"publish","type":"post","link":"https:\/\/noticiasbahia360.com.br\/?p=91715","title":{"rendered":"Homem \u00e9 detido pela PRF em Santo Ant\u00f4nio de Jesus com carro roubado que foi comprado em Feira de Santana"},"content":{"rendered":"<div>\n<div>\n<figure><img decoding=\"async\" src=\"http:\/\/noticiasbahia360.com.br\/wp-content\/uploads\/2025\/07\/prf-carro-roubado-.jpg\" alt=\"prf carro roubado\"><figcaption>Foto: PRF<\/figcaption><\/figure>\n<\/div>\n<p>Um homem que havia comprado um Colbat roubado em um feir\u00e3o de Feira de Santana foi detido, nesta segunda-feira (30), pela Pol\u00edcia Rodovi\u00e1ria Federal (PRF), na BR 101, em <a href=\"https:\/\/www.acordacidade.com.br\/tag\/santo-antonio-de-jesus\/\">Santo Ant\u00f4nio de Jesus<\/a>. O ve\u00edculo foi adquirido por R$ 16 mil e possu\u00eda queixa criminal na capital baiana.<\/p>\n<p>O procedimento de fiscaliza\u00e7\u00e3o de tr\u00e2nsito, foi motivado pelo flagrante do sistema de ilumina\u00e7\u00e3o alterado. Ao vistoriarem o autom\u00f3vel, os PRFs constataram que o Cobalt portava placas clonadas e possu\u00eda sinais de adultera\u00e7\u00e3o.<\/p>\n<p>Quando questionado, o motorista que \u00e9 inabilitado apresentou vers\u00f5es diferentes. Ap\u00f3s alguns minutos ele confessou que havia adquirido o ve\u00edculo na feira do \u2018rolo\u2019 por R$16 mil. Acrescentou ainda que acreditava que o carro fosse \u2018pokemon\u2019.<\/p>\n<p>O homem que reside em <a href=\"https:\/\/www.acordacidade.com.br\/tag\/salvador-3\/\">Salvador <\/a>foi preso e conduzido para a Delegacia de <a href=\"https:\/\/www.acordacidade.com.br\/tag\/policia-civil\/\">Pol\u00edcia Civil<\/a> de Santo Ant\u00f4nio de Jesus, e poder\u00e1 responder pelos crimes de recepta\u00e7\u00e3o de ve\u00edculo roubado (art. 180) e adultera\u00e7\u00e3o de sinal identificador de ve\u00edculo automotor (art. 311), ambos do C\u00f3digo Penal.<\/p>\n<p>Aten\u00e7\u00e3o para o GOLPE: Carro Finan\u201d ou ainda \u201cCarro NP\u201d (n\u00e3o pago) significa um carro que foi financiado mas nenhuma presta\u00e7\u00e3o foi quitada. O <a href=\"https:\/\/www.acordacidade.com.br\/tag\/golpe\/\">golpe <\/a>acontece desta forma: os golpistas conseguem dados pessoais de pessoas de boa-f\u00e9 (que se tornam v\u00edtimas dos criminosos) para comprar carros zero ou usado em concession\u00e1rias. Assim que o retiram da loja, j\u00e1 o oferecem nos sites de carros NP. As presta\u00e7\u00f5es deixam de ser pagas, at\u00e9 que ent\u00e3o o agente financeiro decide pela busca e apreens\u00e3o do ve\u00edculo e, enquanto isso, o ve\u00edculo \u00e9 revendido a um pre\u00e7o muito baixo e segue rodando, o que \u00e9 crime.<\/p>\n<p><em>Siga o Acorda Cidade no<\/em><a href=\"https:\/\/news.google.com\/search?q=acorda%20cidade&amp;hl=pt-BR&amp;gl=BR&amp;ceid=BR%3Apt-419\"><strong><em>\u00a0Google Not\u00edcias<\/em><\/strong><\/a><em>\u00a0e receba os principais destaques do dia. Participe tamb\u00e9m dos nossos canais no\u00a0<\/em><a href=\"https:\/\/www.whatsapp.com\/channel\/0029Va6Rb4v3WHTNnsh8WI3N\"><strong><em>WhatsApp<\/em><\/strong><\/a><em>\u00a0e\u00a0<\/em><a href=\"https:\/\/www.youtube.com\/@acordacidadenoticias\/videos\"><strong>Youtube<\/strong><\/a><em>\u00a0e grupo de\u00a0<\/em><a href=\"https:\/\/t.me\/+sSz0khrgARA0ZmRh\"><strong><em>Telegram<\/em><\/strong><\/a><em>.<\/em><\/p>\n<\/div>\n","protected":false},"excerpt":{"rendered":"<div>\n<div>\n<figure><img decoding=\"async\" src=\"https:\/\/uploads.acordacidade.com.br\/2025\/07\/prf-carro-roubado-.jpg\" alt=\"prf carro roubado\"><figcaption>Foto: PRF<\/figcaption><\/figure>\n<\/div>\n<p>Ao vistoriarem o autom\u00f3vel, a PRF constatou que o Cobalt portava placas clonadas e possu\u00eda sinais de adultera\u00e7\u00e3o.<\/p><\/div>\n","protected":false},"author":1,"featured_media":91716,"comment_status":"closed","ping_status":"closed","sticky":false,"template":"","format":"gallery","meta":{"footnotes":""},"categories":[8,9,6,57,56,10],"tags":[],"class_list":["post-91715","post","type-post","status-publish","format-gallery","has-post-thumbnail","hentry","category-bahia","category-brasil","category-feira-de-santana","category-mundo","category-policia","category-politica","post_format-post-format-gallery"],"featured_image_urls":{"full":["https:\/\/noticiasbahia360.com.br\/wp-content\/uploads\/2025\/07\/prf-carro-roubado-.jpg",1200,900,false],"thumbnail":["https:\/\/noticiasbahia360.com.br\/wp-content\/uploads\/2025\/07\/prf-carro-roubado--150x150.jpg",150,150,true],"medium":["https:\/\/noticiasbahia360.com.br\/wp-content\/uploads\/2025\/07\/prf-carro-roubado--300x225.jpg",300,225,true],"medium_large":["https:\/\/noticiasbahia360.com.br\/wp-content\/uploads\/2025\/07\/prf-carro-roubado--768x576.jpg",640,480,true],"large":["https:\/\/noticiasbahia360.com.br\/wp-content\/uploads\/2025\/07\/prf-carro-roubado--1024x768.jpg",640,480,true],"1536x1536":["https:\/\/noticiasbahia360.com.br\/wp-content\/uploads\/2025\/07\/prf-carro-roubado-.jpg",1200,900,false],"2048x2048":["https:\/\/noticiasbahia360.com.br\/wp-content\/uploads\/2025\/07\/prf-carro-roubado-.jpg",1200,900,false],"chromenews-featured":["https:\/\/noticiasbahia360.com.br\/wp-content\/uploads\/2025\/07\/prf-carro-roubado--1024x768.jpg",1024,768,true],"chromenews-large":["https:\/\/noticiasbahia360.com.br\/wp-content\/uploads\/2025\/07\/prf-carro-roubado--825x575.jpg",825,575,true],"chromenews-medium":["https:\/\/noticiasbahia360.com.br\/wp-content\/uploads\/2025\/07\/prf-carro-roubado--590x410.jpg",590,410,true]},"author_info":{"display_name":"noticiasbahia360.com.br","author_link":"https:\/\/noticiasbahia360.com.br\/?author=1"},"category_info":"<a href=\"https:\/\/noticiasbahia360.com.br\/?cat=8\" rel=\"category\">Bahia<\/a> <a href=\"https:\/\/noticiasbahia360.com.br\/?cat=9\" rel=\"category\">Brasil<\/a> <a href=\"https:\/\/noticiasbahia360.com.br\/?cat=6\" rel=\"category\">Feira de Santana<\/a> <a href=\"https:\/\/noticiasbahia360.com.br\/?cat=57\" rel=\"category\">Mundo<\/a> <a href=\"https:\/\/noticiasbahia360.com.br\/?cat=56\" rel=\"category\">Pol\u00edcia<\/a> <a href=\"https:\/\/noticiasbahia360.com.br\/?cat=10\" rel=\"category\">Pol\u00edtica<\/a>","tag_info":"Pol\u00edtica","comment_count":"0","_links":{"self":[{"href":"https:\/\/noticiasbahia360.com.br\/index.php?rest_route=\/wp\/v2\/posts\/91715","targetHints":{"allow":["GET"]}}],"collection":[{"href":"https:\/\/noticiasbahia360.com.br\/index.php?rest_route=\/wp\/v2\/posts"}],"about":[{"href":"https:\/\/noticiasbahia360.com.br\/index.php?rest_route=\/wp\/v2\/types\/post"}],"author":[{"embeddable":true,"href":"https:\/\/noticiasbahia360.com.br\/index.php?rest_route=\/wp\/v2\/users\/1"}],"replies":[{"embeddable":true,"href":"https:\/\/noticiasbahia360.com.br\/index.php?rest_route=%2Fwp%2Fv2%2Fcomments&post=91715"}],"version-history":[{"count":0,"href":"https:\/\/noticiasbahia360.com.br\/index.php?rest_route=\/wp\/v2\/posts\/91715\/revisions"}],"wp:featuredmedia":[{"embeddable":true,"href":"https:\/\/noticiasbahia360.com.br\/index.php?rest_route=\/wp\/v2\/media\/91716"}],"wp:attachment":[{"href":"https:\/\/noticiasbahia360.com.br\/index.php?rest_route=%2Fwp%2Fv2%2Fmedia&parent=91715"}],"wp:term":[{"taxonomy":"category","embeddable":true,"href":"https:\/\/noticiasbahia360.com.br\/index.php?rest_route=%2Fwp%2Fv2%2Fcategories&post=91715"},{"taxonomy":"post_tag","embeddable":true,"href":"https:\/\/noticiasbahia360.com.br\/index.php?rest_route=%2Fwp%2Fv2%2Ftags&post=91715"}],"curies":[{"name":"wp","href":"https:\/\/api.w.org\/{rel}","templated":true}]}}