{"id":91717,"date":"2025-07-01T12:00:50","date_gmt":"2025-07-01T15:00:50","guid":{"rendered":"https:\/\/noticiasbahia360.com.br\/?p=91717"},"modified":"2025-07-01T12:00:50","modified_gmt":"2025-07-01T15:00:50","slug":"homem-e-preso-por-estupro-de-vulneravel-contra-a-neta-em-jitauna","status":"publish","type":"post","link":"https:\/\/noticiasbahia360.com.br\/?p=91717","title":{"rendered":"Homem \u00e9 preso por estupro de vulner\u00e1vel contra a neta em Jita\u00fana"},"content":{"rendered":"<div>\n<div>\n<figure><img decoding=\"async\" src=\"http:\/\/noticiasbahia360.com.br\/wp-content\/uploads\/2025\/07\/Homem-e-preso-por-estupro-de-vulneravel-contra-a-neta-em-Jitauna.jpg\" alt=\"Homem \u00e9 preso por estupro de vulner\u00e1vel contra a neta em Jita\u00fana\"><figcaption>Foto: SSP<\/figcaption><\/figure>\n<\/div>\n<p>A <a href=\"https:\/\/www.acordacidade.com.br\/tag\/policia-civil\/\">Pol\u00edcia Civil <\/a>da Bahia cumpriu um mandado de <a href=\"https:\/\/www.acordacidade.com.br\/tag\/prisao\/\">pris\u00e3o <\/a>contra um homem de 52 anos, no munic\u00edpio de Jita\u00fana, suspeito do crime de estupro de vulner\u00e1vel contra uma <a href=\"https:\/\/www.acordacidade.com.br\/tag\/adolescente\/\">adolescente<\/a> de 14 anos, que \u00e9 neta da sua companheira. A pris\u00e3o, realizada nesta segunda-feira (30), por equipes da Delegacia Territorial do munic\u00edpio, ocorreu no distrito de Vila Tem\u00e3o, zona rural da localidade.<\/p>\n<p>As investiga\u00e7\u00f5es foram iniciadas ap\u00f3s a equipe da unidade tomar conhecimento de que o suspeito teria praticado o crime. De imediato, dilig\u00eancias foram iniciadas e foram colhidos os depoimentos da v\u00edtima, da genitora e de outros familiares, al\u00e9m da obten\u00e7\u00e3o de imagens que comprovam o crime. Diante dos ind\u00edcios, foi solicitada a pris\u00e3o preventiva, deferida pelo Poder Judici\u00e1rio.<\/p>\n<p>Ap\u00f3s os procedimentos legais, a v\u00edtima ter\u00e1 acompanhamento psicossocial, garantido por lei, e o homem permanece custodiado e ser\u00e1 transferido para o Conjunto Penal de <a href=\"https:\/\/www.acordacidade.com.br\/tag\/jequie\/\">Jequi\u00e9<\/a>, onde aguardar\u00e1 posicionamento da Justi\u00e7a.<\/p>\n<p><em>Siga o Acorda Cidade no<\/em><a href=\"https:\/\/news.google.com\/search?q=acorda%20cidade&amp;hl=pt-BR&amp;gl=BR&amp;ceid=BR%3Apt-419\"><strong><em>\u00a0Google Not\u00edcias<\/em><\/strong><\/a><em>\u00a0e receba os principais destaques do dia. Participe tamb\u00e9m dos nossos canais no\u00a0<\/em><a href=\"https:\/\/www.whatsapp.com\/channel\/0029Va6Rb4v3WHTNnsh8WI3N\"><strong><em>WhatsApp<\/em><\/strong><\/a><em>\u00a0e\u00a0<\/em><a href=\"https:\/\/www.youtube.com\/@acordacidadenoticias\/videos\"><strong>Youtube<\/strong><\/a><em>\u00a0e grupo de\u00a0<\/em><a href=\"https:\/\/t.me\/+sSz0khrgARA0ZmRh\"><strong><em>Telegram<\/em><\/strong><\/a><em>.<\/em><\/p>\n<\/div>\n","protected":false},"excerpt":{"rendered":"<div>\n<div>\n<figure><img decoding=\"async\" src=\"https:\/\/uploads.acordacidade.com.br\/2025\/07\/Homem-e-preso-por-estupro-de-vulneravel-contra-a-neta-em-Jitauna.jpg\" alt=\"Homem \u00e9 preso por estupro de vulner\u00e1vel contra a neta em Jita\u00fana\"><figcaption>Foto: SSP<\/figcaption><\/figure>\n<\/div>\n<p>O mandado de pris\u00e3o foi cumprido durante a Opera\u00e7\u00e3o Protetor<\/p><\/div>\n","protected":false},"author":1,"featured_media":91718,"comment_status":"closed","ping_status":"closed","sticky":false,"template":"","format":"gallery","meta":{"footnotes":""},"categories":[8,9,6,57,56,10],"tags":[],"class_list":["post-91717","post","type-post","status-publish","format-gallery","has-post-thumbnail","hentry","category-bahia","category-brasil","category-feira-de-santana","category-mundo","category-policia","category-politica","post_format-post-format-gallery"],"featured_image_urls":{"full":["https:\/\/noticiasbahia360.com.br\/wp-content\/uploads\/2025\/07\/Homem-e-preso-por-estupro-de-vulneravel-contra-a-neta-em-Jitauna.jpg",1200,932,false],"thumbnail":["https:\/\/noticiasbahia360.com.br\/wp-content\/uploads\/2025\/07\/Homem-e-preso-por-estupro-de-vulneravel-contra-a-neta-em-Jitauna-150x150.jpg",150,150,true],"medium":["https:\/\/noticiasbahia360.com.br\/wp-content\/uploads\/2025\/07\/Homem-e-preso-por-estupro-de-vulneravel-contra-a-neta-em-Jitauna-300x233.jpg",300,233,true],"medium_large":["https:\/\/noticiasbahia360.com.br\/wp-content\/uploads\/2025\/07\/Homem-e-preso-por-estupro-de-vulneravel-contra-a-neta-em-Jitauna-768x596.jpg",640,497,true],"large":["https:\/\/noticiasbahia360.com.br\/wp-content\/uploads\/2025\/07\/Homem-e-preso-por-estupro-de-vulneravel-contra-a-neta-em-Jitauna-1024x795.jpg",640,497,true],"1536x1536":["https:\/\/noticiasbahia360.com.br\/wp-content\/uploads\/2025\/07\/Homem-e-preso-por-estupro-de-vulneravel-contra-a-neta-em-Jitauna.jpg",1200,932,false],"2048x2048":["https:\/\/noticiasbahia360.com.br\/wp-content\/uploads\/2025\/07\/Homem-e-preso-por-estupro-de-vulneravel-contra-a-neta-em-Jitauna.jpg",1200,932,false],"chromenews-featured":["https:\/\/noticiasbahia360.com.br\/wp-content\/uploads\/2025\/07\/Homem-e-preso-por-estupro-de-vulneravel-contra-a-neta-em-Jitauna-1024x795.jpg",1024,795,true],"chromenews-large":["https:\/\/noticiasbahia360.com.br\/wp-content\/uploads\/2025\/07\/Homem-e-preso-por-estupro-de-vulneravel-contra-a-neta-em-Jitauna-825x575.jpg",825,575,true],"chromenews-medium":["https:\/\/noticiasbahia360.com.br\/wp-content\/uploads\/2025\/07\/Homem-e-preso-por-estupro-de-vulneravel-contra-a-neta-em-Jitauna-590x410.jpg",590,410,true]},"author_info":{"display_name":"noticiasbahia360.com.br","author_link":"https:\/\/noticiasbahia360.com.br\/?author=1"},"category_info":"<a href=\"https:\/\/noticiasbahia360.com.br\/?cat=8\" rel=\"category\">Bahia<\/a> <a href=\"https:\/\/noticiasbahia360.com.br\/?cat=9\" rel=\"category\">Brasil<\/a> <a href=\"https:\/\/noticiasbahia360.com.br\/?cat=6\" rel=\"category\">Feira de Santana<\/a> <a href=\"https:\/\/noticiasbahia360.com.br\/?cat=57\" rel=\"category\">Mundo<\/a> <a href=\"https:\/\/noticiasbahia360.com.br\/?cat=56\" rel=\"category\">Pol\u00edcia<\/a> <a href=\"https:\/\/noticiasbahia360.com.br\/?cat=10\" rel=\"category\">Pol\u00edtica<\/a>","tag_info":"Pol\u00edtica","comment_count":"0","_links":{"self":[{"href":"https:\/\/noticiasbahia360.com.br\/index.php?rest_route=\/wp\/v2\/posts\/91717","targetHints":{"allow":["GET"]}}],"collection":[{"href":"https:\/\/noticiasbahia360.com.br\/index.php?rest_route=\/wp\/v2\/posts"}],"about":[{"href":"https:\/\/noticiasbahia360.com.br\/index.php?rest_route=\/wp\/v2\/types\/post"}],"author":[{"embeddable":true,"href":"https:\/\/noticiasbahia360.com.br\/index.php?rest_route=\/wp\/v2\/users\/1"}],"replies":[{"embeddable":true,"href":"https:\/\/noticiasbahia360.com.br\/index.php?rest_route=%2Fwp%2Fv2%2Fcomments&post=91717"}],"version-history":[{"count":0,"href":"https:\/\/noticiasbahia360.com.br\/index.php?rest_route=\/wp\/v2\/posts\/91717\/revisions"}],"wp:featuredmedia":[{"embeddable":true,"href":"https:\/\/noticiasbahia360.com.br\/index.php?rest_route=\/wp\/v2\/media\/91718"}],"wp:attachment":[{"href":"https:\/\/noticiasbahia360.com.br\/index.php?rest_route=%2Fwp%2Fv2%2Fmedia&parent=91717"}],"wp:term":[{"taxonomy":"category","embeddable":true,"href":"https:\/\/noticiasbahia360.com.br\/index.php?rest_route=%2Fwp%2Fv2%2Fcategories&post=91717"},{"taxonomy":"post_tag","embeddable":true,"href":"https:\/\/noticiasbahia360.com.br\/index.php?rest_route=%2Fwp%2Fv2%2Ftags&post=91717"}],"curies":[{"name":"wp","href":"https:\/\/api.w.org\/{rel}","templated":true}]}}