{"id":91719,"date":"2025-07-01T12:00:54","date_gmt":"2025-07-01T15:00:54","guid":{"rendered":"https:\/\/noticiasbahia360.com.br\/?p=91719"},"modified":"2025-07-01T12:00:54","modified_gmt":"2025-07-01T15:00:54","slug":"secretaria-da-mulher-de-feira-de-santana-esta-funcionando-em-novo-endereco","status":"publish","type":"post","link":"https:\/\/noticiasbahia360.com.br\/?p=91719","title":{"rendered":"Secretaria da Mulher de Feira de Santana est\u00e1 funcionando em novo endere\u00e7o"},"content":{"rendered":"<div>\n<div>\n<figure><img decoding=\"async\" src=\"http:\/\/noticiasbahia360.com.br\/wp-content\/uploads\/2025\/07\/secretaria-da-mulher.jpg\" alt=\"secretaria da mulher\"><figcaption>Foto: Apolo Rocha<\/figcaption><\/figure>\n<\/div>\n<p>A Secretaria da Mulher de <a href=\"https:\/\/www.acordacidade.com.br\/feira-de-santana\/\">Feira de Santana<\/a> est\u00e1 de casa nova. <strong>Agora, o \u00f3rg\u00e3o funciona na Rua Castro Alves, n\u00ba 894, no centro da cidade, em frente \u00e0 Cl\u00ednica S\u00e3o Felipe. <\/strong>Anteriormente, a secretaria estava localizada na Rua Georgina Erisman, n\u00ba 185, tamb\u00e9m no centro. A mudan\u00e7a tem como objetivo oferecer mais conforto e acessibilidade para as mulheres que buscam atendimento e apoio.<\/p>\n<p>A secretaria \u00e9 refer\u00eancia no acolhimento, orienta\u00e7\u00e3o e promo\u00e7\u00e3o dos direitos das <a href=\"https:\/\/www.acordacidade.com.br\/tag\/mulheres\/\">mulheres <\/a>em Feira de Santana. Entre os servi\u00e7os oferecidos est\u00e3o o atendimento psicossocial e jur\u00eddico para mulheres em situa\u00e7\u00e3o de <a href=\"https:\/\/www.acordacidade.com.br\/tag\/violencia\/\">viol\u00eancia<\/a>, com equipe composta por psic\u00f3logas, assistentes sociais e profissionais do direito. O objetivo \u00e9 garantir apoio emocional e acompanhamento nas quest\u00f5es legais.<\/p>\n<p>Al\u00e9m disso, o \u00f3rg\u00e3o promove semin\u00e1rios e eventos tem\u00e1ticos, recebe den\u00fancias e realiza os devidos encaminhamentos aos \u00f3rg\u00e3os competentes. Tamb\u00e9m mant\u00e9m parcerias com institui\u00e7\u00f5es para fortalecer pol\u00edticas p\u00fablicas e fiscalizar programas do governo voltados \u00e0 defesa dos direitos das mulheres.<\/p>\n<p>Campanhas educativas s\u00e3o realizadas ao longo do ano para prevenir e combater a viol\u00eancia de g\u00eanero, incentivar o debate sobre igualdade e promover o respeito \u00e0 diversidade.<\/p>\n<p><em>Siga o Acorda Cidade no<\/em><a href=\"https:\/\/news.google.com\/search?q=acorda%20cidade&amp;hl=pt-BR&amp;gl=BR&amp;ceid=BR%3Apt-419\"><strong><em>\u00a0Google Not\u00edcias<\/em><\/strong><\/a><em>\u00a0e receba os principais destaques do dia. Participe tamb\u00e9m dos nossos canais no\u00a0<\/em><a href=\"https:\/\/www.whatsapp.com\/channel\/0029Va6Rb4v3WHTNnsh8WI3N\"><strong><em>WhatsApp<\/em><\/strong><\/a><em>\u00a0e\u00a0<\/em><a href=\"https:\/\/www.youtube.com\/@acordacidadenoticias\/videos\"><strong>Youtube<\/strong><\/a><em>\u00a0e grupo de\u00a0<\/em><a href=\"https:\/\/t.me\/+sSz0khrgARA0ZmRh\"><strong><em>Telegram<\/em><\/strong><\/a><em>.<\/em><\/p>\n<\/div>\n","protected":false},"excerpt":{"rendered":"<div>\n<div>\n<figure><img decoding=\"async\" src=\"https:\/\/uploads.acordacidade.com.br\/2025\/07\/secretaria-da-mulher.jpg\" alt=\"secretaria da mulher\"><figcaption>Foto: Apolo Rocha<\/figcaption><\/figure>\n<\/div>\n<p>A mudan\u00e7a tem como objetivo oferecer mais conforto e acessibilidade para as mulheres que buscam atendimento<\/p><\/div>\n","protected":false},"author":1,"featured_media":91720,"comment_status":"closed","ping_status":"closed","sticky":false,"template":"","format":"gallery","meta":{"footnotes":""},"categories":[8,9,6,57,56,10],"tags":[],"class_list":["post-91719","post","type-post","status-publish","format-gallery","has-post-thumbnail","hentry","category-bahia","category-brasil","category-feira-de-santana","category-mundo","category-policia","category-politica","post_format-post-format-gallery"],"featured_image_urls":{"full":["https:\/\/noticiasbahia360.com.br\/wp-content\/uploads\/2025\/07\/secretaria-da-mulher.jpg",1200,799,false],"thumbnail":["https:\/\/noticiasbahia360.com.br\/wp-content\/uploads\/2025\/07\/secretaria-da-mulher-150x150.jpg",150,150,true],"medium":["https:\/\/noticiasbahia360.com.br\/wp-content\/uploads\/2025\/07\/secretaria-da-mulher-300x200.jpg",300,200,true],"medium_large":["https:\/\/noticiasbahia360.com.br\/wp-content\/uploads\/2025\/07\/secretaria-da-mulher-768x511.jpg",640,426,true],"large":["https:\/\/noticiasbahia360.com.br\/wp-content\/uploads\/2025\/07\/secretaria-da-mulher-1024x682.jpg",640,426,true],"1536x1536":["https:\/\/noticiasbahia360.com.br\/wp-content\/uploads\/2025\/07\/secretaria-da-mulher.jpg",1200,799,false],"2048x2048":["https:\/\/noticiasbahia360.com.br\/wp-content\/uploads\/2025\/07\/secretaria-da-mulher.jpg",1200,799,false],"chromenews-featured":["https:\/\/noticiasbahia360.com.br\/wp-content\/uploads\/2025\/07\/secretaria-da-mulher-1024x682.jpg",1024,682,true],"chromenews-large":["https:\/\/noticiasbahia360.com.br\/wp-content\/uploads\/2025\/07\/secretaria-da-mulher-825x575.jpg",825,575,true],"chromenews-medium":["https:\/\/noticiasbahia360.com.br\/wp-content\/uploads\/2025\/07\/secretaria-da-mulher-590x410.jpg",590,410,true]},"author_info":{"display_name":"noticiasbahia360.com.br","author_link":"https:\/\/noticiasbahia360.com.br\/?author=1"},"category_info":"<a href=\"https:\/\/noticiasbahia360.com.br\/?cat=8\" rel=\"category\">Bahia<\/a> <a href=\"https:\/\/noticiasbahia360.com.br\/?cat=9\" rel=\"category\">Brasil<\/a> <a href=\"https:\/\/noticiasbahia360.com.br\/?cat=6\" rel=\"category\">Feira de Santana<\/a> <a href=\"https:\/\/noticiasbahia360.com.br\/?cat=57\" rel=\"category\">Mundo<\/a> <a href=\"https:\/\/noticiasbahia360.com.br\/?cat=56\" rel=\"category\">Pol\u00edcia<\/a> <a href=\"https:\/\/noticiasbahia360.com.br\/?cat=10\" rel=\"category\">Pol\u00edtica<\/a>","tag_info":"Pol\u00edtica","comment_count":"0","_links":{"self":[{"href":"https:\/\/noticiasbahia360.com.br\/index.php?rest_route=\/wp\/v2\/posts\/91719","targetHints":{"allow":["GET"]}}],"collection":[{"href":"https:\/\/noticiasbahia360.com.br\/index.php?rest_route=\/wp\/v2\/posts"}],"about":[{"href":"https:\/\/noticiasbahia360.com.br\/index.php?rest_route=\/wp\/v2\/types\/post"}],"author":[{"embeddable":true,"href":"https:\/\/noticiasbahia360.com.br\/index.php?rest_route=\/wp\/v2\/users\/1"}],"replies":[{"embeddable":true,"href":"https:\/\/noticiasbahia360.com.br\/index.php?rest_route=%2Fwp%2Fv2%2Fcomments&post=91719"}],"version-history":[{"count":0,"href":"https:\/\/noticiasbahia360.com.br\/index.php?rest_route=\/wp\/v2\/posts\/91719\/revisions"}],"wp:featuredmedia":[{"embeddable":true,"href":"https:\/\/noticiasbahia360.com.br\/index.php?rest_route=\/wp\/v2\/media\/91720"}],"wp:attachment":[{"href":"https:\/\/noticiasbahia360.com.br\/index.php?rest_route=%2Fwp%2Fv2%2Fmedia&parent=91719"}],"wp:term":[{"taxonomy":"category","embeddable":true,"href":"https:\/\/noticiasbahia360.com.br\/index.php?rest_route=%2Fwp%2Fv2%2Fcategories&post=91719"},{"taxonomy":"post_tag","embeddable":true,"href":"https:\/\/noticiasbahia360.com.br\/index.php?rest_route=%2Fwp%2Fv2%2Ftags&post=91719"}],"curies":[{"name":"wp","href":"https:\/\/api.w.org\/{rel}","templated":true}]}}