{"id":91721,"date":"2025-07-01T12:10:11","date_gmt":"2025-07-01T15:10:11","guid":{"rendered":"https:\/\/noticiasbahia360.com.br\/?p=91721"},"modified":"2025-07-01T12:10:11","modified_gmt":"2025-07-01T15:10:11","slug":"advogado-e-preso-por-integrar-faccao-criminosa-atuante-em-conjunto-penal-de-eunapolis","status":"publish","type":"post","link":"https:\/\/noticiasbahia360.com.br\/?p=91721","title":{"rendered":"Advogado \u00e9 preso por integrar fac\u00e7\u00e3o criminosa atuante em Conjunto Penal de Eun\u00e1polis"},"content":{"rendered":"<div>\n<div>\n<figure><img decoding=\"async\" src=\"http:\/\/noticiasbahia360.com.br\/wp-content\/uploads\/2025\/07\/Advogado-e-preso-por-integrar-faccao-criminosa-atuante-em-Conjunto-Penal-de-Eunapolis.jpg\" alt=\"Advogado \u00e9 preso por integrar fac\u00e7\u00e3o criminosa atuante em Conjunto Penal de Eun\u00e1polis\"><figcaption>Foto: Pol\u00edcia Civil<\/figcaption><\/figure>\n<\/div>\n<p>Um advogado criminalista foi preso na manh\u00e3 desta ter\u00e7a-feira, dia 1\u00ba, no munic\u00edpio de Serrinha, durante a \u2018Opera\u00e7\u00e3o Dupla Face\u2019, deflagrada de forma integrada pelo Minist\u00e9rio P\u00fablico da Bahia (<a href=\"https:\/\/www.acordacidade.com.br\/tag\/mpba\/\">MPBA<\/a>) e Pol\u00edcias Civil e Militar. Foram cumpridos tamb\u00e9m quatro mandados de busca e apreens\u00e3o contra investigados por envolvimento na fuga de 16 detentos do Conjunto Penal de <a href=\"https:\/\/www.acordacidade.com.br\/tag\/eunapolis\/\">Eun\u00e1polis <\/a>e atentado contra o diretor da unidade prisional, ocorridos entre dezembro de 2024 e maio deste ano.<\/p>\n<p>As investiga\u00e7\u00f5es apontam que os alvos integram fa\u00e7\u00e3o criminosa com atua\u00e7\u00e3o regional, vinculada do Comando Vermelho, envolvidos em crimes de homic\u00eddio, associa\u00e7\u00e3o para o tr\u00e1fico e financiamento do <a href=\"https:\/\/www.acordacidade.com.br\/tag\/trafico-de-drogas\/\">tr\u00e1fico de drogas<\/a>. Segundo as apura\u00e7\u00f5es, o advogado exercia papel ativo na estrutura criminosa, com envolvimento direto na gest\u00e3o de recursos financeiros oriundos do tr\u00e1fico de drogas, al\u00e9m de presta\u00e7\u00e3o de contas e cobran\u00e7a de metas semanais de arrecada\u00e7\u00e3o. H\u00e1 ind\u00edcios de que o profissional teria auxiliado na articula\u00e7\u00e3o de a\u00e7\u00f5es criminosas, incluindo a fuga e o atentado. Os mandados foram expedidos pela 1\u00aa Vara Criminal da Comarca de Eun\u00e1polis.<\/p>\n<p>A opera\u00e7\u00e3o foi realizada por equipes dos Grupos de Atua\u00e7\u00e3o Especial de Combate \u00e0s Organiza\u00e7\u00f5es Criminosas e Investiga\u00e7\u00f5es Criminais (Gaeco) e de Execu\u00e7\u00e3o Penal (Gaep), do MPBA; equipes dos Departamentos de Intelig\u00eancia Policial (DIP), de Pol\u00edcia do Interior (Depin), das Coordena\u00e7\u00f5es de Opera\u00e7\u00f5es de Pol\u00edcia Judici\u00e1ria (COPJ) e de Opera\u00e7\u00f5es e Recursos Especiais (Core), da <a href=\"https:\/\/www.acordacidade.com.br\/tag\/policia-civil\/\">Pol\u00edcia Civil<\/a>; e PM.<\/p>\n<p><em>Siga o Acorda Cidade no<\/em><a href=\"https:\/\/news.google.com\/search?q=acorda%20cidade&amp;hl=pt-BR&amp;gl=BR&amp;ceid=BR%3Apt-419\"><strong><em>\u00a0Google Not\u00edcias<\/em><\/strong><\/a><em>\u00a0e receba os principais destaques do dia. Participe tamb\u00e9m dos nossos canais no\u00a0<\/em><a href=\"https:\/\/www.whatsapp.com\/channel\/0029Va6Rb4v3WHTNnsh8WI3N\"><strong><em>WhatsApp<\/em><\/strong><\/a><em>\u00a0e\u00a0<\/em><a href=\"https:\/\/www.youtube.com\/@acordacidadenoticias\/videos\"><strong>Youtube<\/strong><\/a><em>\u00a0e grupo de\u00a0<\/em><a href=\"https:\/\/t.me\/+sSz0khrgARA0ZmRh\"><strong><em>Telegram<\/em><\/strong><\/a><em>.<\/em><\/p>\n<\/div>\n","protected":false},"excerpt":{"rendered":"<div>\n<div>\n<figure><img decoding=\"async\" src=\"https:\/\/uploads.acordacidade.com.br\/2025\/07\/Advogado-e-preso-por-integrar-faccao-criminosa-atuante-em-Conjunto-Penal-de-Eunapolis.jpg\" alt=\"Advogado \u00e9 preso por integrar fac\u00e7\u00e3o criminosa atuante em Conjunto Penal de Eun\u00e1polis\"><figcaption>Foto: Pol\u00edcia Civil<\/figcaption><\/figure>\n<\/div>\n<p>MPBA e Pol\u00edcias Civil e Militar cumprem mandados de pris\u00e3o e busca e apreens\u00e3o contra envolvidos na fuga de detentos do estabelecimento prisional<\/p><\/div>\n","protected":false},"author":1,"featured_media":91722,"comment_status":"closed","ping_status":"closed","sticky":false,"template":"","format":"gallery","meta":{"footnotes":""},"categories":[8,9,6,57,56,10],"tags":[],"class_list":["post-91721","post","type-post","status-publish","format-gallery","has-post-thumbnail","hentry","category-bahia","category-brasil","category-feira-de-santana","category-mundo","category-policia","category-politica","post_format-post-format-gallery"],"featured_image_urls":{"full":["https:\/\/noticiasbahia360.com.br\/wp-content\/uploads\/2025\/07\/Advogado-e-preso-por-integrar-faccao-criminosa-atuante-em-Conjunto-Penal-de-Eunapolis.jpg",1200,675,false],"thumbnail":["https:\/\/noticiasbahia360.com.br\/wp-content\/uploads\/2025\/07\/Advogado-e-preso-por-integrar-faccao-criminosa-atuante-em-Conjunto-Penal-de-Eunapolis-150x150.jpg",150,150,true],"medium":["https:\/\/noticiasbahia360.com.br\/wp-content\/uploads\/2025\/07\/Advogado-e-preso-por-integrar-faccao-criminosa-atuante-em-Conjunto-Penal-de-Eunapolis-300x169.jpg",300,169,true],"medium_large":["https:\/\/noticiasbahia360.com.br\/wp-content\/uploads\/2025\/07\/Advogado-e-preso-por-integrar-faccao-criminosa-atuante-em-Conjunto-Penal-de-Eunapolis-768x432.jpg",640,360,true],"large":["https:\/\/noticiasbahia360.com.br\/wp-content\/uploads\/2025\/07\/Advogado-e-preso-por-integrar-faccao-criminosa-atuante-em-Conjunto-Penal-de-Eunapolis-1024x576.jpg",640,360,true],"1536x1536":["https:\/\/noticiasbahia360.com.br\/wp-content\/uploads\/2025\/07\/Advogado-e-preso-por-integrar-faccao-criminosa-atuante-em-Conjunto-Penal-de-Eunapolis.jpg",1200,675,false],"2048x2048":["https:\/\/noticiasbahia360.com.br\/wp-content\/uploads\/2025\/07\/Advogado-e-preso-por-integrar-faccao-criminosa-atuante-em-Conjunto-Penal-de-Eunapolis.jpg",1200,675,false],"chromenews-featured":["https:\/\/noticiasbahia360.com.br\/wp-content\/uploads\/2025\/07\/Advogado-e-preso-por-integrar-faccao-criminosa-atuante-em-Conjunto-Penal-de-Eunapolis-1024x576.jpg",1024,576,true],"chromenews-large":["https:\/\/noticiasbahia360.com.br\/wp-content\/uploads\/2025\/07\/Advogado-e-preso-por-integrar-faccao-criminosa-atuante-em-Conjunto-Penal-de-Eunapolis-825x575.jpg",825,575,true],"chromenews-medium":["https:\/\/noticiasbahia360.com.br\/wp-content\/uploads\/2025\/07\/Advogado-e-preso-por-integrar-faccao-criminosa-atuante-em-Conjunto-Penal-de-Eunapolis-590x410.jpg",590,410,true]},"author_info":{"display_name":"noticiasbahia360.com.br","author_link":"https:\/\/noticiasbahia360.com.br\/?author=1"},"category_info":"<a href=\"https:\/\/noticiasbahia360.com.br\/?cat=8\" rel=\"category\">Bahia<\/a> <a href=\"https:\/\/noticiasbahia360.com.br\/?cat=9\" rel=\"category\">Brasil<\/a> <a href=\"https:\/\/noticiasbahia360.com.br\/?cat=6\" rel=\"category\">Feira de Santana<\/a> <a href=\"https:\/\/noticiasbahia360.com.br\/?cat=57\" rel=\"category\">Mundo<\/a> <a href=\"https:\/\/noticiasbahia360.com.br\/?cat=56\" rel=\"category\">Pol\u00edcia<\/a> <a href=\"https:\/\/noticiasbahia360.com.br\/?cat=10\" rel=\"category\">Pol\u00edtica<\/a>","tag_info":"Pol\u00edtica","comment_count":"0","_links":{"self":[{"href":"https:\/\/noticiasbahia360.com.br\/index.php?rest_route=\/wp\/v2\/posts\/91721","targetHints":{"allow":["GET"]}}],"collection":[{"href":"https:\/\/noticiasbahia360.com.br\/index.php?rest_route=\/wp\/v2\/posts"}],"about":[{"href":"https:\/\/noticiasbahia360.com.br\/index.php?rest_route=\/wp\/v2\/types\/post"}],"author":[{"embeddable":true,"href":"https:\/\/noticiasbahia360.com.br\/index.php?rest_route=\/wp\/v2\/users\/1"}],"replies":[{"embeddable":true,"href":"https:\/\/noticiasbahia360.com.br\/index.php?rest_route=%2Fwp%2Fv2%2Fcomments&post=91721"}],"version-history":[{"count":0,"href":"https:\/\/noticiasbahia360.com.br\/index.php?rest_route=\/wp\/v2\/posts\/91721\/revisions"}],"wp:featuredmedia":[{"embeddable":true,"href":"https:\/\/noticiasbahia360.com.br\/index.php?rest_route=\/wp\/v2\/media\/91722"}],"wp:attachment":[{"href":"https:\/\/noticiasbahia360.com.br\/index.php?rest_route=%2Fwp%2Fv2%2Fmedia&parent=91721"}],"wp:term":[{"taxonomy":"category","embeddable":true,"href":"https:\/\/noticiasbahia360.com.br\/index.php?rest_route=%2Fwp%2Fv2%2Fcategories&post=91721"},{"taxonomy":"post_tag","embeddable":true,"href":"https:\/\/noticiasbahia360.com.br\/index.php?rest_route=%2Fwp%2Fv2%2Ftags&post=91721"}],"curies":[{"name":"wp","href":"https:\/\/api.w.org\/{rel}","templated":true}]}}