{"id":91723,"date":"2025-07-01T12:16:19","date_gmt":"2025-07-01T15:16:19","guid":{"rendered":"https:\/\/noticiasbahia360.com.br\/?p=91723"},"modified":"2025-07-01T12:16:19","modified_gmt":"2025-07-01T15:16:19","slug":"governo-municipal-autoriza-construcao-de-creche-na-comunidade-de-agua-grande","status":"publish","type":"post","link":"https:\/\/noticiasbahia360.com.br\/?p=91723","title":{"rendered":"Governo Municipal autoriza constru\u00e7\u00e3o de creche na comunidade de \u00c1gua Grande"},"content":{"rendered":"<div>\n<div>\n<figure><img decoding=\"async\" src=\"http:\/\/noticiasbahia360.com.br\/wp-content\/uploads\/2025\/07\/Governo-Municipal-autoriza-construcao-de-creche-na-comunidade-de-Agua-Grande.jpg\" alt=\"Governo Municipal autoriza constru\u00e7\u00e3o de creche na comunidade de \u00c1gua Grande\"><figcaption>Foto: Jorge Magalh\u00e3es\/Secom<\/figcaption><\/figure>\n<\/div>\n<p>A comunidade de \u00c1gua Grande, no <a href=\"https:\/\/www.acordacidade.com.br\/tag\/distrito-de-maria-quiteria\/\">distrito de Maria Quit\u00e9ria<\/a>, vai ganhar uma moderna creche da rede p\u00fablica municipal de <a href=\"https:\/\/www.acordacidade.com.br\/feira-de-santana\/\">Feira de Santana<\/a>. A ordem de servi\u00e7o para a constru\u00e7\u00e3o do equipamento foi assinada pelo <a href=\"https:\/\/www.acordacidade.com.br\/tag\/prefeito-jose-ronaldo\/\">prefeito Jos\u00e9 Ronaldo de Carvalho<\/a> na manh\u00e3 desta ter\u00e7a-feira (1\u00ba), durante visita \u00e0 comunidade, e a obra dever\u00e1 ser conclu\u00edda em at\u00e9 um ano.<\/p>\n<p>O equipamento moderno contar\u00e1 com salas de aula, brinquedoteca\/multiuso, secretaria, diretoria, sala de reuni\u00e3o para <a href=\"https:\/\/www.acordacidade.com.br\/tag\/professores\/\">professores<\/a>, coordena\u00e7\u00e3o, sala de recursos, cozinha, cantina, despensa, \u00e1rea de servi\u00e7o, p\u00e1tio coberto, refeit\u00f3rio, sanit\u00e1rios, lavabo, \u00e1rea de conviv\u00eancia e circula\u00e7\u00e3o.<\/p>\n<p>Ao autorizar o in\u00edcio das obras, o prefeito Jos\u00e9 Ronaldo lembrou que est\u00e1 cumprindo um compromisso assumido com os moradores da comunidade. \u201cEu me reuni aqui na comunidade e assumi o compromisso de construir a creche, que a princ\u00edpio seria no antigo pr\u00e9dio da Escola Raul Ribeiro\u201d, afirmou, ao recordar que as obras est\u00e3o sendo realizadas em um terreno de loteamento cedido pelo propriet\u00e1rio do empreendimento \u00e0 Prefeitura, o que possibilitar\u00e1, em breve, tamb\u00e9m a constru\u00e7\u00e3o de um <a href=\"https:\/\/www.acordacidade.com.br\/tag\/posto-de-saude\/\">posto de sa\u00fade<\/a>.<\/p>\n<p>O vice-prefeito e secret\u00e1rio de <a href=\"https:\/\/www.acordacidade.com.br\/educacao\/\">Educa\u00e7\u00e3o<\/a>, Pablo Roberto, destacou os investimentos que o Governo Municipal tem promovido na \u00e1rea da educa\u00e7\u00e3o. Observou que esta \u00e9 a sexta unidade sendo constru\u00edda pela gest\u00e3o do prefeito Jos\u00e9 Ronaldo neste ano. \u201cAl\u00e9m dessas constru\u00e7\u00f5es de escolas e creches, tamb\u00e9m temos a reforma de outras escolas em andamento\u201d, afirmou.<\/p>\n<p>Por solicita\u00e7\u00e3o da comunidade, apresentada ao prefeito Jos\u00e9 Ronaldo pela professora Jaqueline Luz, a creche receber\u00e1 o nome de M\u00e3e Joana, em homenagem a uma antiga parteira da localidade.<\/p>\n<p>Durante a autoriza\u00e7\u00e3o para o in\u00edcio das obras, tamb\u00e9m estiveram presentes os secret\u00e1rios de Comunica\u00e7\u00e3o, Joilton Freitas; de Servi\u00e7os P\u00fablicos, Justiniano Freitas; o superintendente da Superintend\u00eancia de Opera\u00e7\u00f5es e Manuten\u00e7\u00e3o (Soma), Jo\u00e3o Vianey; o presidente da C\u00e2mara, Marcos Lima; e os vereadores Marcos Carvalhal e Jean Caverna.<\/p>\n<p><em>As informa\u00e7\u00f5es s\u00e3o da Secretaria Municipal de Comunica\u00e7\u00e3o <\/em><\/p>\n<p><em>Siga o Acorda Cidade no<\/em><a href=\"https:\/\/news.google.com\/search?q=acorda%20cidade&amp;hl=pt-BR&amp;gl=BR&amp;ceid=BR%3Apt-419\"><strong><em>\u00a0Google Not\u00edcias<\/em><\/strong><\/a><em>\u00a0e receba os principais destaques do dia. Participe tamb\u00e9m dos nossos canais no\u00a0<\/em><a href=\"https:\/\/www.whatsapp.com\/channel\/0029Va6Rb4v3WHTNnsh8WI3N\"><strong><em>WhatsApp<\/em><\/strong><\/a><em>\u00a0e\u00a0<\/em><a href=\"https:\/\/www.youtube.com\/@acordacidadenoticias\/videos\"><strong>Youtube<\/strong><\/a><em>\u00a0e grupo de\u00a0<\/em><a href=\"https:\/\/t.me\/+sSz0khrgARA0ZmRh\"><strong><em>Telegram<\/em><\/strong><\/a><em>.<\/em><\/p>\n<\/div>\n","protected":false},"excerpt":{"rendered":"<div>\n<div>\n<figure><img decoding=\"async\" src=\"https:\/\/uploads.acordacidade.com.br\/2025\/07\/Governo-Municipal-autoriza-construcao-de-creche-na-comunidade-de-Agua-Grande.jpg\" alt=\"Governo Municipal autoriza constru\u00e7\u00e3o de creche na comunidade de \u00c1gua Grande\"><figcaption>Foto: Jorge Magalh\u00e3es\/Secom<\/figcaption><\/figure>\n<\/div>\n<p>Ao autorizar o in\u00edcio das obras, o prefeito Jos\u00e9 Ronaldo lembrou que est\u00e1 cumprindo um compromisso assumido<\/p><\/div>\n","protected":false},"author":1,"featured_media":91724,"comment_status":"closed","ping_status":"closed","sticky":false,"template":"","format":"gallery","meta":{"footnotes":""},"categories":[8,9,6,57,56,10],"tags":[],"class_list":["post-91723","post","type-post","status-publish","format-gallery","has-post-thumbnail","hentry","category-bahia","category-brasil","category-feira-de-santana","category-mundo","category-policia","category-politica","post_format-post-format-gallery"],"featured_image_urls":{"full":["https:\/\/noticiasbahia360.com.br\/wp-content\/uploads\/2025\/07\/Governo-Municipal-autoriza-construcao-de-creche-na-comunidade-de-Agua-Grande.jpg",1200,799,false],"thumbnail":["https:\/\/noticiasbahia360.com.br\/wp-content\/uploads\/2025\/07\/Governo-Municipal-autoriza-construcao-de-creche-na-comunidade-de-Agua-Grande-150x150.jpg",150,150,true],"medium":["https:\/\/noticiasbahia360.com.br\/wp-content\/uploads\/2025\/07\/Governo-Municipal-autoriza-construcao-de-creche-na-comunidade-de-Agua-Grande-300x200.jpg",300,200,true],"medium_large":["https:\/\/noticiasbahia360.com.br\/wp-content\/uploads\/2025\/07\/Governo-Municipal-autoriza-construcao-de-creche-na-comunidade-de-Agua-Grande-768x511.jpg",640,426,true],"large":["https:\/\/noticiasbahia360.com.br\/wp-content\/uploads\/2025\/07\/Governo-Municipal-autoriza-construcao-de-creche-na-comunidade-de-Agua-Grande-1024x682.jpg",640,426,true],"1536x1536":["https:\/\/noticiasbahia360.com.br\/wp-content\/uploads\/2025\/07\/Governo-Municipal-autoriza-construcao-de-creche-na-comunidade-de-Agua-Grande.jpg",1200,799,false],"2048x2048":["https:\/\/noticiasbahia360.com.br\/wp-content\/uploads\/2025\/07\/Governo-Municipal-autoriza-construcao-de-creche-na-comunidade-de-Agua-Grande.jpg",1200,799,false],"chromenews-featured":["https:\/\/noticiasbahia360.com.br\/wp-content\/uploads\/2025\/07\/Governo-Municipal-autoriza-construcao-de-creche-na-comunidade-de-Agua-Grande-1024x682.jpg",1024,682,true],"chromenews-large":["https:\/\/noticiasbahia360.com.br\/wp-content\/uploads\/2025\/07\/Governo-Municipal-autoriza-construcao-de-creche-na-comunidade-de-Agua-Grande-825x575.jpg",825,575,true],"chromenews-medium":["https:\/\/noticiasbahia360.com.br\/wp-content\/uploads\/2025\/07\/Governo-Municipal-autoriza-construcao-de-creche-na-comunidade-de-Agua-Grande-590x410.jpg",590,410,true]},"author_info":{"display_name":"noticiasbahia360.com.br","author_link":"https:\/\/noticiasbahia360.com.br\/?author=1"},"category_info":"<a href=\"https:\/\/noticiasbahia360.com.br\/?cat=8\" rel=\"category\">Bahia<\/a> <a href=\"https:\/\/noticiasbahia360.com.br\/?cat=9\" rel=\"category\">Brasil<\/a> <a href=\"https:\/\/noticiasbahia360.com.br\/?cat=6\" rel=\"category\">Feira de Santana<\/a> <a href=\"https:\/\/noticiasbahia360.com.br\/?cat=57\" rel=\"category\">Mundo<\/a> <a href=\"https:\/\/noticiasbahia360.com.br\/?cat=56\" rel=\"category\">Pol\u00edcia<\/a> <a href=\"https:\/\/noticiasbahia360.com.br\/?cat=10\" rel=\"category\">Pol\u00edtica<\/a>","tag_info":"Pol\u00edtica","comment_count":"0","_links":{"self":[{"href":"https:\/\/noticiasbahia360.com.br\/index.php?rest_route=\/wp\/v2\/posts\/91723","targetHints":{"allow":["GET"]}}],"collection":[{"href":"https:\/\/noticiasbahia360.com.br\/index.php?rest_route=\/wp\/v2\/posts"}],"about":[{"href":"https:\/\/noticiasbahia360.com.br\/index.php?rest_route=\/wp\/v2\/types\/post"}],"author":[{"embeddable":true,"href":"https:\/\/noticiasbahia360.com.br\/index.php?rest_route=\/wp\/v2\/users\/1"}],"replies":[{"embeddable":true,"href":"https:\/\/noticiasbahia360.com.br\/index.php?rest_route=%2Fwp%2Fv2%2Fcomments&post=91723"}],"version-history":[{"count":0,"href":"https:\/\/noticiasbahia360.com.br\/index.php?rest_route=\/wp\/v2\/posts\/91723\/revisions"}],"wp:featuredmedia":[{"embeddable":true,"href":"https:\/\/noticiasbahia360.com.br\/index.php?rest_route=\/wp\/v2\/media\/91724"}],"wp:attachment":[{"href":"https:\/\/noticiasbahia360.com.br\/index.php?rest_route=%2Fwp%2Fv2%2Fmedia&parent=91723"}],"wp:term":[{"taxonomy":"category","embeddable":true,"href":"https:\/\/noticiasbahia360.com.br\/index.php?rest_route=%2Fwp%2Fv2%2Fcategories&post=91723"},{"taxonomy":"post_tag","embeddable":true,"href":"https:\/\/noticiasbahia360.com.br\/index.php?rest_route=%2Fwp%2Fv2%2Ftags&post=91723"}],"curies":[{"name":"wp","href":"https:\/\/api.w.org\/{rel}","templated":true}]}}