{"id":91725,"date":"2025-07-01T12:30:43","date_gmt":"2025-07-01T15:30:43","guid":{"rendered":"https:\/\/noticiasbahia360.com.br\/?p=91725"},"modified":"2025-07-01T12:30:43","modified_gmt":"2025-07-01T15:30:43","slug":"frio-e-chuva-aumentam-riscos-de-doencas-respiratorias-e-exigem-atencao-redobrada-a-saude-alerta-pneumologista","status":"publish","type":"post","link":"https:\/\/noticiasbahia360.com.br\/?p=91725","title":{"rendered":"Frio e chuva aumentam riscos de doen\u00e7as respirat\u00f3rias e exigem aten\u00e7\u00e3o redobrada \u00e0 sa\u00fade, alerta pneumologista"},"content":{"rendered":"<div>\n<div>\n<figure><img decoding=\"async\" src=\"http:\/\/noticiasbahia360.com.br\/wp-content\/uploads\/2025\/07\/crianca-gripe-doencas-respiratorias-leitos-vulneravel-ft-sesab.jpg\" alt=\"crian\u00e7a - gripe - doen\u00e7as respirat\u00f3rias - leitos - vulner\u00e1vel ft sesab\"><figcaption>Foto: Sesab<\/figcaption><\/figure>\n<\/div>\n<p>Com a chegada das temperaturas mais baixas e do per\u00edodo chuvoso em <a href=\"https:\/\/www.acordacidade.com.br\/feira-de-santana\/\">Feira de Santana<\/a> e outras regi\u00f5es da Bahia, aumentam tamb\u00e9m os atendimentos relacionados a doen\u00e7as respirat\u00f3rias. O pneumologista Dr. Jos\u00e9 Neto, credenciado \u00e0 Rede Uni\u00e3o M\u00e9dica, alerta para os cuidados necess\u00e1rios com a sa\u00fade pulmonar nesse per\u00edodo, quando os quadros de asma, rinite, bronquite, gripes e pneumonias se tornam mais frequentes.<\/p>\n<p>Segundo dados divulgados pela Funda\u00e7\u00e3o Oswaldo Cruz (Fiocruz), os casos de S\u00edndrome Respirat\u00f3ria Aguda Grave (SRAG) no Brasil cresceram mais de 30% nas primeiras semanas de 2025 em rela\u00e7\u00e3o ao mesmo per\u00edodo do ano anterior. A maior parte dessas ocorr\u00eancias est\u00e1 relacionada a v\u00edrus como <a href=\"https:\/\/www.acordacidade.com.br\/tag\/influenza\/\">Influenza <\/a>e V\u00edrus Sincicial Respirat\u00f3rio, que circulam com maior intensidade em \u00e9pocas de frio e umidade.<\/p>\n<figure class=\"wp-block-image size-large\"><img fetchpriority=\"high\" data-dominant-color=\"beb9c2\" data-has-transparency=\"false\" style=\"--dominant-color: #beb9c2;\" fetchpriority=\"high\" decoding=\"async\" width=\"1068\" height=\"768\" sizes=\"(max-width: 1068px) 100vw, 1068px\" src=\"http:\/\/noticiasbahia360.com.br\/wp-content\/uploads\/2025\/07\/Frio-e-chuva-aumentam-riscos-de-doencas-respiratorias-pneumologista-1068x768-1.jpg\" alt=\"Frio e chuva aumentam riscos de doen\u00e7as respirat\u00f3rias pneumologista\" class=\"wp-image-570646 not-transparent\" srcset=\"https:\/\/uploads.acordacidade.com.br\/2025\/07\/Frio-e-chuva-aumentam-riscos-de-doencas-respiratorias-pneumologista--508x365.jpg 508w, http:\/\/noticiasbahia360.com.br\/wp-content\/uploads\/2025\/07\/Frio-e-chuva-aumentam-riscos-de-doencas-respiratorias-pneumologista-1068x768-1.jpg 1068w, https:\/\/uploads.acordacidade.com.br\/2025\/07\/Frio-e-chuva-aumentam-riscos-de-doencas-respiratorias-pneumologista--769x553.jpg 769w, https:\/\/uploads.acordacidade.com.br\/2025\/07\/Frio-e-chuva-aumentam-riscos-de-doencas-respiratorias-pneumologista--150x108.jpg 150w, https:\/\/uploads.acordacidade.com.br\/2025\/07\/Frio-e-chuva-aumentam-riscos-de-doencas-respiratorias-pneumologista-.jpg 1200w\"><figcaption class=\"wp-element-caption\">Foto: Ascom<\/figcaption><\/figure>\n<p>\u201cO ar frio e seco resseca as vias a\u00e9reas e favorece crises em pacientes com doen\u00e7as pulmonares cr\u00f4nicas, como asma e DPOC. Al\u00e9m disso, em dias frios e chuvosos, as pessoas tendem a permanecer em ambientes fechados e pouco ventilados, o que facilita a transmiss\u00e3o de v\u00edrus respirat\u00f3rios\u201d, explica o Dr. Jos\u00e9 Neto.<\/p>\n<p>O especialista recomenda algumas medidas preventivas que podem ser adotadas para evitar agravamentos e interna\u00e7\u00f5es. \u201cUsar agasalhos adequados, manter a casa ventilada mesmo nos dias frios e higienizar roupas guardadas h\u00e1 muito tempo s\u00e3o atitudes simples que fazem diferen\u00e7a\u201d, orienta. Ele tamb\u00e9m refor\u00e7a a import\u00e2ncia da <a href=\"https:\/\/www.acordacidade.com.br\/tag\/vacinacao\/\">vacina\u00e7\u00e3o <\/a>contra gripe, Covid-19 e pneumococo, especialmente em pessoas com comorbidades, idosos e crian\u00e7as.<\/p>\n<p>Outro ponto destacado pelo m\u00e9dico \u00e9 a necessidade de aten\u00e7\u00e3o com cobertores, casacos e mantas guardados por longos per\u00edodos. \u201cEsses tecidos acumulam \u00e1caros e fungos que podem desencadear crises al\u00e9rgicas e respirat\u00f3rias. Por isso, devem ser lavados ou expostos ao sol antes do uso\u201d, afirma.<\/p>\n<p>Al\u00e9m disso, o uso de m\u00e1scaras em locais com grande circula\u00e7\u00e3o de pessoas ou ao sair em dias muito frios pode ser uma estrat\u00e9gia eficaz para reduzir o impacto do ar gelado sobre as vias respirat\u00f3rias. \u201cA m\u00e1scara ajuda a aquecer o ar inalado e evita o choque t\u00e9rmico, que \u00e9 um gatilho comum para crises de asma\u201d, pontua o pneumologista.<\/p>\n<p>Com o refor\u00e7o dessas medidas, \u00e9 poss\u00edvel atravessar o per\u00edodo mais frio do ano com mais sa\u00fade e seguran\u00e7a. Para qualquer sintoma persistente, o ideal \u00e9 buscar orienta\u00e7\u00e3o m\u00e9dica e evitar a automedica\u00e7\u00e3o, que pode mascarar quadros mais graves.<\/p>\n<p><em>Siga o Acorda Cidade no<\/em><a href=\"https:\/\/news.google.com\/search?q=acorda%20cidade&amp;hl=pt-BR&amp;gl=BR&amp;ceid=BR%3Apt-419\"><strong><em>\u00a0Google Not\u00edcias<\/em><\/strong><\/a><em>\u00a0e receba os principais destaques do dia. Participe tamb\u00e9m dos nossos canais no\u00a0<\/em><a href=\"https:\/\/www.whatsapp.com\/channel\/0029Va6Rb4v3WHTNnsh8WI3N\"><strong><em>WhatsApp<\/em><\/strong><\/a><em>\u00a0e\u00a0<\/em><a href=\"https:\/\/www.youtube.com\/@acordacidadenoticias\/videos\"><strong>Youtube<\/strong><\/a><em>\u00a0e grupo de\u00a0<\/em><a href=\"https:\/\/t.me\/+sSz0khrgARA0ZmRh\"><strong><em>Telegram<\/em><\/strong><\/a><em>.<\/em><\/p>\n<\/div>\n","protected":false},"excerpt":{"rendered":"<div>\n<div>\n<figure><img decoding=\"async\" src=\"https:\/\/uploads.acordacidade.com.br\/wp-content\/uploads\/2024\/04\/06080102\/crianca-gripe-doencas-respiratorias-leitos-vulneravel-ft-sesab.jpg\" alt=\"crian\u00e7a - gripe - doen\u00e7as respirat\u00f3rias - leitos - vulner\u00e1vel ft sesab\"><figcaption>Foto: Sesab<\/figcaption><\/figure>\n<\/div>\n<p>O especialista recomenda algumas medidas preventivas que podem ser adotadas para evitar agravamentos e interna\u00e7\u00f5es.<\/p><\/div>\n","protected":false},"author":1,"featured_media":91726,"comment_status":"closed","ping_status":"closed","sticky":false,"template":"","format":"gallery","meta":{"footnotes":""},"categories":[8,9,6,57,56,10],"tags":[],"class_list":["post-91725","post","type-post","status-publish","format-gallery","has-post-thumbnail","hentry","category-bahia","category-brasil","category-feira-de-santana","category-mundo","category-policia","category-politica","post_format-post-format-gallery"],"featured_image_urls":{"full":["https:\/\/noticiasbahia360.com.br\/wp-content\/uploads\/2025\/07\/crianca-gripe-doencas-respiratorias-leitos-vulneravel-ft-sesab.jpg",640,426,false],"thumbnail":["https:\/\/noticiasbahia360.com.br\/wp-content\/uploads\/2025\/07\/crianca-gripe-doencas-respiratorias-leitos-vulneravel-ft-sesab-150x150.jpg",150,150,true],"medium":["https:\/\/noticiasbahia360.com.br\/wp-content\/uploads\/2025\/07\/crianca-gripe-doencas-respiratorias-leitos-vulneravel-ft-sesab-300x200.jpg",300,200,true],"medium_large":["https:\/\/noticiasbahia360.com.br\/wp-content\/uploads\/2025\/07\/crianca-gripe-doencas-respiratorias-leitos-vulneravel-ft-sesab.jpg",640,426,false],"large":["https:\/\/noticiasbahia360.com.br\/wp-content\/uploads\/2025\/07\/crianca-gripe-doencas-respiratorias-leitos-vulneravel-ft-sesab.jpg",640,426,false],"1536x1536":["https:\/\/noticiasbahia360.com.br\/wp-content\/uploads\/2025\/07\/crianca-gripe-doencas-respiratorias-leitos-vulneravel-ft-sesab.jpg",640,426,false],"2048x2048":["https:\/\/noticiasbahia360.com.br\/wp-content\/uploads\/2025\/07\/crianca-gripe-doencas-respiratorias-leitos-vulneravel-ft-sesab.jpg",640,426,false],"chromenews-featured":["https:\/\/noticiasbahia360.com.br\/wp-content\/uploads\/2025\/07\/crianca-gripe-doencas-respiratorias-leitos-vulneravel-ft-sesab.jpg",640,426,false],"chromenews-large":["https:\/\/noticiasbahia360.com.br\/wp-content\/uploads\/2025\/07\/crianca-gripe-doencas-respiratorias-leitos-vulneravel-ft-sesab.jpg",640,426,false],"chromenews-medium":["https:\/\/noticiasbahia360.com.br\/wp-content\/uploads\/2025\/07\/crianca-gripe-doencas-respiratorias-leitos-vulneravel-ft-sesab-590x410.jpg",590,410,true]},"author_info":{"display_name":"noticiasbahia360.com.br","author_link":"https:\/\/noticiasbahia360.com.br\/?author=1"},"category_info":"<a href=\"https:\/\/noticiasbahia360.com.br\/?cat=8\" rel=\"category\">Bahia<\/a> <a href=\"https:\/\/noticiasbahia360.com.br\/?cat=9\" rel=\"category\">Brasil<\/a> <a href=\"https:\/\/noticiasbahia360.com.br\/?cat=6\" rel=\"category\">Feira de Santana<\/a> <a href=\"https:\/\/noticiasbahia360.com.br\/?cat=57\" rel=\"category\">Mundo<\/a> <a href=\"https:\/\/noticiasbahia360.com.br\/?cat=56\" rel=\"category\">Pol\u00edcia<\/a> <a href=\"https:\/\/noticiasbahia360.com.br\/?cat=10\" rel=\"category\">Pol\u00edtica<\/a>","tag_info":"Pol\u00edtica","comment_count":"0","_links":{"self":[{"href":"https:\/\/noticiasbahia360.com.br\/index.php?rest_route=\/wp\/v2\/posts\/91725","targetHints":{"allow":["GET"]}}],"collection":[{"href":"https:\/\/noticiasbahia360.com.br\/index.php?rest_route=\/wp\/v2\/posts"}],"about":[{"href":"https:\/\/noticiasbahia360.com.br\/index.php?rest_route=\/wp\/v2\/types\/post"}],"author":[{"embeddable":true,"href":"https:\/\/noticiasbahia360.com.br\/index.php?rest_route=\/wp\/v2\/users\/1"}],"replies":[{"embeddable":true,"href":"https:\/\/noticiasbahia360.com.br\/index.php?rest_route=%2Fwp%2Fv2%2Fcomments&post=91725"}],"version-history":[{"count":0,"href":"https:\/\/noticiasbahia360.com.br\/index.php?rest_route=\/wp\/v2\/posts\/91725\/revisions"}],"wp:featuredmedia":[{"embeddable":true,"href":"https:\/\/noticiasbahia360.com.br\/index.php?rest_route=\/wp\/v2\/media\/91726"}],"wp:attachment":[{"href":"https:\/\/noticiasbahia360.com.br\/index.php?rest_route=%2Fwp%2Fv2%2Fmedia&parent=91725"}],"wp:term":[{"taxonomy":"category","embeddable":true,"href":"https:\/\/noticiasbahia360.com.br\/index.php?rest_route=%2Fwp%2Fv2%2Fcategories&post=91725"},{"taxonomy":"post_tag","embeddable":true,"href":"https:\/\/noticiasbahia360.com.br\/index.php?rest_route=%2Fwp%2Fv2%2Ftags&post=91725"}],"curies":[{"name":"wp","href":"https:\/\/api.w.org\/{rel}","templated":true}]}}