{"id":91728,"date":"2025-07-01T12:51:46","date_gmt":"2025-07-01T15:51:46","guid":{"rendered":"https:\/\/noticiasbahia360.com.br\/?p=91728"},"modified":"2025-07-01T12:51:46","modified_gmt":"2025-07-01T15:51:46","slug":"homem-que-ficou-preso-entre-metro-e-plataforma-teve-bacia-bexiga-e-reto-perfurados-diz-familia","status":"publish","type":"post","link":"https:\/\/noticiasbahia360.com.br\/?p=91728","title":{"rendered":"Homem que ficou preso entre metr\u00f4 e plataforma teve bacia, bexiga e reto perfurados, diz fam\u00edlia"},"content":{"rendered":"<div>\n<div>\n<figure><img decoding=\"async\" src=\"http:\/\/noticiasbahia360.com.br\/wp-content\/uploads\/2025\/07\/Homem-ficou-preso-entre-metro-e-plataforma.jpg\" alt=\"Homem ficou preso entre metr\u00f4 e plataforma\"><figcaption>Foto: Reprodu\u00e7\u00e3o\/Redes Sociais<\/figcaption><\/figure>\n<\/div>\n<p>Jos\u00e9 Cosme de Jesus Gon\u00e7alves, que ficou preso entre um trem e a plataforma do metr\u00f4 de Salvador, teve a bacia, a bexiga e o reto perfurados. Ele est\u00e1 internado em estado grave na Unidade de Terapia Intensiva (UTI) do Hospital do Sub\u00farbio, segundo a fam\u00edlia.<\/p>\n<p>Jos\u00e9 Luiz de Jesus Gon\u00e7alves, irm\u00e3o de Jos\u00e9 Cosme, informou que ele passou por uma cirurgia de emerg\u00eancia ao chegar ao hospital devido \u00e0 grande perda de sangue. Jos\u00e9 Cosme est\u00e1 sedado e deve passar por uma cirurgia na bacia assim que seu estado de sa\u00fade melhorar.<\/p>\n<figure class=\"wp-block-image size-full\"><img fetchpriority=\"high\" data-dominant-color=\"65626c\" data-has-transparency=\"true\" style=\"--dominant-color: #65626c;\" fetchpriority=\"high\" decoding=\"async\" width=\"1200\" height=\"630\" sizes=\"(max-width: 1200px) 100vw, 1200px\" src=\"http:\/\/noticiasbahia360.com.br\/wp-content\/uploads\/2025\/07\/homem-ficou-preso-plataforma-foto-reproducao-.png\" alt=\"homem\" class=\"wp-image-570203 has-transparency\" srcset=\"https:\/\/uploads.acordacidade.com.br\/2025\/06\/homem-ficou-preso-plataforma-foto-reproducao--648x340.png 648w, https:\/\/uploads.acordacidade.com.br\/2025\/06\/homem-ficou-preso-plataforma-foto-reproducao--984x517.png 984w, https:\/\/uploads.acordacidade.com.br\/2025\/06\/homem-ficou-preso-plataforma-foto-reproducao--150x79.png 150w, http:\/\/noticiasbahia360.com.br\/wp-content\/uploads\/2025\/07\/homem-ficou-preso-plataforma-foto-reproducao-.png 1200w\"><figcaption class=\"wp-element-caption\">Foto: Reprodu\u00e7\u00e3o \/ Bahia Not\u00edcias <\/figcaption><\/figure>\n<p>O acidente aconteceu na manh\u00e3 de domingo (29), na esta\u00e7\u00e3o Campinas de Piraj\u00e1, que integra a Linha 1 do sistema. Familiares contam que a v\u00edtima estava atrasada para o trabalho e, por isso, tomou a decis\u00e3o de seguir no local, onde o acesso \u00e9 proibido.<\/p>\n<p>No v\u00eddeo, \u00e9 poss\u00edvel ver que Jos\u00e9 Cosme estava de um lado da esta\u00e7\u00e3o, observou a chegada do metr\u00f4 do outro lado, pulou a plataforma e atravessou os trilhos para tentar pegar o trem. No entanto, ele n\u00e3o conseguiu chegar a tempo e foi atingido.<\/p>\n<p>Ap\u00f3s o resgate, feito com ajuda do Corpo de Bombeiros Militar da Bahia (CBM-BA), a v\u00edtima foi levada desacordada e entubada para o Hospital do Sub\u00farbio.<\/p>\n<p>\u201cEle tinha obriga\u00e7\u00e3o de estar no trabalho no hor\u00e1rio do servi\u00e7o, s\u00f3 que houve esse acidente com ele. Ele passou por um cirurgia e se encontra sedado. O quadro cl\u00ednico dele \u00e9 dif\u00edcil. Estamos pedindo a Deus que ele venha a melhorar\u201d, disse o irm\u00e3o de Jos\u00e9 Cosme, Jos\u00e9 Luiz de Jesus Gon\u00e7alves.<\/p>\n<p>Em nota, a Empresa de Limpeza Urbana de Salvador (Limpurb), empresa onde Jos\u00e9 Cosme trabalha, lamentou o ocorrido e disse que tem prestado apoio para o agente de limpeza, que atua pela empresa h\u00e1 5 anos e 6 meses.<\/p>\n<p>O caso foi registrado e \u00e9 investigado pela 4\u00aa Delegacia Territorial (DT\/S\u00e3o Caetano). Em nota, a Pol\u00edcia Civil informou que as imagens das c\u00e2meras de seguran\u00e7a s\u00e3o analisadas e testemunhas s\u00e3o ouvidas para esclarecer os fatos.<\/p>\n<h2 class=\"wp-block-heading\" id=\"h-protecao-nas-estacoes\">Prote\u00e7\u00e3o nas esta\u00e7\u00f5es<\/h2>\n<p>Ao contr\u00e1rio de cidades como S\u00e3o Paulo, as esta\u00e7\u00f5es de metr\u00f4 de Salvador n\u00e3o contam com portas de prote\u00e7\u00e3o. <\/p>\n<p>Em nota, a CCR Metr\u00f4, concession\u00e1ria que administra o servi\u00e7o, informou que a implanta\u00e7\u00e3o do sistema foi realizada de acordo com projetos aprovados pelo Governo da Bahia, em conson\u00e2ncia aos requisitos t\u00e9cnicos de padr\u00f5es internacionais \u201cno que tange \u00e0 seguran\u00e7a e \u00e0 confiabilidade\u2019.<\/p>\n<p>Ainda segundo a concession\u00e1ria, os ativos da concess\u00e3o s\u00e3o de propriedade do governo, sendo que a implementa\u00e7\u00e3o de equipamentos adicionais deve ser analisada e definida por ele.<\/p>\n<p>Ao g1, a Secretaria de Desenvolvimento Urbano (Sedur) do estado informou que a quest\u00e3o \u00e9 uma pauta t\u00e9cnica que deve ser avaliada pela Companhia de Transportes do Estado da Bahia (CTB), que \u00e9 vinculada \u00e0 pasta e respons\u00e1vel pelo monitoramento da opera\u00e7\u00e3o do sistema metrovi\u00e1rio.<\/p>\n<p>Conforme o posicionamento, a CTB tem o conhecimento t\u00e9cnico e a atribui\u00e7\u00e3o necess\u00e1ria para analisar, propor e deliberar sobre eventuais atualiza\u00e7\u00f5es ou complementa\u00e7\u00f5es nos equipamentos do sistema, \u201csempre em conformidade com os padr\u00f5es de seguran\u00e7a e diretrizes estabelecidas no projeto original\u201d. O \u00f3rg\u00e3o, no entanto, n\u00e3o pontuou se h\u00e1 a inten\u00e7\u00e3o de fazer a modifica\u00e7\u00e3o.<\/p>\n<h2 class=\"wp-block-heading\" id=\"h-acidentes-no-metro\">Acidentes no metr\u00f4<\/h2>\n<p>O sistema metrovi\u00e1rio de Salvador e Lauro de Freitas registrou 142 casos de acidentes nas escadas rolantes e fixas entre janeiro e abril deste ano.<\/p>\n<p>De acordo com a CCR Metr\u00f4 Bahia, a situa\u00e7\u00e3o preocupa j\u00e1 que no mesmo per\u00edodo do ano passado, foram registrados 118 casos, uma alta de cerca de 20%. Cerca de 400 mil pessoas usam o transporte diariamente.<\/p>\n<p>Em v\u00eddeos divulgados pela CCR Metr\u00f4 Bahia, concession\u00e1ria que administra o servi\u00e7o, \u00e9 poss\u00edvel ver o momento que algumas pessoas caem at\u00e9 no trilhos.<\/p>\n<p>Conforme o engenheiro especialista em seguran\u00e7a do trabalho Danilo Souza, a maior causa \u00e9 distra\u00e7\u00e3o causada pelo uso do celular.<\/p>\n<p>Em uma das imagens divulgadas pela CCR Metr\u00f4, \u00e9 poss\u00edvel ver o momento que um homem se distrai e cai nos trilhos. Os v\u00eddeos tamb\u00e9m mostram as quedas de duas mulheres nas escadas fixa e rolante.<\/p>\n<p>Al\u00e9m das escadas, o sistema disponibiliza elevadores, que s\u00e3o priorit\u00e1rios para pessoas idosas, gestantes ou com dificuldades de locomo\u00e7\u00e3o.<\/p>\n<p>\u201cCerca de 80% dos acidentes acontecem nas escadas, sejam fixas ou rolantes. Hoje, um ponto de destaque \u00e9 o famoso celular, que \u00e9 um grande aliado para a gente durante o dia. No entanto, quando a gente est\u00e1 fazendo o uso dos equipamentos, acabam se tornando um vil\u00e3o, que podem causar acidentes, porque a gente acaba perdendo a aten\u00e7\u00e3o e o cuidado necess\u00e1rio para poder deslocar em seguran\u00e7a\u201d, contou Danilo Souza.<\/p>\n<p>A CCR Metr\u00f4 destaca a import\u00e2ncia do cumprimento das medidas de seguran\u00e7a do sistema, para evitar acidentes. A concession\u00e1ria enfatiza que os usu\u00e1rios do sistema devem:<\/p>\n<ul class=\"wp-block-list\">\n<li>n\u00e3o acessar a via;<\/li>\n<li>aguardar o desembarque antes de entrar nos trens;<\/li>\n<li>respeitar a faixa amarela na plataforma;<\/li>\n<li>evitar distra\u00e7\u00f5es durante a espera pela chegada do trem.<\/li>\n<\/ul>\n<p><em>Fonte: portal g1<\/em><\/p>\n<p><em>Siga o Acorda Cidade no<\/em><a href=\"https:\/\/news.google.com\/search?q=acorda%20cidade&amp;hl=pt-BR&amp;gl=BR&amp;ceid=BR%3Apt-419\"><strong><em>\u00a0Google Not\u00edcias<\/em><\/strong><\/a><em>\u00a0e receba os principais destaques do dia. Participe tamb\u00e9m dos nossos canais no\u00a0<\/em><a href=\"https:\/\/www.whatsapp.com\/channel\/0029Va6Rb4v3WHTNnsh8WI3N\"><strong><em>WhatsApp<\/em><\/strong><\/a><em>\u00a0e\u00a0<\/em><a href=\"https:\/\/www.youtube.com\/@acordacidadenoticias\/videos\"><strong>Youtube<\/strong><\/a><em>\u00a0e grupo de\u00a0<\/em><a href=\"https:\/\/t.me\/+sSz0khrgARA0ZmRh\"><strong><em>Telegram<\/em><\/strong><\/a><em>.<\/em><\/p>\n<\/div>\n","protected":false},"excerpt":{"rendered":"<div>\n<div>\n<figure><img decoding=\"async\" src=\"https:\/\/uploads.acordacidade.com.br\/2025\/07\/Homem-ficou-preso-entre-metro-e-plataforma.jpg\" alt=\"Homem ficou preso entre metr\u00f4 e plataforma\"><figcaption>Foto: Reprodu\u00e7\u00e3o\/Redes Sociais<\/figcaption><\/figure>\n<\/div>\n<p>Jos\u00e9 Cosme de Jesus Gon\u00e7alves, de 34 anos, est\u00e1 internado em estado grave, na Unidade de Terapia Intensiva (UTI) do Hospital do Sub\u00farbio.<\/p><\/div>\n","protected":false},"author":1,"featured_media":91729,"comment_status":"closed","ping_status":"closed","sticky":false,"template":"","format":"gallery","meta":{"footnotes":""},"categories":[8,9,6,57,56,10],"tags":[],"class_list":["post-91728","post","type-post","status-publish","format-gallery","has-post-thumbnail","hentry","category-bahia","category-brasil","category-feira-de-santana","category-mundo","category-policia","category-politica","post_format-post-format-gallery"],"featured_image_urls":{"full":["https:\/\/noticiasbahia360.com.br\/wp-content\/uploads\/2025\/07\/Homem-ficou-preso-entre-metro-e-plataforma.jpg",1200,670,false],"thumbnail":["https:\/\/noticiasbahia360.com.br\/wp-content\/uploads\/2025\/07\/Homem-ficou-preso-entre-metro-e-plataforma-150x150.jpg",150,150,true],"medium":["https:\/\/noticiasbahia360.com.br\/wp-content\/uploads\/2025\/07\/Homem-ficou-preso-entre-metro-e-plataforma-300x168.jpg",300,168,true],"medium_large":["https:\/\/noticiasbahia360.com.br\/wp-content\/uploads\/2025\/07\/Homem-ficou-preso-entre-metro-e-plataforma-768x429.jpg",640,358,true],"large":["https:\/\/noticiasbahia360.com.br\/wp-content\/uploads\/2025\/07\/Homem-ficou-preso-entre-metro-e-plataforma-1024x572.jpg",640,358,true],"1536x1536":["https:\/\/noticiasbahia360.com.br\/wp-content\/uploads\/2025\/07\/Homem-ficou-preso-entre-metro-e-plataforma.jpg",1200,670,false],"2048x2048":["https:\/\/noticiasbahia360.com.br\/wp-content\/uploads\/2025\/07\/Homem-ficou-preso-entre-metro-e-plataforma.jpg",1200,670,false],"chromenews-featured":["https:\/\/noticiasbahia360.com.br\/wp-content\/uploads\/2025\/07\/Homem-ficou-preso-entre-metro-e-plataforma-1024x572.jpg",1024,572,true],"chromenews-large":["https:\/\/noticiasbahia360.com.br\/wp-content\/uploads\/2025\/07\/Homem-ficou-preso-entre-metro-e-plataforma-825x575.jpg",825,575,true],"chromenews-medium":["https:\/\/noticiasbahia360.com.br\/wp-content\/uploads\/2025\/07\/Homem-ficou-preso-entre-metro-e-plataforma-590x410.jpg",590,410,true]},"author_info":{"display_name":"noticiasbahia360.com.br","author_link":"https:\/\/noticiasbahia360.com.br\/?author=1"},"category_info":"<a href=\"https:\/\/noticiasbahia360.com.br\/?cat=8\" rel=\"category\">Bahia<\/a> <a href=\"https:\/\/noticiasbahia360.com.br\/?cat=9\" rel=\"category\">Brasil<\/a> <a href=\"https:\/\/noticiasbahia360.com.br\/?cat=6\" rel=\"category\">Feira de Santana<\/a> <a href=\"https:\/\/noticiasbahia360.com.br\/?cat=57\" rel=\"category\">Mundo<\/a> <a href=\"https:\/\/noticiasbahia360.com.br\/?cat=56\" rel=\"category\">Pol\u00edcia<\/a> <a href=\"https:\/\/noticiasbahia360.com.br\/?cat=10\" rel=\"category\">Pol\u00edtica<\/a>","tag_info":"Pol\u00edtica","comment_count":"0","_links":{"self":[{"href":"https:\/\/noticiasbahia360.com.br\/index.php?rest_route=\/wp\/v2\/posts\/91728","targetHints":{"allow":["GET"]}}],"collection":[{"href":"https:\/\/noticiasbahia360.com.br\/index.php?rest_route=\/wp\/v2\/posts"}],"about":[{"href":"https:\/\/noticiasbahia360.com.br\/index.php?rest_route=\/wp\/v2\/types\/post"}],"author":[{"embeddable":true,"href":"https:\/\/noticiasbahia360.com.br\/index.php?rest_route=\/wp\/v2\/users\/1"}],"replies":[{"embeddable":true,"href":"https:\/\/noticiasbahia360.com.br\/index.php?rest_route=%2Fwp%2Fv2%2Fcomments&post=91728"}],"version-history":[{"count":0,"href":"https:\/\/noticiasbahia360.com.br\/index.php?rest_route=\/wp\/v2\/posts\/91728\/revisions"}],"wp:featuredmedia":[{"embeddable":true,"href":"https:\/\/noticiasbahia360.com.br\/index.php?rest_route=\/wp\/v2\/media\/91729"}],"wp:attachment":[{"href":"https:\/\/noticiasbahia360.com.br\/index.php?rest_route=%2Fwp%2Fv2%2Fmedia&parent=91728"}],"wp:term":[{"taxonomy":"category","embeddable":true,"href":"https:\/\/noticiasbahia360.com.br\/index.php?rest_route=%2Fwp%2Fv2%2Fcategories&post=91728"},{"taxonomy":"post_tag","embeddable":true,"href":"https:\/\/noticiasbahia360.com.br\/index.php?rest_route=%2Fwp%2Fv2%2Ftags&post=91728"}],"curies":[{"name":"wp","href":"https:\/\/api.w.org\/{rel}","templated":true}]}}