{"id":91731,"date":"2025-07-01T15:02:13","date_gmt":"2025-07-01T18:02:13","guid":{"rendered":"https:\/\/noticiasbahia360.com.br\/?p=91731"},"modified":"2025-07-01T15:02:13","modified_gmt":"2025-07-01T18:02:13","slug":"com-mais-12-858-postos-em-maio-a-bahia-contabiliza-59-319-novas-vagas-no-ano","status":"publish","type":"post","link":"https:\/\/noticiasbahia360.com.br\/?p=91731","title":{"rendered":"Com mais 12.858 postos em maio, a Bahia contabiliza 59.319 novas vagas no ano"},"content":{"rendered":"<div>\n<div>\n<figure><img decoding=\"async\" src=\"http:\/\/noticiasbahia360.com.br\/wp-content\/uploads\/2025\/07\/Carteira-de-Trabalho-010725.jpg\" alt=\"Com mais 12.858 postos em maio, a Bahia contabiliza 59.319 novas vagas no ano\"><figcaption>Foto: Canva<\/figcaption><\/figure>\n<\/div>\n<p>Em maio, segundo o Cadastro Geral de Empregados e Desempregados (Caged), do Minist\u00e9rio do Trabalho e Emprego, a Bahia gerou 12.858 postos com carteira assinada (diferen\u00e7a entre 90.611 admiss\u00f5es e 77.753 desligamentos). Trata-se do quinto m\u00eas seguido com saldo positivo. Os dados foram sistematizados pela <a href=\"https:\/\/www.acordacidade.com.br\/tag\/sei\/\">Superintend\u00eancia de Estudos Econ\u00f4micos e Sociais da Bahia (SEI)<\/a>.<\/p>\n<p>O saldo de maio se revelou inferior ao de abril (+14.227 postos) e se mostrou o terceiro maior do ano no estado. No comparativo anual, por\u00e9m, o resultado foi maior do que o de maio do ano passado (+9.417 postos). A Bahia, assim, passou a contar com 2.197.203 v\u00ednculos celetistas ativos, uma varia\u00e7\u00e3o de 0,59% sobre o quantitativo do m\u00eas anterior.<\/p>\n<p>Na Bahia, em maio, todas as cinco grandes atividades registraram saldo positivo. O segmento de Servi\u00e7os (+5.670 vagas) foi o que mais gerou postos. Em seguida, vieram Agricultura, pecu\u00e1ria, produ\u00e7\u00e3o florestal, pesca e aquicultura (+2.558 empregos), Ind\u00fastria geral (+2.061 v\u00ednculos), Constru\u00e7\u00e3o (+1.593 vagas) e Com\u00e9rcio; repara\u00e7\u00e3o de ve\u00edculos automotores e motocicletas (+976 postos).<\/p>\n<p>No m\u00eas, o Brasil computou um saldo de 148.992 novas vagas, enquanto o Nordeste registrou uma gera\u00e7\u00e3o l\u00edquida de 45.888 postos \u2013 varia\u00e7\u00f5es de 0,31% e 0,57% sobre o estoque do m\u00eas anterior, respectivamente. A Bahia (+0,59%), portanto, exibiu um aumento relativo maior do que os da regi\u00e3o nordestina e do pa\u00eds.<\/p>\n<p>Das 27 unidades federativas, houve crescimento do emprego celetista em 26 delas em maio. A Bahia exibiu o quarto maior saldo do pa\u00eds. Em termos relativos, a unidade baiana situou-se na sexta posi\u00e7\u00e3o.<\/p>\n<p>No Nordeste, todos os estados tamb\u00e9m experimentaram alta do emprego formal. Em termos absolutos, a Bahia ocupou a primeira coloca\u00e7\u00e3o entre as unidades nordestinas. Em termos relativos, por outro lado, o estado baiano situou-se na quarta posi\u00e7\u00e3o.<\/p>\n<h2 class=\"wp-block-heading\" id=\"h-analise-do-acumulado-do-ano\">An\u00e1lise do Acumulado do Ano<\/h2>\n<p>No agregado do ano, a Bahia preencheu 59.319 novas vagas \u2013 aumento de 2,77% em rela\u00e7\u00e3o ao total de v\u00ednculos do come\u00e7o do ano.<\/p>\n<p>Segundo o especialista em produ\u00e7\u00e3o de informa\u00e7\u00f5es econ\u00f4micas, sociais e geoambientais da SEI, Luiz Fernando Lobo, \u201ca gera\u00e7\u00e3o de postos de trabalho com registro em carteira na Bahia continua surpreendendo em 2025, visto que o saldo acumulado de janeiro a maio deste ano, com quase 60 mil novos postos, supera o resultado para o mesmo conjunto de meses do ano passado, quando 46.361 novos v\u00ednculos empregat\u00edcios foram estabelecidos\u201d.<\/p>\n<p>De janeiro a maio, todos os grandes grupamentos registraram resultado positivo. O setor de Servi\u00e7os (+33.661 vagas) foi o de maior saldo. Em seguida, ind\u00fastria geral (+11.428 v\u00ednculos), constru\u00e7\u00e3o (+7.979 empregos), agricultura, pecu\u00e1ria, produ\u00e7\u00e3o florestal, pesca e aquicultura (+5.538 empregos) e com\u00e9rcio; repara\u00e7\u00e3o de ve\u00edculos automotores e motocicletas (+714 vagas).<\/p>\n<p>O crescimento do emprego tamb\u00e9m foi observado no Brasil e no Nordeste no ano, com 1.051.244 e 124.662 novas vagas, respectivamente \u2013 altas de 2,23% e 1,57% em rela\u00e7\u00e3o ao quantitativo do in\u00edcio de 2025. A Bahia (+2,77%), dessa forma, exibiu um crescimento relativo maior tanto do que o do Nordeste quanto do que o do pa\u00eds.<\/p>\n<p>No acumulado do ano, 26 unidades federativas contaram com aumento de empregos celetistas. A Bahia exibiu o sexto maior saldo agregado do pa\u00eds e o maior do Nordeste. Em termos relativos, a Bahia se posicionou na nona coloca\u00e7\u00e3o no pa\u00eds e na segunda posi\u00e7\u00e3o na regi\u00e3o nordestina.<\/p>\n<p>Em breve, estes e outros dados a respeito do assunto ser\u00e3o incorporados ao painel do Mercado de Trabalho na plataforma do InfoVis Bahia (<a href=\"https:\/\/infovis.sei.ba.gov.br\/\" target=\"_blank\" rel=\"noreferrer noopener\">https:\/\/infovis.sei.ba.gov.br\/<\/a>).<\/p>\n<p><em>Siga o Acorda Cidade no<\/em><a href=\"https:\/\/news.google.com\/search?q=acorda%20cidade&amp;hl=pt-BR&amp;gl=BR&amp;ceid=BR%3Apt-419\"><strong><em>\u00a0Google Not\u00edcias<\/em><\/strong><\/a><em>\u00a0e receba os principais destaques do dia. Participe tamb\u00e9m dos nossos canais no\u00a0<\/em><a href=\"https:\/\/www.whatsapp.com\/channel\/0029Va6Rb4v3WHTNnsh8WI3N\"><strong><em>WhatsApp<\/em><\/strong><\/a><em>\u00a0e\u00a0<\/em><a href=\"https:\/\/www.youtube.com\/@acordacidadenoticias\/videos\"><strong>Youtube<\/strong><\/a><em>\u00a0e grupo de\u00a0<\/em><a href=\"https:\/\/t.me\/+sSz0khrgARA0ZmRh\"><strong><em>Telegram<\/em><\/strong><\/a><em>.<\/em><\/p>\n<\/div>\n","protected":false},"excerpt":{"rendered":"<div>\n<div>\n<figure><img decoding=\"async\" src=\"https:\/\/uploads.acordacidade.com.br\/2025\/07\/Carteira-de-Trabalho-010725.jpg\" alt=\"Com mais 12.858 postos em maio, a Bahia contabiliza 59.319 novas vagas no ano\"><figcaption>Foto: Canva<\/figcaption><\/figure>\n<\/div>\n<p>No Nordeste, todos os estados tamb\u00e9m experimentaram alta do emprego formal.<\/p><\/div>\n","protected":false},"author":1,"featured_media":91732,"comment_status":"closed","ping_status":"closed","sticky":false,"template":"","format":"gallery","meta":{"footnotes":""},"categories":[8,9,6,57,56,10],"tags":[],"class_list":["post-91731","post","type-post","status-publish","format-gallery","has-post-thumbnail","hentry","category-bahia","category-brasil","category-feira-de-santana","category-mundo","category-policia","category-politica","post_format-post-format-gallery"],"featured_image_urls":{"full":["https:\/\/noticiasbahia360.com.br\/wp-content\/uploads\/2025\/07\/Carteira-de-Trabalho-010725.jpg",1200,709,false],"thumbnail":["https:\/\/noticiasbahia360.com.br\/wp-content\/uploads\/2025\/07\/Carteira-de-Trabalho-010725-150x150.jpg",150,150,true],"medium":["https:\/\/noticiasbahia360.com.br\/wp-content\/uploads\/2025\/07\/Carteira-de-Trabalho-010725-300x177.jpg",300,177,true],"medium_large":["https:\/\/noticiasbahia360.com.br\/wp-content\/uploads\/2025\/07\/Carteira-de-Trabalho-010725-768x454.jpg",640,378,true],"large":["https:\/\/noticiasbahia360.com.br\/wp-content\/uploads\/2025\/07\/Carteira-de-Trabalho-010725-1024x605.jpg",640,378,true],"1536x1536":["https:\/\/noticiasbahia360.com.br\/wp-content\/uploads\/2025\/07\/Carteira-de-Trabalho-010725.jpg",1200,709,false],"2048x2048":["https:\/\/noticiasbahia360.com.br\/wp-content\/uploads\/2025\/07\/Carteira-de-Trabalho-010725.jpg",1200,709,false],"chromenews-featured":["https:\/\/noticiasbahia360.com.br\/wp-content\/uploads\/2025\/07\/Carteira-de-Trabalho-010725-1024x605.jpg",1024,605,true],"chromenews-large":["https:\/\/noticiasbahia360.com.br\/wp-content\/uploads\/2025\/07\/Carteira-de-Trabalho-010725-825x575.jpg",825,575,true],"chromenews-medium":["https:\/\/noticiasbahia360.com.br\/wp-content\/uploads\/2025\/07\/Carteira-de-Trabalho-010725-590x410.jpg",590,410,true]},"author_info":{"display_name":"noticiasbahia360.com.br","author_link":"https:\/\/noticiasbahia360.com.br\/?author=1"},"category_info":"<a href=\"https:\/\/noticiasbahia360.com.br\/?cat=8\" rel=\"category\">Bahia<\/a> <a href=\"https:\/\/noticiasbahia360.com.br\/?cat=9\" rel=\"category\">Brasil<\/a> <a href=\"https:\/\/noticiasbahia360.com.br\/?cat=6\" rel=\"category\">Feira de Santana<\/a> <a href=\"https:\/\/noticiasbahia360.com.br\/?cat=57\" rel=\"category\">Mundo<\/a> <a href=\"https:\/\/noticiasbahia360.com.br\/?cat=56\" rel=\"category\">Pol\u00edcia<\/a> <a href=\"https:\/\/noticiasbahia360.com.br\/?cat=10\" rel=\"category\">Pol\u00edtica<\/a>","tag_info":"Pol\u00edtica","comment_count":"0","_links":{"self":[{"href":"https:\/\/noticiasbahia360.com.br\/index.php?rest_route=\/wp\/v2\/posts\/91731","targetHints":{"allow":["GET"]}}],"collection":[{"href":"https:\/\/noticiasbahia360.com.br\/index.php?rest_route=\/wp\/v2\/posts"}],"about":[{"href":"https:\/\/noticiasbahia360.com.br\/index.php?rest_route=\/wp\/v2\/types\/post"}],"author":[{"embeddable":true,"href":"https:\/\/noticiasbahia360.com.br\/index.php?rest_route=\/wp\/v2\/users\/1"}],"replies":[{"embeddable":true,"href":"https:\/\/noticiasbahia360.com.br\/index.php?rest_route=%2Fwp%2Fv2%2Fcomments&post=91731"}],"version-history":[{"count":0,"href":"https:\/\/noticiasbahia360.com.br\/index.php?rest_route=\/wp\/v2\/posts\/91731\/revisions"}],"wp:featuredmedia":[{"embeddable":true,"href":"https:\/\/noticiasbahia360.com.br\/index.php?rest_route=\/wp\/v2\/media\/91732"}],"wp:attachment":[{"href":"https:\/\/noticiasbahia360.com.br\/index.php?rest_route=%2Fwp%2Fv2%2Fmedia&parent=91731"}],"wp:term":[{"taxonomy":"category","embeddable":true,"href":"https:\/\/noticiasbahia360.com.br\/index.php?rest_route=%2Fwp%2Fv2%2Fcategories&post=91731"},{"taxonomy":"post_tag","embeddable":true,"href":"https:\/\/noticiasbahia360.com.br\/index.php?rest_route=%2Fwp%2Fv2%2Ftags&post=91731"}],"curies":[{"name":"wp","href":"https:\/\/api.w.org\/{rel}","templated":true}]}}