{"id":91733,"date":"2025-07-01T15:17:02","date_gmt":"2025-07-01T18:17:02","guid":{"rendered":"https:\/\/noticiasbahia360.com.br\/?p=91733"},"modified":"2025-07-01T15:17:02","modified_gmt":"2025-07-01T18:17:02","slug":"vacina-bcg-protecao-que-comeca-cedo-e-vale-pra-vida-toda","status":"publish","type":"post","link":"https:\/\/noticiasbahia360.com.br\/?p=91733","title":{"rendered":"Vacina BCG: prote\u00e7\u00e3o que come\u00e7a cedo e vale pra vida toda"},"content":{"rendered":"<div>\n<div>\n<figure><img decoding=\"async\" src=\"http:\/\/noticiasbahia360.com.br\/wp-content\/uploads\/2025\/07\/vacina-bcg.jpg\" alt=\"vacina bcg\"><figcaption>Foto: Tomaz Silva\/Ag\u00eancia Brasil<\/figcaption><\/figure>\n<\/div>\n<p>No dia 1\u00ba de julho comemora-se o Dia Nacional da Vacina BCG (Bacilo de Calmette e Gu\u00e9rin). A vacina \u00e9 normalmente aplicada nos primeiros momentos de vida ap\u00f3s o nascimento. A fun\u00e7\u00e3o do medicamento \u00e9 proteger ao longo de toda a vida contra as formas mais graves da <a href=\"https:\/\/www.acordacidade.com.br\/tag\/tuberculose\/\">tuberculose<\/a>, doen\u00e7a que afeta principalmente os pulm\u00f5es.<\/p>\n<p>Para explicar sobre a import\u00e2ncia fundamental desta vacina, a equipe de reportagem do Acorda Cidade conversou com Sebasti\u00e3o Oliveira, enfermeiro e diretor da Rede Pr\u00f3pria da Secretaria Municipal de Sa\u00fade de Feira de Santana.<\/p>\n<figure class=\"wp-block-image size-large\"><img fetchpriority=\"high\" data-dominant-color=\"9f9793\" data-has-transparency=\"false\" style=\"--dominant-color: #9f9793;\" decoding=\"async\" width=\"1065\" height=\"768\" sizes=\"(max-width: 1065px) 100vw, 1065px\" src=\"http:\/\/noticiasbahia360.com.br\/wp-content\/uploads\/2025\/07\/sebastiaooliveira_diretor_redepropria_SMS-foto_neysilva_acordacidade-1065x768-1.jpg\" alt=\"Sebasti\u00e3o Oliveira, diretor da Rede Pr\u00f3pria da Secretaria Municipal de Sa\u00fade de Feira de Santana.\" class=\"wp-image-570656 not-transparent\" srcset=\"https:\/\/uploads.acordacidade.com.br\/2025\/07\/sebastiaooliveira_diretor_redepropria_SMS-foto_neysilva_acordacidade-506x365.jpg 506w, http:\/\/noticiasbahia360.com.br\/wp-content\/uploads\/2025\/07\/sebastiaooliveira_diretor_redepropria_SMS-foto_neysilva_acordacidade-1065x768-1.jpg 1065w, https:\/\/uploads.acordacidade.com.br\/2025\/07\/sebastiaooliveira_diretor_redepropria_SMS-foto_neysilva_acordacidade-767x553.jpg 767w, https:\/\/uploads.acordacidade.com.br\/2025\/07\/sebastiaooliveira_diretor_redepropria_SMS-foto_neysilva_acordacidade-150x108.jpg 150w, https:\/\/uploads.acordacidade.com.br\/2025\/07\/sebastiaooliveira_diretor_redepropria_SMS-foto_neysilva_acordacidade.jpg 1200w\"><figcaption class=\"wp-element-caption\">Foto: Ney Silva\/Acorda Cidade<\/figcaption><\/figure>\n<p>Para funcionar corretamente a aplica\u00e7\u00e3o precisa ser cedo, antes dos 5 anos de idade, e preferencialmente nos primeiros dias de vida.\u00a0<\/p>\n<p>\u201cA necessidade de ser administrada o mais r\u00e1pido poss\u00edvel \u00e9 justamente porque a tuberculose \u00e9 uma doen\u00e7a de certa forma end\u00eamica no Brasil e uma crian\u00e7a que exposta a essa doen\u00e7a pode apresentar um quadro grave e poder evoluir inclusive a \u00f3bito\u201d, explicou o profissional.<\/p>\n<p>A tuberculose \u00e9 uma doen\u00e7a infecciosa grave causada pela bact\u00e9ria Mycobacterium tuberculosis, que caso n\u00e3o tratada, pode levar \u00e0 morte do paciente. Ela pode se tornar ainda mais delicada para pessoas que est\u00e3o imunodeprimidas, como as pessoas que s\u00e3o infectadas pelo v\u00edrus da AIDS, por exemplo.<\/p>\n<p>De maneira geral, as contraindica\u00e7\u00f5es para a vacina BCG s\u00e3o raras. Situa\u00e7\u00f5es em que \u00e9 necess\u00e1ria a orienta\u00e7\u00e3o de um m\u00e9dico.<\/p>\n<p>\u201cA vacina \u00e9 algo universal e deve ser administrado para todos os p\u00fablicos. H\u00e1 casos de patologias um pouco mais raras que isso a\u00ed pode ser avaliado pelo m\u00e9dico infectologista de forma mais espec\u00edfica, mas de forma ampla a vacina\u00e7\u00e3o deve ser administrada a toda a popula\u00e7\u00e3o\u201d<\/p>\n<h2 class=\"wp-block-heading\" id=\"h-vacina-bcg-so-existe-no-brasil\">Vacina BCG s\u00f3 existe no Brasil?<\/h2>\n<p>O especialista informa que a Vacina BCG n\u00e3o \u00e9 uma exclusividade do Brasil.<\/p>\n<p>\u201cA BCG ela \u00e9 administrada sim em v\u00e1rios outros pa\u00edses. Existem hoje, alguns pa\u00edses que diminu\u00edram o uso da BCG por uma caracter\u00edstica da redu\u00e7\u00e3o da tuberculose. H\u00e1 exemplos dos Estados Unidos, Austr\u00e1lia, eles est\u00e3o restringindo essa vacina\u00e7\u00e3o para alguns p\u00fablicos que t\u00eam maior risco de contamina\u00e7\u00e3o, como o p\u00fablico ind\u00edgena l\u00e1 na Austr\u00e1lia\u201d<\/p>\n<p>O que torna a vacina\u00e7\u00e3o da BCG mais utilizada no Brasil \u00e9 a necessidade do combate \u00e0 doen\u00e7a.<\/p>\n<p>\u201cPa\u00edses como Brasil, \u00cdndia, ainda precisam dessa vacina\u00e7\u00e3o, tendo em vista que uma doen\u00e7a presente de forma relevante na nossa popula\u00e7\u00e3o.\u201d<\/p>\n<h2 class=\"wp-block-heading\" id=\"h-o-que-a-marquinha-da-vacina-significa\">O que a \u201cmarquinha\u201d da vacina significa<\/h2>\n<p>Normalmente quando a vacina \u00e9 tomada, uma cicatriz se forma no local da aplica\u00e7\u00e3o, marca que dura por toda a vida. A cicatriz \u00e9 uma rea\u00e7\u00e3o natural do sistema imunol\u00f3gico.<\/p>\n<p>Sebasti\u00e3o esclarece que j\u00e1 foi descartado o mito de que se n\u00e3o ficar a marca da vacina, significa que ela n\u00e3o funcionou. Na verdade, a presen\u00e7a ou n\u00e3o da marca \u00e9 puramente um processo que faz parte da cicatriza\u00e7\u00e3o.<\/p>\n<p>\u201cA marquinha n\u00e3o necessariamente caracteriza que a crian\u00e7a n\u00e3o foi imunizada. Por muito tempo, esse foi o par\u00e2metro, mas isso n\u00e3o \u00e9 mais considerado dessa forma. O importante \u00e9 que a vacina seja administrada e a tend\u00eancia \u00e9 que haja um processo cicatricial, vai aparecer uma feridinha que com alguns dias ele vai desaparecer, mas nem sempre vai ficar a presen\u00e7a da marca.\u201d.<\/p>\n<h2 class=\"wp-block-heading\" id=\"h-cuidados-pos-aplicacao-da-bcg\">Cuidados p\u00f3s aplica\u00e7\u00e3o da BCG<\/h2>\n<p>Uma preocupa\u00e7\u00e3o de muitos pais \u00e9 sobre os cuidados p\u00f3s vacina, principalmente devido a fragilidades dos rec\u00e9m nascidos. Segundo o profissional, apenas um cuidado \u00e9 fundamental, pois a preocupa\u00e7\u00e3o real deve ser com a cicatriza\u00e7\u00e3o da ferida.<\/p>\n<p>\u201cO primeiro cuidado fundamental \u00e9 n\u00e3o fazer cobertura, n\u00e3o fazer nenhum tipo de curativo, colocar roupas leves para que n\u00e3o forme nenhum tipo de cicatriza\u00e7\u00e3o inadequada, como as pessoas falam, para n\u00e3o abafar.\u201d<\/p>\n<h2 class=\"wp-block-heading\" id=\"h-efetividade-da-vacina\">Efetividade da vacina<\/h2>\n<p>Apesar de ainda necess\u00e1ria no Brasil, a vacina BCG tem funcionado positivamente. O enfermeiro explica que n\u00e3o h\u00e1 necessidade de atualiza\u00e7\u00e3o da f\u00f3rmula e nem possibilidades de substitui\u00e7\u00e3o do medicamento.<\/p>\n<p>\u201cA BCG hoje \u00e9 uma vacina que funciona muito bem, \u00e9 tanto que ela \u00e9 utilizada em em v\u00e1rios outros pa\u00edses, tem apresentado resultado positivo e n\u00e3o h\u00e1 necessidade nesse momento ainda no nosso pa\u00eds de substitui\u00e7\u00e3o.\u201d, esclarece.<\/p>\n<p><em>Com informa\u00e7\u00f5es do rep\u00f3rter Ney Silva do Acorda Cidade<\/em><\/p>\n<p><em>Siga o Acorda Cidade no<\/em><a href=\"https:\/\/news.google.com\/search?q=acorda%20cidade&amp;hl=pt-BR&amp;gl=BR&amp;ceid=BR%3Apt-419\"><strong><em> Google Not\u00edcias<\/em><\/strong><\/a><em> e receba os principais destaques do dia. Participe tamb\u00e9m dos nossos canais no <\/em><a href=\"https:\/\/whatsapp.com\/channel\/0029Va6Rb4v3WHTNnsh8WI3N\"><strong><em>WhatsApp<\/em><\/strong><\/a><em> e <\/em><a href=\"https:\/\/www.youtube.com\/@acordacidadenoticias\/videos\"><strong>Youtube<\/strong><\/a><em> e grupo de <\/em><a href=\"https:\/\/t.me\/+sSz0khrgARA0ZmRh\"><strong><em>Telegram<\/em><\/strong><\/a><em>.<\/em><\/p>\n<\/div>\n","protected":false},"excerpt":{"rendered":"<div>\n<div>\n<figure><img decoding=\"async\" src=\"https:\/\/uploads.acordacidade.com.br\/2025\/06\/vacina-bcg.jpg\" alt=\"vacina bcg\"><figcaption>Foto: Tomaz Silva\/Ag\u00eancia Brasil<\/figcaption><\/figure>\n<\/div>\n<p>Imunizante ainda \u00e9 essencial para prevenir formas graves da tuberculose<\/p><\/div>\n","protected":false},"author":1,"featured_media":91734,"comment_status":"closed","ping_status":"closed","sticky":false,"template":"","format":"gallery","meta":{"footnotes":""},"categories":[8,9,6,57,56,10],"tags":[],"class_list":["post-91733","post","type-post","status-publish","format-gallery","has-post-thumbnail","hentry","category-bahia","category-brasil","category-feira-de-santana","category-mundo","category-policia","category-politica","post_format-post-format-gallery"],"featured_image_urls":{"full":["https:\/\/noticiasbahia360.com.br\/wp-content\/uploads\/2025\/07\/vacina-bcg.jpg",1200,718,false],"thumbnail":["https:\/\/noticiasbahia360.com.br\/wp-content\/uploads\/2025\/07\/vacina-bcg-150x150.jpg",150,150,true],"medium":["https:\/\/noticiasbahia360.com.br\/wp-content\/uploads\/2025\/07\/vacina-bcg-300x180.jpg",300,180,true],"medium_large":["https:\/\/noticiasbahia360.com.br\/wp-content\/uploads\/2025\/07\/vacina-bcg-768x460.jpg",640,383,true],"large":["https:\/\/noticiasbahia360.com.br\/wp-content\/uploads\/2025\/07\/vacina-bcg-1024x613.jpg",640,383,true],"1536x1536":["https:\/\/noticiasbahia360.com.br\/wp-content\/uploads\/2025\/07\/vacina-bcg.jpg",1200,718,false],"2048x2048":["https:\/\/noticiasbahia360.com.br\/wp-content\/uploads\/2025\/07\/vacina-bcg.jpg",1200,718,false],"chromenews-featured":["https:\/\/noticiasbahia360.com.br\/wp-content\/uploads\/2025\/07\/vacina-bcg-1024x613.jpg",1024,613,true],"chromenews-large":["https:\/\/noticiasbahia360.com.br\/wp-content\/uploads\/2025\/07\/vacina-bcg-825x575.jpg",825,575,true],"chromenews-medium":["https:\/\/noticiasbahia360.com.br\/wp-content\/uploads\/2025\/07\/vacina-bcg-590x410.jpg",590,410,true]},"author_info":{"display_name":"noticiasbahia360.com.br","author_link":"https:\/\/noticiasbahia360.com.br\/?author=1"},"category_info":"<a href=\"https:\/\/noticiasbahia360.com.br\/?cat=8\" rel=\"category\">Bahia<\/a> <a href=\"https:\/\/noticiasbahia360.com.br\/?cat=9\" rel=\"category\">Brasil<\/a> <a href=\"https:\/\/noticiasbahia360.com.br\/?cat=6\" rel=\"category\">Feira de Santana<\/a> <a href=\"https:\/\/noticiasbahia360.com.br\/?cat=57\" rel=\"category\">Mundo<\/a> <a href=\"https:\/\/noticiasbahia360.com.br\/?cat=56\" rel=\"category\">Pol\u00edcia<\/a> <a href=\"https:\/\/noticiasbahia360.com.br\/?cat=10\" rel=\"category\">Pol\u00edtica<\/a>","tag_info":"Pol\u00edtica","comment_count":"0","_links":{"self":[{"href":"https:\/\/noticiasbahia360.com.br\/index.php?rest_route=\/wp\/v2\/posts\/91733","targetHints":{"allow":["GET"]}}],"collection":[{"href":"https:\/\/noticiasbahia360.com.br\/index.php?rest_route=\/wp\/v2\/posts"}],"about":[{"href":"https:\/\/noticiasbahia360.com.br\/index.php?rest_route=\/wp\/v2\/types\/post"}],"author":[{"embeddable":true,"href":"https:\/\/noticiasbahia360.com.br\/index.php?rest_route=\/wp\/v2\/users\/1"}],"replies":[{"embeddable":true,"href":"https:\/\/noticiasbahia360.com.br\/index.php?rest_route=%2Fwp%2Fv2%2Fcomments&post=91733"}],"version-history":[{"count":0,"href":"https:\/\/noticiasbahia360.com.br\/index.php?rest_route=\/wp\/v2\/posts\/91733\/revisions"}],"wp:featuredmedia":[{"embeddable":true,"href":"https:\/\/noticiasbahia360.com.br\/index.php?rest_route=\/wp\/v2\/media\/91734"}],"wp:attachment":[{"href":"https:\/\/noticiasbahia360.com.br\/index.php?rest_route=%2Fwp%2Fv2%2Fmedia&parent=91733"}],"wp:term":[{"taxonomy":"category","embeddable":true,"href":"https:\/\/noticiasbahia360.com.br\/index.php?rest_route=%2Fwp%2Fv2%2Fcategories&post=91733"},{"taxonomy":"post_tag","embeddable":true,"href":"https:\/\/noticiasbahia360.com.br\/index.php?rest_route=%2Fwp%2Fv2%2Ftags&post=91733"}],"curies":[{"name":"wp","href":"https:\/\/api.w.org\/{rel}","templated":true}]}}