{"id":91736,"date":"2025-07-01T15:17:10","date_gmt":"2025-07-01T18:17:10","guid":{"rendered":"https:\/\/noticiasbahia360.com.br\/?p=91736"},"modified":"2025-07-01T15:17:10","modified_gmt":"2025-07-01T18:17:10","slug":"risco-de-choque-eletrico-falta-de-poda-em-arvore-no-bairro-parque-ipe-preocupa-moradores","status":"publish","type":"post","link":"https:\/\/noticiasbahia360.com.br\/?p=91736","title":{"rendered":"Risco de choque el\u00e9trico: falta de poda em \u00e1rvore no bairro Parque Ip\u00ea preocupa moradores"},"content":{"rendered":"<div>\n<div>\n<figure><img decoding=\"async\" src=\"http:\/\/noticiasbahia360.com.br\/wp-content\/uploads\/2025\/07\/Rua-Tupirama-no-bairro-Parque-Ipe-moradores-pedem-poda-de-arvores-ed-santos-acorda-cidade1.webp\" alt=\"Rua Tupirama - no bairro Parque Ip\u00ea - moradores pedem poda de \u00e1rvores\"><figcaption>Foto: Ed Santos\/Acorda Cidade <\/figcaption><\/figure>\n<\/div>\n<p>Uma certeza que os moradores da Rua Tupirama, no bairro Parque Ip\u00ea, em Feira de Santana tem \u00e9 de que com energia el\u00e9trica n\u00e3o se pode descuidar. Um problema na fia\u00e7\u00e3o em uma resid\u00eancia fechada, tem deixado as pessoas preocupadas por conta dos riscos de acidentes.<\/p>\n<figure class=\"wp-block-image size-full\"><img fetchpriority=\"high\" data-dominant-color=\"97968d\" data-has-transparency=\"false\" style=\"--dominant-color: #97968d;\" fetchpriority=\"high\" decoding=\"async\" width=\"1200\" height=\"675\" sizes=\"(max-width: 1200px) 100vw, 1200px\" src=\"http:\/\/noticiasbahia360.com.br\/wp-content\/uploads\/2025\/07\/Rua-Tupirama-no-bairro-Parque-Ipe-moradores-pedem-poda-de-arvores-ed-santos-acorda-cidade4.webp\" alt=\"Rua Tupirama - no bairro Parque Ip\u00ea - moradores pedem poda de \u00e1rvores\" class=\"wp-image-570592 not-transparent\" srcset=\"https:\/\/uploads.acordacidade.com.br\/2025\/07\/Rua-Tupirama-no-bairro-Parque-Ipe-moradores-pedem-poda-de-arvores-ed-santos-acorda-cidade4-648x365.webp 648w, https:\/\/uploads.acordacidade.com.br\/2025\/07\/Rua-Tupirama-no-bairro-Parque-Ipe-moradores-pedem-poda-de-arvores-ed-santos-acorda-cidade4-150x84.webp 150w, http:\/\/noticiasbahia360.com.br\/wp-content\/uploads\/2025\/07\/Rua-Tupirama-no-bairro-Parque-Ipe-moradores-pedem-poda-de-arvores-ed-santos-acorda-cidade4.webp 1200w\"><figcaption class=\"wp-element-caption\">Foto: Ed Santos\/Acorda Cidade <\/figcaption><\/figure>\n<p>No \u00faltimo dia 27 de junho, uma trag\u00e9dia marcou o povoado de Olhos D\u2019\u00e1gua da Formiga, no distrito de Maria Quit\u00e9ria. Pai e filho morreram eletrocutados ap\u00f3s um acidente envolvendo um caminh\u00e3o ba\u00fa e um fio de alta tens\u00e3o. (<a href=\"https:\/\/www.acordacidade.com.br\/policia\/pai-e-filho-morrem-eletrocutados-por-fio-de-alta-tensao-em-feira-de-santana\/\" target=\"_blank\" rel=\"noreferrer noopener\">Relembre aqui<\/a>).<\/p>\n<p>Temendo os riscos de choques el\u00e9tricos e inc\u00eandios, o morador Cosme dos Santos solicitou a reportagem do Acorda Cidade na manh\u00e3 desta ter\u00e7a-feira (1\u00ba), para tentar solucionar o problema de uma \u00e1rvore, um enorme p\u00e9 de Jamel\u00e3o, que est\u00e1 sem poda, encostando nos fios de alta voltagem.<\/p>\n<figure class=\"wp-block-image size-full\"><img data-dominant-color=\"7e8a80\" data-has-transparency=\"false\" style=\"--dominant-color: #7e8a80;\" decoding=\"async\" width=\"1200\" height=\"675\" sizes=\"(max-width: 1200px) 100vw, 1200px\" src=\"http:\/\/noticiasbahia360.com.br\/wp-content\/uploads\/2025\/07\/Rua-Tupirama-no-bairro-Parque-Ipe-moradores-pedem-poda-de-arvores-ed-santos-acorda-cidade3.webp\" alt=\"Rua Tupirama - no bairro Parque Ip\u00ea - moradores pedem poda de \u00e1rvores\" class=\"wp-image-570593 not-transparent\" srcset=\"https:\/\/uploads.acordacidade.com.br\/2025\/07\/Rua-Tupirama-no-bairro-Parque-Ipe-moradores-pedem-poda-de-arvores-ed-santos-acorda-cidade3-648x365.webp 648w, https:\/\/uploads.acordacidade.com.br\/2025\/07\/Rua-Tupirama-no-bairro-Parque-Ipe-moradores-pedem-poda-de-arvores-ed-santos-acorda-cidade3-150x84.webp 150w, http:\/\/noticiasbahia360.com.br\/wp-content\/uploads\/2025\/07\/Rua-Tupirama-no-bairro-Parque-Ipe-moradores-pedem-poda-de-arvores-ed-santos-acorda-cidade3.webp 1200w\"><figcaption class=\"wp-element-caption\">Foto: Ed Santos\/Acorda Cidade <\/figcaption><\/figure>\n<p>De acordo com ele, os fios est\u00e3o pegando fogo diariamente, mas os respons\u00e1veis n\u00e3o tomam uma provid\u00eancia efetiva para resolver a situa\u00e7\u00e3o.<\/p>\n<p>\u201cEu ligo, a equipe vem aqui no p\u00e9 de \u00e1rvore, olha para cima, parecendo que \u00e9 enfeite, porque vem, tira foto e vai embora. Dentro de um ano vieram com um tesour\u00e3o aqui, cortou duas gaias e largou\u201d, disse.<\/p>\n<figure class=\"wp-block-image size-full\"><img data-dominant-color=\"868680\" data-has-transparency=\"false\" style=\"--dominant-color: #868680;\" decoding=\"async\" width=\"1200\" height=\"675\" sizes=\"(max-width: 1200px) 100vw, 1200px\" src=\"http:\/\/noticiasbahia360.com.br\/wp-content\/uploads\/2025\/07\/Rua-Tupirama-no-bairro-Parque-Ipe-moradores-pedem-poda-de-arvores-ed-santos-acorda-cidade2.webp\" alt=\"Rua Tupirama - no bairro Parque Ip\u00ea - moradores pedem poda de \u00e1rvores\" class=\"wp-image-570594 not-transparent\" srcset=\"https:\/\/uploads.acordacidade.com.br\/2025\/07\/Rua-Tupirama-no-bairro-Parque-Ipe-moradores-pedem-poda-de-arvores-ed-santos-acorda-cidade2-648x365.webp 648w, https:\/\/uploads.acordacidade.com.br\/2025\/07\/Rua-Tupirama-no-bairro-Parque-Ipe-moradores-pedem-poda-de-arvores-ed-santos-acorda-cidade2-150x84.webp 150w, http:\/\/noticiasbahia360.com.br\/wp-content\/uploads\/2025\/07\/Rua-Tupirama-no-bairro-Parque-Ipe-moradores-pedem-poda-de-arvores-ed-santos-acorda-cidade2.webp 1200w\"><figcaption class=\"wp-element-caption\">Foto: Ed Santos\/Acorda Cidade <\/figcaption><\/figure>\n<p>Segundo Cosme, os moradores que passam pela cal\u00e7ada e os que ficam no ponto de \u00f4nibus, correm altos riscos, porque a \u00e1rvore fica bem pr\u00f3xima da rua que \u00e9 bastante movimentada. A casa dele tamb\u00e9m fica pr\u00f3xima.<\/p>\n<figure class=\"wp-block-image size-full\"><img data-dominant-color=\"8d8c81\" data-has-transparency=\"false\" style=\"--dominant-color: #8d8c81;\" decoding=\"async\" width=\"1200\" height=\"739\" sizes=\"(max-width: 1200px) 100vw, 1200px\" src=\"http:\/\/noticiasbahia360.com.br\/wp-content\/uploads\/2025\/07\/Rua-Tupirama-no-bairro-Parque-Ipe-moradores-pedem-poda-de-arvores-ed-santos-acorda-cidade.webp\" alt=\"Rua Tupirama - no bairro Parque Ip\u00ea - moradores pedem poda de \u00e1rvores\" class=\"wp-image-570596 not-transparent\" srcset=\"https:\/\/uploads.acordacidade.com.br\/2025\/07\/Rua-Tupirama-no-bairro-Parque-Ipe-moradores-pedem-poda-de-arvores-ed-santos-acorda-cidade-593x365.webp 593w, https:\/\/uploads.acordacidade.com.br\/2025\/07\/Rua-Tupirama-no-bairro-Parque-Ipe-moradores-pedem-poda-de-arvores-ed-santos-acorda-cidade-898x553.webp 898w, https:\/\/uploads.acordacidade.com.br\/2025\/07\/Rua-Tupirama-no-bairro-Parque-Ipe-moradores-pedem-poda-de-arvores-ed-santos-acorda-cidade-150x92.webp 150w, http:\/\/noticiasbahia360.com.br\/wp-content\/uploads\/2025\/07\/Rua-Tupirama-no-bairro-Parque-Ipe-moradores-pedem-poda-de-arvores-ed-santos-acorda-cidade.webp 1200w\"><figcaption class=\"wp-element-caption\">Foto: Ed Santos\/Acorda Cidade <\/figcaption><\/figure>\n<p>A reclama\u00e7\u00e3o de Juliana Quintela \u00e9 a mesma. A moradora tamb\u00e9m afirma que h\u00e1 muitos anos que eles tentam resolver com a Neoenergia Coelba, mas n\u00e3o tem solu\u00e7\u00e3o na rua que \u00e9 bastante movimentada. Eles pedem a manuten\u00e7\u00e3o para que o problema n\u00e3o se torne uma trag\u00e9dia anunciada.<\/p>\n<p>\u201cA gente liga pra Coelba e nada de se resolver. H\u00e1 muito tempo essa casa est\u00e1 fechada. O dono \u00e9 dif\u00edcil vir. A Coelba vem, bate foto e n\u00e3o resolve o problema. E os fios est\u00e3o juntando um no outro e estourando fogo, arriscando a vida da gente. E sempre d\u00e1 o circuito\u201d, disse Juliana.<\/p>\n<figure class=\"wp-block-image size-full\"><img loading=\"lazy\" data-dominant-color=\"8d918d\" data-has-transparency=\"false\" style=\"--dominant-color: #8d918d;\" decoding=\"async\" width=\"1200\" height=\"675\" sizes=\"(max-width: 1200px) 100vw, 1200px\" src=\"http:\/\/noticiasbahia360.com.br\/wp-content\/uploads\/2025\/07\/Rua-Tupirama-no-bairro-Parque-Ipe-moradores-pedem-poda-de-arvores-ed-santos-acorda-cidade5.webp\" alt=\"Rua Tupirama - no bairro Parque Ip\u00ea - moradores pedem poda de \u00e1rvores\" class=\"wp-image-570591 not-transparent\" srcset=\"https:\/\/uploads.acordacidade.com.br\/2025\/07\/Rua-Tupirama-no-bairro-Parque-Ipe-moradores-pedem-poda-de-arvores-ed-santos-acorda-cidade5-648x365.webp 648w, https:\/\/uploads.acordacidade.com.br\/2025\/07\/Rua-Tupirama-no-bairro-Parque-Ipe-moradores-pedem-poda-de-arvores-ed-santos-acorda-cidade5-150x84.webp 150w, http:\/\/noticiasbahia360.com.br\/wp-content\/uploads\/2025\/07\/Rua-Tupirama-no-bairro-Parque-Ipe-moradores-pedem-poda-de-arvores-ed-santos-acorda-cidade5.webp 1200w\"><figcaption class=\"wp-element-caption\">Foto: Ed Santos\/Acorda Cidade <\/figcaption><\/figure>\n<p>Ao Acorda Cidade, a moradora tamb\u00e9m falou sobre um poste de energia que est\u00e1 sobrecarregado com diversos servi\u00e7os.<\/p>\n<p>\u201cFia\u00e7\u00e3o de fio telef\u00f4nico, fia\u00e7\u00e3o da Coelba, fia\u00e7\u00e3o da internet, tudo embolado, tudo misturado aqui, arriscando nossa vida. Esses tempos mesmo de chuva estava juntando um no outro e saindo isca de fogo. Como que a gente ia passar?\u201d, questionou.<\/p>\n<h2 class=\"wp-block-heading\" id=\"h-mais-riscos-em-postes\">Mais riscos em postes\u00a0<\/h2>\n<p>Ant\u00f4nio Cezar da Silva Ferreira, morador da Fazenda do Ovo da Ema, no distrito de Maria Quit\u00e9ria, tamb\u00e9m denuncia os riscos de acidentes envolvendo fia\u00e7\u00e3o el\u00e9trica. De acordo com ele, um poste na Estrada da Formiga est\u00e1 danificado, prestes a cair.\u00a0<\/p>\n<figure class=\"wp-block-image size-large\"><img loading=\"lazy\" data-dominant-color=\"9a988e\" data-has-transparency=\"false\" style=\"--dominant-color: #9a988e;\" decoding=\"async\" width=\"1037\" height=\"768\" sizes=\"(max-width: 1037px) 100vw, 1037px\" src=\"http:\/\/noticiasbahia360.com.br\/wp-content\/uploads\/2025\/07\/Poste-danificado-na-Estrada-da-Formiga-1-1-1037x768-1.webp\" alt=\"Poste danificado na Estrada da Formiga\" class=\"wp-image-570599 not-transparent\" srcset=\"https:\/\/uploads.acordacidade.com.br\/2025\/07\/Poste-danificado-na-Estrada-da-Formiga-1-1-493x365.webp 493w, http:\/\/noticiasbahia360.com.br\/wp-content\/uploads\/2025\/07\/Poste-danificado-na-Estrada-da-Formiga-1-1-1037x768-1.webp 1037w, https:\/\/uploads.acordacidade.com.br\/2025\/07\/Poste-danificado-na-Estrada-da-Formiga-1-1-746x553.webp 746w, https:\/\/uploads.acordacidade.com.br\/2025\/07\/Poste-danificado-na-Estrada-da-Formiga-1-1-150x111.webp 150w, https:\/\/uploads.acordacidade.com.br\/2025\/07\/Poste-danificado-na-Estrada-da-Formiga-1-1.webp 1200w\"><figcaption class=\"wp-element-caption\">Foto: Enviada via WhatsApp<\/figcaption><\/figure>\n<p>\u201cA Coelba mais uma vez faz de conta que consertou e deixou a\u00ed pr\u00f3ximo ao local que aconteceu a trag\u00e9dia com as duas v\u00edtimas. Uma estrada principal. Al\u00e9m do poste quebrado, o travess\u00e3o que segura os fios \u00e9 travess\u00e3o de madeira com mais de 20 anos que foi colocado, apodrecido\u201d, alertou.<\/p>\n<figure class=\"wp-block-image size-large\"><img loading=\"lazy\" data-dominant-color=\"5d4a33\" data-has-transparency=\"false\" style=\"--dominant-color: #5d4a33;\" decoding=\"async\" width=\"1128\" height=\"768\" sizes=\"(max-width: 1128px) 100vw, 1128px\" src=\"http:\/\/noticiasbahia360.com.br\/wp-content\/uploads\/2025\/07\/Poste-danificado-na-Estrada-da-Formiga-1-1128x768-1.webp\" alt=\"Poste danificado na Estrada da Formiga\" class=\"wp-image-570597 not-transparent\" srcset=\"https:\/\/uploads.acordacidade.com.br\/2025\/07\/Poste-danificado-na-Estrada-da-Formiga-1-536x365.webp 536w, http:\/\/noticiasbahia360.com.br\/wp-content\/uploads\/2025\/07\/Poste-danificado-na-Estrada-da-Formiga-1-1128x768-1.webp 1128w, https:\/\/uploads.acordacidade.com.br\/2025\/07\/Poste-danificado-na-Estrada-da-Formiga-1-812x553.webp 812w, https:\/\/uploads.acordacidade.com.br\/2025\/07\/Poste-danificado-na-Estrada-da-Formiga-1-150x102.webp 150w, https:\/\/uploads.acordacidade.com.br\/2025\/07\/Poste-danificado-na-Estrada-da-Formiga-1.webp 1200w\"><figcaption class=\"wp-element-caption\">Foto: Enviada via WhatsApp<\/figcaption><\/figure>\n<figure class=\"wp-block-image size-large\"><img loading=\"lazy\" data-dominant-color=\"b3bac2\" data-has-transparency=\"false\" style=\"--dominant-color: #b3bac2;\" decoding=\"async\" width=\"1128\" height=\"768\" sizes=\"(max-width: 1128px) 100vw, 1128px\" src=\"http:\/\/noticiasbahia360.com.br\/wp-content\/uploads\/2025\/07\/Poste-danificado-na-Estrada-da-Formiga-1128x768-1.webp\" alt=\"Poste danificado na Estrada da Formiga\" class=\"wp-image-570598 not-transparent\" srcset=\"https:\/\/uploads.acordacidade.com.br\/2025\/07\/Poste-danificado-na-Estrada-da-Formiga--536x365.webp 536w, http:\/\/noticiasbahia360.com.br\/wp-content\/uploads\/2025\/07\/Poste-danificado-na-Estrada-da-Formiga-1128x768-1.webp 1128w, https:\/\/uploads.acordacidade.com.br\/2025\/07\/Poste-danificado-na-Estrada-da-Formiga--812x553.webp 812w, https:\/\/uploads.acordacidade.com.br\/2025\/07\/Poste-danificado-na-Estrada-da-Formiga--150x102.webp 150w, https:\/\/uploads.acordacidade.com.br\/2025\/07\/Poste-danificado-na-Estrada-da-Formiga-.webp 1200w\"><figcaption class=\"wp-element-caption\">Foto: Enviada via WhatsApp<\/figcaption><\/figure>\n<p>As orienta\u00e7\u00f5es de seguran\u00e7a da Coelba para casos como estes \u00e9 de que as pessoas fiquem longes dos fios e postes, mantendo uma dist\u00e2ncia m\u00ednima de seguran\u00e7a de 2,5m do fio do poste.<\/p>\n<p>Em caso de queda de fio ou acidentes, a Coelba deve ser acionada imediatamente atrav\u00e9s do telefone 116. \u00c9 import\u00e2ncia refor\u00e7ar que as pessoas n\u00e3o devem tentar remov\u00ea-los.<\/p>\n<p><em>Ainda na manh\u00e3 desta ter\u00e7a (1\u00ba), a Coelba informou ao Acorda Cidade que j\u00e1 est\u00e1 no local realizando a manuten\u00e7\u00e3o da \u00e1rvore. <\/em><\/p>\n<p><em>Com informa\u00e7\u00f5es do rep\u00f3rter Ed Santos do Acorda Cidade<\/em><\/p>\n<p><strong>Leia tamb\u00e9m: <a href=\"https:\/\/www.acordacidade.com.br\/policia\/pai-e-filho-morrem-eletrocutados-por-fio-de-alta-tensao-em-feira-de-santana\/\" target=\"_blank\" rel=\"noreferrer noopener\">Pai e filho morrem eletrocutados por fio de alta tens\u00e3o em Feira de Santana<\/a><\/strong><\/p>\n<p><em>Siga o Acorda Cidade no<\/em><a href=\"https:\/\/news.google.com\/search?q=acorda%20cidade&amp;hl=pt-BR&amp;gl=BR&amp;ceid=BR%3Apt-419\"><strong><em>\u00a0Google Not\u00edcias<\/em><\/strong><\/a><em>\u00a0e receba os principais destaques do dia. Participe tamb\u00e9m dos nossos canais no\u00a0<\/em><a href=\"https:\/\/www.whatsapp.com\/channel\/0029Va6Rb4v3WHTNnsh8WI3N\"><strong><em>WhatsApp<\/em><\/strong><\/a><em>\u00a0e\u00a0<\/em><a href=\"https:\/\/www.youtube.com\/@acordacidadenoticias\/videos\"><strong>YouTube<\/strong><\/a><em>\u00a0e do grupo no\u00a0<\/em><a href=\"https:\/\/t.me\/+sSz0khrgARA0ZmRh\"><strong><em>Telegram<\/em><\/strong><\/a><\/p>\n<\/div>\n","protected":false},"excerpt":{"rendered":"<div>\n<div>\n<figure><img decoding=\"async\" src=\"https:\/\/uploads.acordacidade.com.br\/2025\/07\/Rua-Tupirama-no-bairro-Parque-Ipe-moradores-pedem-poda-de-arvores-ed-santos-acorda-cidade1.webp\" alt=\"Rua Tupirama - no bairro Parque Ip\u00ea - moradores pedem poda de \u00e1rvores\"><figcaption>Foto: Ed Santos\/Acorda Cidade <\/figcaption><\/figure>\n<\/div>\n<p>Os moradores pedem a manuten\u00e7\u00e3o para que o problema n\u00e3o se torne uma trag\u00e9dia anunciada.<\/p><\/div>\n","protected":false},"author":1,"featured_media":91737,"comment_status":"closed","ping_status":"closed","sticky":false,"template":"","format":"gallery","meta":{"footnotes":""},"categories":[8,9,6,57,56,10],"tags":[],"class_list":["post-91736","post","type-post","status-publish","format-gallery","has-post-thumbnail","hentry","category-bahia","category-brasil","category-feira-de-santana","category-mundo","category-policia","category-politica","post_format-post-format-gallery"],"featured_image_urls":{"full":["https:\/\/noticiasbahia360.com.br\/wp-content\/uploads\/2025\/07\/Rua-Tupirama-no-bairro-Parque-Ipe-moradores-pedem-poda-de-arvores-ed-santos-acorda-cidade1.webp",1200,675,false],"thumbnail":["https:\/\/noticiasbahia360.com.br\/wp-content\/uploads\/2025\/07\/Rua-Tupirama-no-bairro-Parque-Ipe-moradores-pedem-poda-de-arvores-ed-santos-acorda-cidade1-150x150.webp",150,150,true],"medium":["https:\/\/noticiasbahia360.com.br\/wp-content\/uploads\/2025\/07\/Rua-Tupirama-no-bairro-Parque-Ipe-moradores-pedem-poda-de-arvores-ed-santos-acorda-cidade1-300x169.webp",300,169,true],"medium_large":["https:\/\/noticiasbahia360.com.br\/wp-content\/uploads\/2025\/07\/Rua-Tupirama-no-bairro-Parque-Ipe-moradores-pedem-poda-de-arvores-ed-santos-acorda-cidade1-768x432.webp",640,360,true],"large":["https:\/\/noticiasbahia360.com.br\/wp-content\/uploads\/2025\/07\/Rua-Tupirama-no-bairro-Parque-Ipe-moradores-pedem-poda-de-arvores-ed-santos-acorda-cidade1-1024x576.webp",640,360,true],"1536x1536":["https:\/\/noticiasbahia360.com.br\/wp-content\/uploads\/2025\/07\/Rua-Tupirama-no-bairro-Parque-Ipe-moradores-pedem-poda-de-arvores-ed-santos-acorda-cidade1.webp",1200,675,false],"2048x2048":["https:\/\/noticiasbahia360.com.br\/wp-content\/uploads\/2025\/07\/Rua-Tupirama-no-bairro-Parque-Ipe-moradores-pedem-poda-de-arvores-ed-santos-acorda-cidade1.webp",1200,675,false],"chromenews-featured":["https:\/\/noticiasbahia360.com.br\/wp-content\/uploads\/2025\/07\/Rua-Tupirama-no-bairro-Parque-Ipe-moradores-pedem-poda-de-arvores-ed-santos-acorda-cidade1-1024x576.webp",1024,576,true],"chromenews-large":["https:\/\/noticiasbahia360.com.br\/wp-content\/uploads\/2025\/07\/Rua-Tupirama-no-bairro-Parque-Ipe-moradores-pedem-poda-de-arvores-ed-santos-acorda-cidade1-825x575.webp",825,575,true],"chromenews-medium":["https:\/\/noticiasbahia360.com.br\/wp-content\/uploads\/2025\/07\/Rua-Tupirama-no-bairro-Parque-Ipe-moradores-pedem-poda-de-arvores-ed-santos-acorda-cidade1-590x410.webp",590,410,true]},"author_info":{"display_name":"noticiasbahia360.com.br","author_link":"https:\/\/noticiasbahia360.com.br\/?author=1"},"category_info":"<a href=\"https:\/\/noticiasbahia360.com.br\/?cat=8\" rel=\"category\">Bahia<\/a> <a href=\"https:\/\/noticiasbahia360.com.br\/?cat=9\" rel=\"category\">Brasil<\/a> <a href=\"https:\/\/noticiasbahia360.com.br\/?cat=6\" rel=\"category\">Feira de Santana<\/a> <a href=\"https:\/\/noticiasbahia360.com.br\/?cat=57\" rel=\"category\">Mundo<\/a> <a href=\"https:\/\/noticiasbahia360.com.br\/?cat=56\" rel=\"category\">Pol\u00edcia<\/a> <a href=\"https:\/\/noticiasbahia360.com.br\/?cat=10\" rel=\"category\">Pol\u00edtica<\/a>","tag_info":"Pol\u00edtica","comment_count":"0","_links":{"self":[{"href":"https:\/\/noticiasbahia360.com.br\/index.php?rest_route=\/wp\/v2\/posts\/91736","targetHints":{"allow":["GET"]}}],"collection":[{"href":"https:\/\/noticiasbahia360.com.br\/index.php?rest_route=\/wp\/v2\/posts"}],"about":[{"href":"https:\/\/noticiasbahia360.com.br\/index.php?rest_route=\/wp\/v2\/types\/post"}],"author":[{"embeddable":true,"href":"https:\/\/noticiasbahia360.com.br\/index.php?rest_route=\/wp\/v2\/users\/1"}],"replies":[{"embeddable":true,"href":"https:\/\/noticiasbahia360.com.br\/index.php?rest_route=%2Fwp%2Fv2%2Fcomments&post=91736"}],"version-history":[{"count":0,"href":"https:\/\/noticiasbahia360.com.br\/index.php?rest_route=\/wp\/v2\/posts\/91736\/revisions"}],"wp:featuredmedia":[{"embeddable":true,"href":"https:\/\/noticiasbahia360.com.br\/index.php?rest_route=\/wp\/v2\/media\/91737"}],"wp:attachment":[{"href":"https:\/\/noticiasbahia360.com.br\/index.php?rest_route=%2Fwp%2Fv2%2Fmedia&parent=91736"}],"wp:term":[{"taxonomy":"category","embeddable":true,"href":"https:\/\/noticiasbahia360.com.br\/index.php?rest_route=%2Fwp%2Fv2%2Fcategories&post=91736"},{"taxonomy":"post_tag","embeddable":true,"href":"https:\/\/noticiasbahia360.com.br\/index.php?rest_route=%2Fwp%2Fv2%2Ftags&post=91736"}],"curies":[{"name":"wp","href":"https:\/\/api.w.org\/{rel}","templated":true}]}} 