{"id":91746,"date":"2025-07-01T16:47:12","date_gmt":"2025-07-01T19:47:12","guid":{"rendered":"https:\/\/noticiasbahia360.com.br\/?p=91746"},"modified":"2025-07-01T16:47:12","modified_gmt":"2025-07-01T19:47:12","slug":"policia-civil-erradica-pes-de-maconha-em-araci-drogas-e-arma-tambem-foram-apreendidas","status":"publish","type":"post","link":"https:\/\/noticiasbahia360.com.br\/?p=91746","title":{"rendered":"Pol\u00edcia Civil erradica p\u00e9s de maconha em Araci; drogas e arma tamb\u00e9m foram apreendidas\u00a0"},"content":{"rendered":"<div>\n<div>\n<figure><img decoding=\"async\" src=\"http:\/\/noticiasbahia360.com.br\/wp-content\/uploads\/2025\/07\/Apreensao-de-pes-de-maconha-em-Araci-PC-.webp\" alt=\"Apreens\u00e3o de p\u00e9s de maconha em Araci - PC\"><figcaption>Foto: Divulga\u00e7\u00e3o\/Pol\u00edcia Civil <\/figcaption><\/figure>\n<\/div>\n<p>A <a href=\"https:\/\/www.acordacidade.com.br\/tag\/policia-civil\/\">Pol\u00edcia Civil da Bahia<\/a>, por interm\u00e9dio do Setor de Investiga\u00e7\u00e3o da Delegacia Territorial de <a href=\"https:\/\/www.acordacidade.com.br\/tag\/araci\/\">Araci <\/a>e Cati Sisal, desencadeou na manh\u00e3 desta ter\u00e7a-feira (1\u00ba), por volta das 06h, a Opera\u00e7\u00e3o Santo Ros\u00e1rio.<\/p>\n<p>Segundo informa\u00e7\u00f5es da pol\u00edcia, a a\u00e7\u00e3o ocorreu ap\u00f3s o registro de uma ocorr\u00eancia onde uma m\u00e3e informou que foi amea\u00e7ada pelo filho e expulsa de sua pr\u00f3pria resid\u00eancia. Segundo os detalhes da opera\u00e7\u00e3o, o homem tamb\u00e9m teria agredido o padrasto. Durante a a\u00e7\u00e3o, o suspeito teria atirado no telhado da casa com uma arma de fogo.\u00a0<\/p>\n<figure class=\"wp-block-image size-full\"><img fetchpriority=\"high\" data-dominant-color=\"938f7b\" data-has-transparency=\"false\" style=\"--dominant-color: #938f7b;\" fetchpriority=\"high\" decoding=\"async\" width=\"1200\" height=\"751\" sizes=\"(max-width: 1200px) 100vw, 1200px\" src=\"http:\/\/noticiasbahia360.com.br\/wp-content\/uploads\/2025\/07\/Apreensao-de-pes-de-maconha-em-Araci-PC-1-1.webp\" alt=\"Apreens\u00e3o de p\u00e9s de maconha em Araci - PC\" class=\"wp-image-570687 not-transparent\" srcset=\"https:\/\/uploads.acordacidade.com.br\/2025\/07\/Apreensao-de-pes-de-maconha-em-Araci-PC-1-1-583x365.webp 583w, https:\/\/uploads.acordacidade.com.br\/2025\/07\/Apreensao-de-pes-de-maconha-em-Araci-PC-1-1-884x553.webp 884w, https:\/\/uploads.acordacidade.com.br\/2025\/07\/Apreensao-de-pes-de-maconha-em-Araci-PC-1-1-150x94.webp 150w, http:\/\/noticiasbahia360.com.br\/wp-content\/uploads\/2025\/07\/Apreensao-de-pes-de-maconha-em-Araci-PC-1-1.webp 1200w\"><figcaption class=\"wp-element-caption\">Foto: Divulga\u00e7\u00e3o\/Pol\u00edcia Civil <\/figcaption><\/figure>\n<p>Ainda segundo a pol\u00edcia, o homem plantou maconha na propriedade rural localizada no povoado de Lagoa do Ros\u00e1rio. Diante das investiga\u00e7\u00f5es, a pol\u00edcia esteve na localidade para averiguar o caso.\u00a0<\/p>\n<p>O suspeito, usando de monitoramento por c\u00e2meras e recurso sonoro instalado na cerca da propriedade, percebeu a presen\u00e7a das equipes e evadiu-se para o matagal. Durante a varredura na propriedade rural, as equipes avistaram p\u00e9s de maconha com sistema de irriga\u00e7\u00e3o.\u00a0<\/p>\n<figure class=\"wp-block-image size-full\"><img data-dominant-color=\"8a8b6a\" data-has-transparency=\"false\" style=\"--dominant-color: #8a8b6a;\" decoding=\"async\" width=\"1200\" height=\"593\" sizes=\"(max-width: 1200px) 100vw, 1200px\" src=\"http:\/\/noticiasbahia360.com.br\/wp-content\/uploads\/2025\/07\/Apreensao-de-pes-de-maconha-em-Araci-PC-1.webp\" alt=\"Apreens\u00e3o de p\u00e9s de maconha em Araci - PC\" class=\"wp-image-570685 not-transparent\" srcset=\"https:\/\/uploads.acordacidade.com.br\/2025\/07\/Apreensao-de-pes-de-maconha-em-Araci-PC-1-648x320.webp 648w, https:\/\/uploads.acordacidade.com.br\/2025\/07\/Apreensao-de-pes-de-maconha-em-Araci-PC-1-984x486.webp 984w, https:\/\/uploads.acordacidade.com.br\/2025\/07\/Apreensao-de-pes-de-maconha-em-Araci-PC-1-150x74.webp 150w, http:\/\/noticiasbahia360.com.br\/wp-content\/uploads\/2025\/07\/Apreensao-de-pes-de-maconha-em-Araci-PC-1.webp 1200w\"><figcaption class=\"wp-element-caption\">Foto: Divulga\u00e7\u00e3o\/Pol\u00edcia Civil <\/figcaption><\/figure>\n<p>A Pol\u00edcia Civil erradicou o plantio e encaminhou as drogas, a arma e muni\u00e7\u00f5es para a per\u00edcia.\u00a0<\/p>\n<p>Al\u00e9m disso, no interior do im\u00f3vel rural, foi apreendido um rev\u00f3lver calibre 38, marca Taurus, uma por\u00e7\u00e3o de maconha e uma por\u00e7\u00e3o de coca\u00edna (aproximadamente 80g).<\/p>\n<p><em>Siga o Acorda Cidade no<\/em><a href=\"https:\/\/news.google.com\/search?q=acorda%20cidade&amp;hl=pt-BR&amp;gl=BR&amp;ceid=BR%3Apt-419\"><strong><em>\u00a0Google Not\u00edcias<\/em><\/strong><\/a><em>\u00a0e receba os principais destaques do dia. Participe tamb\u00e9m dos nossos canais no\u00a0<\/em><a href=\"https:\/\/whatsapp.com\/channel\/0029Va6Rb4v3WHTNnsh8WI3N\"><strong><em>WhatsApp<\/em><\/strong><\/a><em>\u00a0e\u00a0<\/em><a href=\"https:\/\/www.youtube.com\/@acordacidadenoticias\/videos\"><strong>Youtube<\/strong><\/a><em>\u00a0e grupo de\u00a0<\/em><a href=\"https:\/\/t.me\/+sSz0khrgARA0ZmRh\"><strong><em>Telegram<\/em><\/strong><\/a><em>.<\/em><\/p>\n<\/div>\n","protected":false},"excerpt":{"rendered":"<div>\n<div>\n<figure><img decoding=\"async\" src=\"https:\/\/uploads.acordacidade.com.br\/2025\/07\/Apreensao-de-pes-de-maconha-em-Araci-PC-.webp\" alt=\"Apreens\u00e3o de p\u00e9s de maconha em Araci - PC\"><figcaption>Foto: Divulga\u00e7\u00e3o\/Pol\u00edcia Civil <\/figcaption><\/figure>\n<\/div>\n<p>Segundo informa\u00e7\u00f5es da pol\u00edcia, a a\u00e7\u00e3o ocorreu ap\u00f3s o registro de uma ocorr\u00eancia onde uma m\u00e3e informou que foi amea\u00e7ada pelo filho.<\/p><\/div>\n","protected":false},"author":1,"featured_media":91747,"comment_status":"closed","ping_status":"closed","sticky":false,"template":"","format":"gallery","meta":{"footnotes":""},"categories":[8,9,6,57,56,10],"tags":[],"class_list":["post-91746","post","type-post","status-publish","format-gallery","has-post-thumbnail","hentry","category-bahia","category-brasil","category-feira-de-santana","category-mundo","category-policia","category-politica","post_format-post-format-gallery"],"featured_image_urls":{"full":["https:\/\/noticiasbahia360.com.br\/wp-content\/uploads\/2025\/07\/Apreensao-de-pes-de-maconha-em-Araci-PC-.webp",1200,685,false],"thumbnail":["https:\/\/noticiasbahia360.com.br\/wp-content\/uploads\/2025\/07\/Apreensao-de-pes-de-maconha-em-Araci-PC--150x150.webp",150,150,true],"medium":["https:\/\/noticiasbahia360.com.br\/wp-content\/uploads\/2025\/07\/Apreensao-de-pes-de-maconha-em-Araci-PC--300x171.webp",300,171,true],"medium_large":["https:\/\/noticiasbahia360.com.br\/wp-content\/uploads\/2025\/07\/Apreensao-de-pes-de-maconha-em-Araci-PC--768x438.webp",640,365,true],"large":["https:\/\/noticiasbahia360.com.br\/wp-content\/uploads\/2025\/07\/Apreensao-de-pes-de-maconha-em-Araci-PC--1024x585.webp",640,366,true],"1536x1536":["https:\/\/noticiasbahia360.com.br\/wp-content\/uploads\/2025\/07\/Apreensao-de-pes-de-maconha-em-Araci-PC-.webp",1200,685,false],"2048x2048":["https:\/\/noticiasbahia360.com.br\/wp-content\/uploads\/2025\/07\/Apreensao-de-pes-de-maconha-em-Araci-PC-.webp",1200,685,false],"chromenews-featured":["https:\/\/noticiasbahia360.com.br\/wp-content\/uploads\/2025\/07\/Apreensao-de-pes-de-maconha-em-Araci-PC--1024x585.webp",1024,585,true],"chromenews-large":["https:\/\/noticiasbahia360.com.br\/wp-content\/uploads\/2025\/07\/Apreensao-de-pes-de-maconha-em-Araci-PC--825x575.webp",825,575,true],"chromenews-medium":["https:\/\/noticiasbahia360.com.br\/wp-content\/uploads\/2025\/07\/Apreensao-de-pes-de-maconha-em-Araci-PC--590x410.webp",590,410,true]},"author_info":{"display_name":"noticiasbahia360.com.br","author_link":"https:\/\/noticiasbahia360.com.br\/?author=1"},"category_info":"<a href=\"https:\/\/noticiasbahia360.com.br\/?cat=8\" rel=\"category\">Bahia<\/a> <a href=\"https:\/\/noticiasbahia360.com.br\/?cat=9\" rel=\"category\">Brasil<\/a> <a href=\"https:\/\/noticiasbahia360.com.br\/?cat=6\" rel=\"category\">Feira de Santana<\/a> <a href=\"https:\/\/noticiasbahia360.com.br\/?cat=57\" rel=\"category\">Mundo<\/a> <a href=\"https:\/\/noticiasbahia360.com.br\/?cat=56\" rel=\"category\">Pol\u00edcia<\/a> <a href=\"https:\/\/noticiasbahia360.com.br\/?cat=10\" rel=\"category\">Pol\u00edtica<\/a>","tag_info":"Pol\u00edtica","comment_count":"0","_links":{"self":[{"href":"https:\/\/noticiasbahia360.com.br\/index.php?rest_route=\/wp\/v2\/posts\/91746","targetHints":{"allow":["GET"]}}],"collection":[{"href":"https:\/\/noticiasbahia360.com.br\/index.php?rest_route=\/wp\/v2\/posts"}],"about":[{"href":"https:\/\/noticiasbahia360.com.br\/index.php?rest_route=\/wp\/v2\/types\/post"}],"author":[{"embeddable":true,"href":"https:\/\/noticiasbahia360.com.br\/index.php?rest_route=\/wp\/v2\/users\/1"}],"replies":[{"embeddable":true,"href":"https:\/\/noticiasbahia360.com.br\/index.php?rest_route=%2Fwp%2Fv2%2Fcomments&post=91746"}],"version-history":[{"count":0,"href":"https:\/\/noticiasbahia360.com.br\/index.php?rest_route=\/wp\/v2\/posts\/91746\/revisions"}],"wp:featuredmedia":[{"embeddable":true,"href":"https:\/\/noticiasbahia360.com.br\/index.php?rest_route=\/wp\/v2\/media\/91747"}],"wp:attachment":[{"href":"https:\/\/noticiasbahia360.com.br\/index.php?rest_route=%2Fwp%2Fv2%2Fmedia&parent=91746"}],"wp:term":[{"taxonomy":"category","embeddable":true,"href":"https:\/\/noticiasbahia360.com.br\/index.php?rest_route=%2Fwp%2Fv2%2Fcategories&post=91746"},{"taxonomy":"post_tag","embeddable":true,"href":"https:\/\/noticiasbahia360.com.br\/index.php?rest_route=%2Fwp%2Fv2%2Ftags&post=91746"}],"curies":[{"name":"wp","href":"https:\/\/api.w.org\/{rel}","templated":true}]}} 