{"id":91750,"date":"2025-07-01T16:50:48","date_gmt":"2025-07-01T19:50:48","guid":{"rendered":"https:\/\/noticiasbahia360.com.br\/?p=91750"},"modified":"2025-07-01T16:50:48","modified_gmt":"2025-07-01T19:50:48","slug":"museu-de-arte-contemporanea-inaugura-a-exposicao-travessia","status":"publish","type":"post","link":"https:\/\/noticiasbahia360.com.br\/?p=91750","title":{"rendered":"Museu de Arte Contempor\u00e2nea inaugura a exposi\u00e7\u00e3o \u2018Travessia\u2019"},"content":{"rendered":"<div>\n<div>\n<figure><img decoding=\"async\" src=\"http:\/\/noticiasbahia360.com.br\/wp-content\/uploads\/2025\/07\/TRAVESSIA-010725.jpg\" alt=\"\"><figcaption>Imagem: Divulga\u00e7\u00e3o<\/figcaption><\/figure>\n<\/div>\n<p>O Museu de Arte Contempor\u00e2nea Raimundo de Oliveira (MAC), em <a href=\"https:\/\/www.acordacidade.com.br\/tag\/feira-de-santana\/\">Feira de Santana<\/a> (BA), inaugura no dia 09 de julho de 2025, \u00e0s 14 horas, a exposi\u00e7\u00e3o \u201cTravessia\u201d. A coletiva re\u00fane obras de Alison Souza, Camille Moreira, Gabriel Gomes e Isadora Silva e Silva, jovens artistas em forma\u00e7\u00e3o na Universidade Federal do Rec\u00f4ncavo da Bahia (<a href=\"https:\/\/www.acordacidade.com.br\/tag\/ufrb\/\">UFRB<\/a>), na cidade de Cachoeira.\u00a0<\/p>\n<p>Com curadoria de Gaspar Medrado (tamb\u00e9m em forma\u00e7\u00e3o na UFRB), a mostra apresenta um conjunto de trabalhos desenvolvidos a partir da experi\u00eancia de mobilidade entre lugares-cidades, culturas e afetos. A coletiva ocupa tr\u00eas salas do MAC (sala principal, sala Eurico Alves e sala C\u00e9sar Romero) com obras em: fotografia, instala\u00e7\u00e3o, gravura, pintura e desenho \u2013 ao todo s\u00e3o mais de 30 obras, organizadas em temas que abordam acerca do lugar, origem, mem\u00f3ria, corpo e as fronteiras simb\u00f3licas que povoa a vida do sujeito p\u00f3s-moderno.<\/p>\n<p>Mais do que tratar sobre sair de um lugar e chegar a outro, Travessia investiga a condi\u00e7\u00e3o de ser e estar entre: tempos, espa\u00e7os, cultura e imagin\u00e1rios, aqui e agora. Em di\u00e1logo com o territ\u00f3rio do Rec\u00f4ncavo Baiano, lugar marcado por heran\u00e7as africanas, conflitos e resist\u00eancia cultural, em Travessia os artistas s\u00e3o convidados a refletirem sobre suas pr\u00f3prias experi\u00eancias de mobilidade e cria\u00e7\u00e3o art\u00edstica nesse lugar banhado pelo rio Paragua\u00e7u. Assim, a exposi\u00e7\u00e3o resulta de processos art\u00edsticos desenvolvidos no contexto da perman\u00eancia universit\u00e1ria. Nesse contexto, o p\u00fablico estar\u00e1 diante de uma jornada sens\u00edvel pelas multiplicidades de formas e camadas culturais que comp\u00f5em a ideia de transitar no mundo contempor\u00e2neo.<\/p>\n<p>Nesse sentido, as obras comentam sobre territ\u00f3rio, lugar de origem, tratando sobre pertencimento, explorando acerca da subjetividade e do cotidiano a partir de uma viv\u00eancia de uma cidade hist\u00f3rica do interior baiano. Contudo, \u201cTravessia\u201d \u00e9 uma celebra\u00e7\u00e3o da possibilidade de compreens\u00e3o da vida e do lugar, por meio de uma representa\u00e7\u00e3o, tendo a arte como linguagem e experimenta\u00e7\u00e3o social. A exposi\u00e7\u00e3o tem a realiza\u00e7\u00e3o do Atelier Amarelo e apoio da Secretaria Municipal de Cultura, Esporte e Lazer de Feira de Santana.<\/p>\n<p>Texto\/Divulga\u00e7\u00e3o: Atelier Amarelo<\/p>\n<p>Servi\u00e7o:<\/p>\n<p>Exposi\u00e7\u00e3o: Travessia<\/p>\n<p>Abertura: 09\/07\/2025<\/p>\n<p>Per\u00edodo de visita\u00e7\u00e3o: 09\/07 \u2013 01\/08\/2025 \/ Ter\u00e7a \u00e0 sexta-feira das 8 \u00e0s 17h e aos s\u00e1bados das 13h \u00e0s 17h<\/p>\n<p>Local: Museu de Arte Contempor\u00e2nea Raimundo de Oliveira (MAC)<\/p>\n<p>Endere\u00e7o: Rua Professor Germiniano Costa, 255 \u2013 Centro. Feira de Santana, BA<\/p>\n<p>Entrada: Gratuita<\/p>\n<p>Classifica\u00e7\u00e3o: Livre<\/p>\n<p>Visita guiada e bate papo com a participa\u00e7\u00e3o dos artistas: 09\/07\/2025 \u2013 15h<\/p>\n<p><em>Siga o Acorda Cidade no<\/em><a href=\"https:\/\/news.google.com\/search?q=acorda%20cidade&amp;hl=pt-BR&amp;gl=BR&amp;ceid=BR%3Apt-419\"><strong><em>\u00a0Google Not\u00edcias<\/em><\/strong><\/a><em>\u00a0e receba os principais destaques do dia. Participe tamb\u00e9m dos nossos canais no\u00a0<\/em><a href=\"https:\/\/www.whatsapp.com\/channel\/0029Va6Rb4v3WHTNnsh8WI3N\"><strong><em>WhatsApp<\/em><\/strong><\/a><em>\u00a0e\u00a0<\/em><a href=\"https:\/\/www.youtube.com\/@acordacidadenoticias\/videos\"><strong>YouTube<\/strong><\/a><em>\u00a0e do grupo no\u00a0<\/em><a href=\"https:\/\/t.me\/+sSz0khrgARA0ZmRh\"><strong><em>Telegram<\/em><\/strong><\/a><\/p>\n<\/p>\n<\/div>\n","protected":false},"excerpt":{"rendered":"<div>\n<div>\n<figure><img decoding=\"async\" src=\"https:\/\/uploads.acordacidade.com.br\/2025\/07\/TRAVESSIA-010725.jpg\" alt=\"\"><figcaption>Imagem: Divulga\u00e7\u00e3o<\/figcaption><\/figure>\n<\/div>\n<p>Com obras em fotografia, instala\u00e7\u00e3o, gravura, pintura e desenho, a exposi\u00e7\u00e3o &#8216;Travessia&#8217;, re\u00fane ao todo mais de 30 obras<\/p><\/div>\n","protected":false},"author":1,"featured_media":91751,"comment_status":"closed","ping_status":"closed","sticky":false,"template":"","format":"gallery","meta":{"footnotes":""},"categories":[8,9,6,57,56,10],"tags":[],"class_list":["post-91750","post","type-post","status-publish","format-gallery","has-post-thumbnail","hentry","category-bahia","category-brasil","category-feira-de-santana","category-mundo","category-policia","category-politica","post_format-post-format-gallery"],"featured_image_urls":{"full":["https:\/\/noticiasbahia360.com.br\/wp-content\/uploads\/2025\/07\/TRAVESSIA-010725.jpg",1200,1500,false],"thumbnail":["https:\/\/noticiasbahia360.com.br\/wp-content\/uploads\/2025\/07\/TRAVESSIA-010725-150x150.jpg",150,150,true],"medium":["https:\/\/noticiasbahia360.com.br\/wp-content\/uploads\/2025\/07\/TRAVESSIA-010725-240x300.jpg",240,300,true],"medium_large":["https:\/\/noticiasbahia360.com.br\/wp-content\/uploads\/2025\/07\/TRAVESSIA-010725-768x960.jpg",640,800,true],"large":["https:\/\/noticiasbahia360.com.br\/wp-content\/uploads\/2025\/07\/TRAVESSIA-010725-819x1024.jpg",640,800,true],"1536x1536":["https:\/\/noticiasbahia360.com.br\/wp-content\/uploads\/2025\/07\/TRAVESSIA-010725.jpg",1200,1500,false],"2048x2048":["https:\/\/noticiasbahia360.com.br\/wp-content\/uploads\/2025\/07\/TRAVESSIA-010725.jpg",1200,1500,false],"chromenews-featured":["https:\/\/noticiasbahia360.com.br\/wp-content\/uploads\/2025\/07\/TRAVESSIA-010725-1024x1280.jpg",1024,1280,true],"chromenews-large":["https:\/\/noticiasbahia360.com.br\/wp-content\/uploads\/2025\/07\/TRAVESSIA-010725-825x575.jpg",825,575,true],"chromenews-medium":["https:\/\/noticiasbahia360.com.br\/wp-content\/uploads\/2025\/07\/TRAVESSIA-010725-590x410.jpg",590,410,true]},"author_info":{"display_name":"noticiasbahia360.com.br","author_link":"https:\/\/noticiasbahia360.com.br\/?author=1"},"category_info":"<a href=\"https:\/\/noticiasbahia360.com.br\/?cat=8\" rel=\"category\">Bahia<\/a> <a href=\"https:\/\/noticiasbahia360.com.br\/?cat=9\" rel=\"category\">Brasil<\/a> <a href=\"https:\/\/noticiasbahia360.com.br\/?cat=6\" rel=\"category\">Feira de Santana<\/a> <a href=\"https:\/\/noticiasbahia360.com.br\/?cat=57\" rel=\"category\">Mundo<\/a> <a href=\"https:\/\/noticiasbahia360.com.br\/?cat=56\" rel=\"category\">Pol\u00edcia<\/a> <a href=\"https:\/\/noticiasbahia360.com.br\/?cat=10\" rel=\"category\">Pol\u00edtica<\/a>","tag_info":"Pol\u00edtica","comment_count":"0","_links":{"self":[{"href":"https:\/\/noticiasbahia360.com.br\/index.php?rest_route=\/wp\/v2\/posts\/91750","targetHints":{"allow":["GET"]}}],"collection":[{"href":"https:\/\/noticiasbahia360.com.br\/index.php?rest_route=\/wp\/v2\/posts"}],"about":[{"href":"https:\/\/noticiasbahia360.com.br\/index.php?rest_route=\/wp\/v2\/types\/post"}],"author":[{"embeddable":true,"href":"https:\/\/noticiasbahia360.com.br\/index.php?rest_route=\/wp\/v2\/users\/1"}],"replies":[{"embeddable":true,"href":"https:\/\/noticiasbahia360.com.br\/index.php?rest_route=%2Fwp%2Fv2%2Fcomments&post=91750"}],"version-history":[{"count":0,"href":"https:\/\/noticiasbahia360.com.br\/index.php?rest_route=\/wp\/v2\/posts\/91750\/revisions"}],"wp:featuredmedia":[{"embeddable":true,"href":"https:\/\/noticiasbahia360.com.br\/index.php?rest_route=\/wp\/v2\/media\/91751"}],"wp:attachment":[{"href":"https:\/\/noticiasbahia360.com.br\/index.php?rest_route=%2Fwp%2Fv2%2Fmedia&parent=91750"}],"wp:term":[{"taxonomy":"category","embeddable":true,"href":"https:\/\/noticiasbahia360.com.br\/index.php?rest_route=%2Fwp%2Fv2%2Fcategories&post=91750"},{"taxonomy":"post_tag","embeddable":true,"href":"https:\/\/noticiasbahia360.com.br\/index.php?rest_route=%2Fwp%2Fv2%2Ftags&post=91750"}],"curies":[{"name":"wp","href":"https:\/\/api.w.org\/{rel}","templated":true}]}} 