{"id":91752,"date":"2025-07-01T16:55:35","date_gmt":"2025-07-01T19:55:35","guid":{"rendered":"https:\/\/noticiasbahia360.com.br\/?p=91752"},"modified":"2025-07-01T16:55:35","modified_gmt":"2025-07-01T19:55:35","slug":"hospital-da-mulher-realiza-maior-numero-de-partos-humanizados-na-bahia","status":"publish","type":"post","link":"https:\/\/noticiasbahia360.com.br\/?p=91752","title":{"rendered":"Hospital da Mulher realiza maior n\u00famero de partos humanizados na Bahia"},"content":{"rendered":"<div>\n<div>\n<figure><img decoding=\"async\" src=\"http:\/\/noticiasbahia360.com.br\/wp-content\/uploads\/2025\/07\/O8vujqDH-Avo-relata-violencia-obestetricia-no-Hospital-da-mulher1.jpg\" alt=\"Av\u00f3 relata viol\u00eancia obstetr\u00edcia no Hospital da mulher\"><figcaption>Foto: Arquivo Pessoal <\/figcaption><\/figure>\n<\/div>\n<p>Neste 2 de julho, Dia Nacional do Hospital, a data celebra a import\u00e2ncia dessas institui\u00e7\u00f5es e seus profissionais para a sa\u00fade p\u00fablica brasileira. Em Feira de Santana, o Hospital In\u00e1cia Pinto dos Santos \u2013 o<a href=\"https:\/\/www.acordacidade.com.br\/tag\/hospital-da-mulher\/\"> Hospital da Mulher<\/a> \u2013 \u00e9 refer\u00eancia quando o assunto \u00e9 cuidado materno-infantil, destacando-se na Bahia como a unidade que mais realiza partos humanizados.<\/p>\n<p>Inaugurado em 1992 e localizado na Rua da Barra, n\u00ba 705, no bairro Jardim Cruzeiro, o Hospital da Mulher foi concebido para oferecer assist\u00eancia m\u00e9dica de m\u00e9dia complexidade com foco na sa\u00fade da mulher e da crian\u00e7a. Em dez anos, a institui\u00e7\u00e3o realizou 463.894 atendimentos, 125.210 interna\u00e7\u00f5es e 7.462 partos, com uma taxa m\u00e9dia de prematuridade de apenas 6,67%, \u00edndice abaixo da m\u00e9dia nacional.<\/p>\n<p><strong>Estrutura moderna e atendimento humanizado<\/strong><\/p>\n<p>De acordo com a diretora-presidente da Funda\u00e7\u00e3o Hospitalar, Gilberte Lucas, o hospital tem investido continuamente na melhoria de sua estrutura e nos servi\u00e7os prestados. O complexo materno-infantil disp\u00f5e de 178 leitos, distribu\u00eddos entre UTI, unidades de obstetr\u00edcia, enfermarias cl\u00ednicas, casa da pu\u00e9rpera e um centro cir\u00fargico equipado com tecnologia de ponta.<\/p>\n<p>Al\u00e9m disso, o hospital conta com atendimento de emerg\u00eancia 24 horas, laborat\u00f3rio de an\u00e1lises cl\u00ednicas e uma equipe multidisciplinar altamente qualificada, formada por m\u00e9dicos, enfermeiros, fisioterapeutas, nutricionistas, fonoaudi\u00f3logos, psic\u00f3logos, assistentes sociais e outros profissionais especializados.<\/p>\n<p>\u201cO nosso objetivo \u00e9 integrar a\u00e7\u00f5es e servi\u00e7os de forma coordenada, garantindo o acesso oportuno, resolutivo e acolhedor para a popula\u00e7\u00e3o de Feira de Santana e de outras regi\u00f5es. Capacitar nossos profissionais \u00e9 parte essencial desse compromisso com a qualidade\u201d, destacou Gilberte Lucas.<\/p>\n<p><strong>Refer\u00eancia em forma\u00e7\u00e3o m\u00e9dica<\/strong><\/p>\n<p>O Hospital da Mulher tamb\u00e9m \u00e9 destaque na forma\u00e7\u00e3o de novos profissionais por meio do Programa de Resid\u00eancia M\u00e9dica em Ginecologia e Obstetr\u00edcia, que conta com preceptores experientes e profissionais engajados.<\/p>\n<p>\u201cO programa \u00e9 parte fundamental da nossa miss\u00e3o. Investir na forma\u00e7\u00e3o m\u00e9dica \u00e9 investir na sa\u00fade p\u00fablica. Com a amplia\u00e7\u00e3o da nossa estrutura, tamb\u00e9m ampliaremos a oferta de servi\u00e7os, garantindo mais acesso e qualidade \u00e0s nossas pacientes\u201d, afirmou a diretora-presidente.<\/p>\n<p><strong>Expans\u00e3o dos servi\u00e7os de sa\u00fade da mulher<\/strong><\/p>\n<p>Recentemente, o hospital ampliou o Ambulat\u00f3rio de Sa\u00fade da Mulher, oferecendo atendimento em um ambiente climatizado e acolhedor, especialmente pensado para elas. No local, s\u00e3o ofertados servi\u00e7os de ginecologia, fisioterapia p\u00e9lvica, psicologia, nutri\u00e7\u00e3o, assist\u00eancia social, enfermagem e, mais recentemente, psiquiatria voltada ao p\u00fablico feminino. O ambulat\u00f3rio est\u00e1 localizado na Rua Catit\u00e9, n\u00ba 550, tamb\u00e9m no Jardim Cruzeiro.<\/p>\n<p><strong>Atendimento infantil em crescimento<\/strong><\/p>\n<p>Outro importante avan\u00e7o \u00e9 a amplia\u00e7\u00e3o do Ambulat\u00f3rio de Pediatria, que tem sido essencial na promo\u00e7\u00e3o da sa\u00fade infantil e juvenil de Feira de Santana. Atendendo crian\u00e7as e adolescentes de 0 a 14 anos, o ambulat\u00f3rio oferece consultas e exames em mais de 25 especialidades pedi\u00e1tricas. Somente entre janeiro e maio de 2025, foram atendidas cerca de 30 mil crian\u00e7as e adolescentes.<\/p>\n<p><strong>Reconhecimento internacional<\/strong><\/p>\n<p>Todo esse esfor\u00e7o pela excel\u00eancia resultou no reconhecimento do Hospital da Mulher com o selo \u201cHospital Amigo da Crian\u00e7a\u201d, certifica\u00e7\u00e3o internacional concedida a unidades de refer\u00eancia na humaniza\u00e7\u00e3o do parto e no incentivo \u00e0 amamenta\u00e7\u00e3o, por meio de pr\u00e1ticas como o fortalecimento do Banco de Leite Humano.<\/p>\n<p>\u201cTodas essas a\u00e7\u00f5es refor\u00e7am o nosso compromisso com a qualidade da assist\u00eancia, com foco em oferecer um ambiente seguro para m\u00e3es e rec\u00e9m-nascidos. Continuaremos investindo para garantir sa\u00fade digna e humanizada para quem mais precisa\u201d, conclui Gilberte Lucas.<\/p>\n<p><em>Com informa\u00e7\u00f5es da Secretaria Municipal de Comunica\u00e7\u00e3o Social (Secom)<\/em><\/p>\n<p><strong><em>Siga o Acorda Cidade no<\/em><a href=\"https:\/\/news.google.com\/search?q=acorda%20cidade&amp;hl=pt-BR&amp;gl=BR&amp;ceid=BR%3Apt-419\"><strong><em>\u00a0Google Not\u00edcias<\/em><\/strong><\/a><em>\u00a0e receba os principais destaques do dia. Participe tamb\u00e9m dos nossos canais no\u00a0<\/em><a href=\"https:\/\/whatsapp.com\/channel\/0029Va6Rb4v3WHTNnsh8WI3N\"><strong><em>WhatsApp<\/em><\/strong><\/a><em>\u00a0e\u00a0<\/em><a href=\"https:\/\/www.youtube.com\/@acordacidadenoticias\/videos\"><strong>Youtube<\/strong><\/a><em>\u00a0e grupo de\u00a0<\/em><a href=\"https:\/\/t.me\/+sSz0khrgARA0ZmRh\"><strong><em>Telegram<\/em><\/strong><\/a><em>.<\/em><\/strong><\/p>\n<\/div>\n","protected":false},"excerpt":{"rendered":"<div>\n<div>\n<figure><img decoding=\"async\" src=\"https:\/\/uploads.acordacidade.com.br\/2024\/09\/O8vujqDH-Avo-relata-violencia-obestetricia-no-Hospital-da-mulher1.jpg\" alt=\"Av\u00f3 relata viol\u00eancia obstetr\u00edcia no Hospital da mulher\"><figcaption>Foto: Arquivo Pessoal <\/figcaption><\/figure>\n<\/div>\n<p>Em dez anos, a institui\u00e7\u00e3o realizou 463.894 atendimentos, 125.210 interna\u00e7\u00f5es e 7.462 partos.<\/p><\/div>\n","protected":false},"author":1,"featured_media":91753,"comment_status":"closed","ping_status":"closed","sticky":false,"template":"","format":"gallery","meta":{"footnotes":""},"categories":[8,9,6,57,56,10],"tags":[],"class_list":["post-91752","post","type-post","status-publish","format-gallery","has-post-thumbnail","hentry","category-bahia","category-brasil","category-feira-de-santana","category-mundo","category-policia","category-politica","post_format-post-format-gallery"],"featured_image_urls":{"full":["https:\/\/noticiasbahia360.com.br\/wp-content\/uploads\/2025\/07\/O8vujqDH-Avo-relata-violencia-obestetricia-no-Hospital-da-mulher1.jpg",640,525,false],"thumbnail":["https:\/\/noticiasbahia360.com.br\/wp-content\/uploads\/2025\/07\/O8vujqDH-Avo-relata-violencia-obestetricia-no-Hospital-da-mulher1-150x150.jpg",150,150,true],"medium":["https:\/\/noticiasbahia360.com.br\/wp-content\/uploads\/2025\/07\/O8vujqDH-Avo-relata-violencia-obestetricia-no-Hospital-da-mulher1-300x246.jpg",300,246,true],"medium_large":["https:\/\/noticiasbahia360.com.br\/wp-content\/uploads\/2025\/07\/O8vujqDH-Avo-relata-violencia-obestetricia-no-Hospital-da-mulher1.jpg",640,525,false],"large":["https:\/\/noticiasbahia360.com.br\/wp-content\/uploads\/2025\/07\/O8vujqDH-Avo-relata-violencia-obestetricia-no-Hospital-da-mulher1.jpg",640,525,false],"1536x1536":["https:\/\/noticiasbahia360.com.br\/wp-content\/uploads\/2025\/07\/O8vujqDH-Avo-relata-violencia-obestetricia-no-Hospital-da-mulher1.jpg",640,525,false],"2048x2048":["https:\/\/noticiasbahia360.com.br\/wp-content\/uploads\/2025\/07\/O8vujqDH-Avo-relata-violencia-obestetricia-no-Hospital-da-mulher1.jpg",640,525,false],"chromenews-featured":["https:\/\/noticiasbahia360.com.br\/wp-content\/uploads\/2025\/07\/O8vujqDH-Avo-relata-violencia-obestetricia-no-Hospital-da-mulher1.jpg",640,525,false],"chromenews-large":["https:\/\/noticiasbahia360.com.br\/wp-content\/uploads\/2025\/07\/O8vujqDH-Avo-relata-violencia-obestetricia-no-Hospital-da-mulher1.jpg",640,525,false],"chromenews-medium":["https:\/\/noticiasbahia360.com.br\/wp-content\/uploads\/2025\/07\/O8vujqDH-Avo-relata-violencia-obestetricia-no-Hospital-da-mulher1-590x410.jpg",590,410,true]},"author_info":{"display_name":"noticiasbahia360.com.br","author_link":"https:\/\/noticiasbahia360.com.br\/?author=1"},"category_info":"<a href=\"https:\/\/noticiasbahia360.com.br\/?cat=8\" rel=\"category\">Bahia<\/a> <a href=\"https:\/\/noticiasbahia360.com.br\/?cat=9\" rel=\"category\">Brasil<\/a> <a href=\"https:\/\/noticiasbahia360.com.br\/?cat=6\" rel=\"category\">Feira de Santana<\/a> <a href=\"https:\/\/noticiasbahia360.com.br\/?cat=57\" rel=\"category\">Mundo<\/a> <a href=\"https:\/\/noticiasbahia360.com.br\/?cat=56\" rel=\"category\">Pol\u00edcia<\/a> <a href=\"https:\/\/noticiasbahia360.com.br\/?cat=10\" rel=\"category\">Pol\u00edtica<\/a>","tag_info":"Pol\u00edtica","comment_count":"0","_links":{"self":[{"href":"https:\/\/noticiasbahia360.com.br\/index.php?rest_route=\/wp\/v2\/posts\/91752","targetHints":{"allow":["GET"]}}],"collection":[{"href":"https:\/\/noticiasbahia360.com.br\/index.php?rest_route=\/wp\/v2\/posts"}],"about":[{"href":"https:\/\/noticiasbahia360.com.br\/index.php?rest_route=\/wp\/v2\/types\/post"}],"author":[{"embeddable":true,"href":"https:\/\/noticiasbahia360.com.br\/index.php?rest_route=\/wp\/v2\/users\/1"}],"replies":[{"embeddable":true,"href":"https:\/\/noticiasbahia360.com.br\/index.php?rest_route=%2Fwp%2Fv2%2Fcomments&post=91752"}],"version-history":[{"count":0,"href":"https:\/\/noticiasbahia360.com.br\/index.php?rest_route=\/wp\/v2\/posts\/91752\/revisions"}],"wp:featuredmedia":[{"embeddable":true,"href":"https:\/\/noticiasbahia360.com.br\/index.php?rest_route=\/wp\/v2\/media\/91753"}],"wp:attachment":[{"href":"https:\/\/noticiasbahia360.com.br\/index.php?rest_route=%2Fwp%2Fv2%2Fmedia&parent=91752"}],"wp:term":[{"taxonomy":"category","embeddable":true,"href":"https:\/\/noticiasbahia360.com.br\/index.php?rest_route=%2Fwp%2Fv2%2Fcategories&post=91752"},{"taxonomy":"post_tag","embeddable":true,"href":"https:\/\/noticiasbahia360.com.br\/index.php?rest_route=%2Fwp%2Fv2%2Ftags&post=91752"}],"curies":[{"name":"wp","href":"https:\/\/api.w.org\/{rel}","templated":true}]}}