{"id":91754,"date":"2025-07-01T17:01:08","date_gmt":"2025-07-01T20:01:08","guid":{"rendered":"https:\/\/noticiasbahia360.com.br\/?p=91754"},"modified":"2025-07-01T17:01:08","modified_gmt":"2025-07-01T20:01:08","slug":"retorno-da-avenida-noide-cerqueira-sera-reaberto-para-nova-analise-tecnica","status":"publish","type":"post","link":"https:\/\/noticiasbahia360.com.br\/?p=91754","title":{"rendered":"Retorno da Avenida N\u00f3ide Cerqueira ser\u00e1 reaberto para nova an\u00e1lise t\u00e9cnica"},"content":{"rendered":"<div>\n<div>\n<figure><img decoding=\"async\" src=\"http:\/\/noticiasbahia360.com.br\/wp-content\/uploads\/2025\/07\/tI62LHYs-semaforo-com-botao-avenida-noide-cerqueira-feira-de-santan-foto-Andrews-Pedra-Branca.jpg\" alt=\"Avenida Noide Cerqueira em Feira de Santana\"><figcaption>Avenida N\u00f3ide Cerqueira em Feira de Santana | Foto Andrews Pedra Branca<\/figcaption><\/figure>\n<\/div>\n<p>A Prefeitura de <a href=\"https:\/\/www.acordacidade.com.br\/tag\/feira-de-santana\/\">Feira de Santana<\/a>, por meio da Superintend\u00eancia Municipal de Tr\u00e2nsito (SMT), vai reabrir temporariamente, a partir desta quarta-feira (2), o retorno recentemente fechado na Avenida N\u00f3ide Cerqueira. A decis\u00e3o tem como finalidade permitir uma nova an\u00e1lise t\u00e9cnica no local.<\/p>\n<p>Segundo o superintendente da SMT, Ricardo Cunha, a medida vai possibilitar uma avalia\u00e7\u00e3o mais precisa por parte de engenheiros, t\u00e9cnicos da Prefeitura e especialistas convidados, para definir se o retorno ser\u00e1 reaberto em definitivo, mantido fechado ou substitu\u00eddo por outra alternativa que garanta melhor fluidez ao tr\u00e1fego e maior seguran\u00e7a vi\u00e1ria.<\/p>\n<p>O fechamento anterior ocorreu com base em uma an\u00e1lise preliminar, motivado pela urg\u00eancia dos congestionamentos registrados durante os festejos juninos. Na ocasi\u00e3o, a situa\u00e7\u00e3o inviabilizou a realiza\u00e7\u00e3o de estudos mais aprofundados.<\/p>\n<p><em>Informa\u00e7\u00f5es da Secom da Prefeitura de Feira de Santana<\/em><\/p>\n<p><em>Siga o Acorda Cidade no<\/em><a href=\"https:\/\/news.google.com\/search?q=acorda%20cidade&amp;hl=pt-BR&amp;gl=BR&amp;ceid=BR%3Apt-419\"><strong><em> Google Not\u00edcias<\/em><\/strong><\/a><em> e receba os principais destaques do dia. Participe tamb\u00e9m dos nossos canais no <\/em><a href=\"https:\/\/whatsapp.com\/channel\/0029Va6Rb4v3WHTNnsh8WI3N\"><strong><em>WhatsApp<\/em><\/strong><\/a><em> e <\/em><a href=\"https:\/\/www.youtube.com\/@acordacidadenoticias\/videos\"><strong>Youtube<\/strong><\/a><em> e grupo de <\/em><a href=\"https:\/\/t.me\/+sSz0khrgARA0ZmRh\"><strong><em>Telegram<\/em><\/strong><\/a><em>.<\/em><\/p>\n<\/div>\n","protected":false},"excerpt":{"rendered":"<div>\n<div>\n<figure><img decoding=\"async\" src=\"https:\/\/uploads.acordacidade.com.br\/2024\/09\/tI62LHYs-semaforo-com-botao-avenida-noide-cerqueira-feira-de-santan-foto-Andrews-Pedra-Branca.jpg\" alt=\"Avenida Noide Cerqueira em Feira de Santana\"><figcaption>Avenida N\u00f3ide Cerqueira em Feira de Santana | Foto Andrews Pedra Branca<\/figcaption><\/figure>\n<\/div>\n<p>O fechamento anterior ocorreu com base em uma an\u00e1lise preliminar, motivado pelos congestionamentos durante os festejos juninos<\/p><\/div>\n","protected":false},"author":1,"featured_media":91755,"comment_status":"closed","ping_status":"closed","sticky":false,"template":"","format":"gallery","meta":{"footnotes":""},"categories":[8,9,6,57,56,10],"tags":[],"class_list":["post-91754","post","type-post","status-publish","format-gallery","has-post-thumbnail","hentry","category-bahia","category-brasil","category-feira-de-santana","category-mundo","category-policia","category-politica","post_format-post-format-gallery"],"featured_image_urls":{"full":["https:\/\/noticiasbahia360.com.br\/wp-content\/uploads\/2025\/07\/tI62LHYs-semaforo-com-botao-avenida-noide-cerqueira-feira-de-santan-foto-Andrews-Pedra-Branca.jpg",640,426,false],"thumbnail":["https:\/\/noticiasbahia360.com.br\/wp-content\/uploads\/2025\/07\/tI62LHYs-semaforo-com-botao-avenida-noide-cerqueira-feira-de-santan-foto-Andrews-Pedra-Branca-150x150.jpg",150,150,true],"medium":["https:\/\/noticiasbahia360.com.br\/wp-content\/uploads\/2025\/07\/tI62LHYs-semaforo-com-botao-avenida-noide-cerqueira-feira-de-santan-foto-Andrews-Pedra-Branca-300x200.jpg",300,200,true],"medium_large":["https:\/\/noticiasbahia360.com.br\/wp-content\/uploads\/2025\/07\/tI62LHYs-semaforo-com-botao-avenida-noide-cerqueira-feira-de-santan-foto-Andrews-Pedra-Branca.jpg",640,426,false],"large":["https:\/\/noticiasbahia360.com.br\/wp-content\/uploads\/2025\/07\/tI62LHYs-semaforo-com-botao-avenida-noide-cerqueira-feira-de-santan-foto-Andrews-Pedra-Branca.jpg",640,426,false],"1536x1536":["https:\/\/noticiasbahia360.com.br\/wp-content\/uploads\/2025\/07\/tI62LHYs-semaforo-com-botao-avenida-noide-cerqueira-feira-de-santan-foto-Andrews-Pedra-Branca.jpg",640,426,false],"2048x2048":["https:\/\/noticiasbahia360.com.br\/wp-content\/uploads\/2025\/07\/tI62LHYs-semaforo-com-botao-avenida-noide-cerqueira-feira-de-santan-foto-Andrews-Pedra-Branca.jpg",640,426,false],"chromenews-featured":["https:\/\/noticiasbahia360.com.br\/wp-content\/uploads\/2025\/07\/tI62LHYs-semaforo-com-botao-avenida-noide-cerqueira-feira-de-santan-foto-Andrews-Pedra-Branca.jpg",640,426,false],"chromenews-large":["https:\/\/noticiasbahia360.com.br\/wp-content\/uploads\/2025\/07\/tI62LHYs-semaforo-com-botao-avenida-noide-cerqueira-feira-de-santan-foto-Andrews-Pedra-Branca.jpg",640,426,false],"chromenews-medium":["https:\/\/noticiasbahia360.com.br\/wp-content\/uploads\/2025\/07\/tI62LHYs-semaforo-com-botao-avenida-noide-cerqueira-feira-de-santan-foto-Andrews-Pedra-Branca-590x410.jpg",590,410,true]},"author_info":{"display_name":"noticiasbahia360.com.br","author_link":"https:\/\/noticiasbahia360.com.br\/?author=1"},"category_info":"<a href=\"https:\/\/noticiasbahia360.com.br\/?cat=8\" rel=\"category\">Bahia<\/a> <a href=\"https:\/\/noticiasbahia360.com.br\/?cat=9\" rel=\"category\">Brasil<\/a> <a href=\"https:\/\/noticiasbahia360.com.br\/?cat=6\" rel=\"category\">Feira de Santana<\/a> <a href=\"https:\/\/noticiasbahia360.com.br\/?cat=57\" rel=\"category\">Mundo<\/a> <a href=\"https:\/\/noticiasbahia360.com.br\/?cat=56\" rel=\"category\">Pol\u00edcia<\/a> <a href=\"https:\/\/noticiasbahia360.com.br\/?cat=10\" rel=\"category\">Pol\u00edtica<\/a>","tag_info":"Pol\u00edtica","comment_count":"0","_links":{"self":[{"href":"https:\/\/noticiasbahia360.com.br\/index.php?rest_route=\/wp\/v2\/posts\/91754","targetHints":{"allow":["GET"]}}],"collection":[{"href":"https:\/\/noticiasbahia360.com.br\/index.php?rest_route=\/wp\/v2\/posts"}],"about":[{"href":"https:\/\/noticiasbahia360.com.br\/index.php?rest_route=\/wp\/v2\/types\/post"}],"author":[{"embeddable":true,"href":"https:\/\/noticiasbahia360.com.br\/index.php?rest_route=\/wp\/v2\/users\/1"}],"replies":[{"embeddable":true,"href":"https:\/\/noticiasbahia360.com.br\/index.php?rest_route=%2Fwp%2Fv2%2Fcomments&post=91754"}],"version-history":[{"count":0,"href":"https:\/\/noticiasbahia360.com.br\/index.php?rest_route=\/wp\/v2\/posts\/91754\/revisions"}],"wp:featuredmedia":[{"embeddable":true,"href":"https:\/\/noticiasbahia360.com.br\/index.php?rest_route=\/wp\/v2\/media\/91755"}],"wp:attachment":[{"href":"https:\/\/noticiasbahia360.com.br\/index.php?rest_route=%2Fwp%2Fv2%2Fmedia&parent=91754"}],"wp:term":[{"taxonomy":"category","embeddable":true,"href":"https:\/\/noticiasbahia360.com.br\/index.php?rest_route=%2Fwp%2Fv2%2Fcategories&post=91754"},{"taxonomy":"post_tag","embeddable":true,"href":"https:\/\/noticiasbahia360.com.br\/index.php?rest_route=%2Fwp%2Fv2%2Ftags&post=91754"}],"curies":[{"name":"wp","href":"https:\/\/api.w.org\/{rel}","templated":true}]}}