{"id":91756,"date":"2025-07-01T17:10:15","date_gmt":"2025-07-01T20:10:15","guid":{"rendered":"https:\/\/noticiasbahia360.com.br\/?p=91756"},"modified":"2025-07-01T17:10:15","modified_gmt":"2025-07-01T20:10:15","slug":"camacari-primeiro-carro-eletrico-montado-na-fabrica-da-byd-e-apresentado","status":"publish","type":"post","link":"https:\/\/noticiasbahia360.com.br\/?p=91756","title":{"rendered":"Cama\u00e7ari: primeiro carro el\u00e9trico montado na f\u00e1brica da BYD \u00e9 apresentado"},"content":{"rendered":"<div>\n<div>\n<figure><img decoding=\"async\" src=\"http:\/\/noticiasbahia360.com.br\/wp-content\/uploads\/2025\/07\/Camacari-BYD-Fotos-Thuane-MariaGOVBA-6.webp\" alt=\"Cama\u00e7ari - BYD\"><figcaption>Foto: Thuane Maria\/GOVBA<\/figcaption><\/figure>\n<\/div>\n<p><a href=\"https:\/\/www.facebook.com\/sharer\/sharer.php?u=http:\/\/www.ba.gov.br\/comunicacao\/noticias\/2025-07\/370427\/jeronimo-destaca-lideranca-da-bahia-na-revolucao-energetica-durante&amp;title=Jer%C3%B4nimo%20destaca%20lideran%C3%A7a%20da%20Bahia%20na%20revolu%C3%A7%C3%A3o%20energ%C3%A9tica%2C%20durante%20apresenta%C3%A7%C3%A3o%20de%20primeiro%20carro%20el%C3%A9trico%20montado%20na%20f%C3%A1brica%20da%20BYD%2C%20em%20Cama%C3%A7ari\" target=\"_blank\" rel=\"noreferrer noopener\"><\/a><a href=\"https:\/\/twitter.com\/intent\/tweet?text=Jer%C3%B4nimo%20destaca%20lideran%C3%A7a%20da%20Bahia%20na%20revolu%C3%A7%C3%A3o%20energ%C3%A9tica%2C%20durante%20apresenta%C3%A7%C3%A3o%20de%20primeiro%20carro%20el%C3%A9trico%20montado%20na%20f%C3%A1brica%20da%20BYD%2C%20em%20Cama%C3%A7ari+http:\/\/www.ba.gov.br\/comunicacao\/noticias\/2025-07\/370427\/jeronimo-destaca-lideranca-da-bahia-na-revolucao-energetica-durante\" target=\"_blank\" rel=\"noreferrer noopener\"><\/a><a href=\"https:\/\/wa.me\/?text=http:\/\/www.ba.gov.br\/comunicacao\/noticias\/2025-07\/370427\/jeronimo-destaca-lideranca-da-bahia-na-revolucao-energetica-durante\" target=\"_blank\" rel=\"noreferrer noopener\"><\/a><a href=\"https:\/\/www.linkedin.com\/sharing\/share-offsite\/?url=http:\/\/www.ba.gov.br\/comunicacao\/noticias\/2025-07\/370427\/jeronimo-destaca-lideranca-da-bahia-na-revolucao-energetica-durante\" target=\"_blank\" rel=\"noreferrer noopener\"><\/a><a href=\"mailto:?subject=Jer%C3%B4nimo%20destaca%20lideran%C3%A7a%20da%20Bahia%20na%20revolu%C3%A7%C3%A3o%20energ%C3%A9tica%2C%20durante%20apresenta%C3%A7%C3%A3o%20de%20primeiro%20carro%20el%C3%A9trico%20montado%20na%20f%C3%A1brica%20da%20BYD%2C%20em%20Cama%C3%A7ari&amp;body=http:\/\/www.ba.gov.br\/comunicacao\/noticias\/2025-07\/370427\/jeronimo-destaca-lideranca-da-bahia-na-revolucao-energetica-durante\" target=\"_blank\" rel=\"noreferrer noopener\"><\/a><a href=\"https:\/\/www.ba.gov.br\/comunicacao\/noticias\/2025-07\/370427\/jeronimo-destaca-lideranca-da-bahia-na-revolucao-energetica-durante#\"><\/a><a href=\"javascript:window.print()\"><\/a>A Bahia deu mais um importante passo na lideran\u00e7a do setor de energias renov\u00e1veis no Brasil. Com uma linha de montagem das mais modernas do mundo, a F\u00e1brica da <a href=\"https:\/\/www.acordacidade.com.br\/tag\/byd\/\">BYD<\/a> em Cama\u00e7ari, na Regi\u00e3o Metropolitana de Salvador, apresentou nesta ter\u00e7a-feira (1\u00ba) os primeiros ve\u00edculos da gigante chinesa montados no pa\u00eds, os modelos Dolphin Mini e Song Pro.<\/p>\n<p>A chegada da primeira unidade de produ\u00e7\u00e3o da empresa chinesa em solo brasileiro foi resultado de uma ampla articula\u00e7\u00e3o feita pelos governos federal e estadual, com objetivo de garantir uma revolu\u00e7\u00e3o tecnol\u00f3gica no setor automotivo nacional, por meio da transi\u00e7\u00e3o energ\u00e9tica.<\/p>\n<p>Durante a cerim\u00f4nia, o governador Jer\u00f4nimo Rodrigues destacou o marco hist\u00f3rico do novo momento vivenciado pela Bahia, que passa a sediar uma das maiores e mais modernas montadoras da Am\u00e9rica Latina.<\/p>\n<p>\u201cN\u00f3s estamos em uma caminhada muito forte, para garantir que a Bahia possa continuar sendo destaque na produ\u00e7\u00e3o de energias renov\u00e1veis. Se a Bahia produz e tem um potencial muito forte de energia e\u00f3lica, solar e biomassa, a gente quer trazer para aqui, para pr\u00f3ximo, aquelas ind\u00fastrias que s\u00e3o potenciais consumidores dessas energias. Ent\u00e3o, fico feliz com essa iniciativa da BYD em vir \u00e0 Bahia\u201d, disse Jer\u00f4nimo.<\/p>\n<p>Foram apenas 15 meses entre o in\u00edcio das obras e a entrega do primeiro ve\u00edculo em car\u00e1ter experimental, com tecnologia de \u00faltima gera\u00e7\u00e3o, automa\u00e7\u00e3o inteligente e controle total de todas as fases da produ\u00e7\u00e3o. A BYD est\u00e1 investindo R$ 5,5 bilh\u00f5es no complexo de Cama\u00e7ari \u2014 em uma megaestrutura que ocupa 4,6 milh\u00f5es de metros quadrados, o equivalente a 645 campos de futebol. A f\u00e1brica come\u00e7a com capacidade anual de produzir 150 mil ve\u00edculos, com expans\u00e3o planejada para 300 mil na segunda fase, com gera\u00e7\u00e3o de cerca de 20 mil empregos diretos e indiretos.<\/p>\n<p>\u201c\u00c9 por isso que a gente tem trabalhado com qualifica\u00e7\u00e3o profissional e em parceria com a empresa, com o sistema S, com o Minist\u00e9rio do Trabalho, para que a m\u00e3o-de-obra local seja aproveitada ao m\u00e1ximo e tenhamos empregos de baianos e baianas na BYD\u201d, afirmou o secret\u00e1rio do Trabalho, Emprego, Renda e Esporte, Augusto Vasconcelos. De acordo com Vasconcelos, aproximadamente 30 empresas ligadas ao setor procuraram o governo estadual, interessadas em se instalar tamb\u00e9m no complexo automotivo. A Continental, fabricante de pneus, j\u00e1 tem contrato homologado para se instalar no polo e fornecer equipamentos para a BYD.<\/p>\n<p>Segundo Stella Li, vice-presidente executiva global e CEO da BYD Am\u00e9ricas e Europa, a empresa \u00e9 das que mais investem em pesquisa e desenvolvimento no mundo, trazendo toda sua tecnologia para a f\u00e1brica brasileira. \u201cEsse \u00e9 um momento hist\u00f3rico n\u00e3o apenas para a BYD, mas para o futuro da mobilidade sustent\u00e1vel em toda a Am\u00e9rica Latina. Escolhemos a Bahia pela for\u00e7a de seu povo, pela m\u00e3o de obra capacitada e por acreditarmos no potencial transformador dessa regi\u00e3o\u201d, afirma.<\/p>\n<p>J\u00e1 o vice-presidente s\u00eanior da BYD Brasil, Alexandre Baldy, disse que o objetivo \u00e9 transformar Cama\u00e7ari em uma pot\u00eancia para o futuro. \u201cAgora, nesse regime de teste que estar\u00e1 sendo realizado nos pr\u00f3ximos dias, como disse aqui o governador, as licen\u00e7as que s\u00e3o necess\u00e1rias, creio eu, ser\u00e3o liberadas em dias. Ent\u00e3o, em poucas semanas n\u00f3s estaremos de volta aqui celebrando a produ\u00e7\u00e3o em linha, para poder, ent\u00e3o, come\u00e7ar a fabrica\u00e7\u00e3o oficial em linha dos nossos carros BYD Dolphin Mini e o BYD Song Pro\u201d, destacou.<\/p>\n<p><em>Siga o Acorda Cidade no<\/em><a href=\"https:\/\/news.google.com\/search?q=acorda%20cidade&amp;hl=pt-BR&amp;gl=BR&amp;ceid=BR%3Apt-419\"><strong><em>\u00a0Google Not\u00edcias<\/em><\/strong><\/a><em>\u00a0e receba os principais destaques do dia. Participe tamb\u00e9m dos nossos canais no\u00a0<\/em><a href=\"https:\/\/whatsapp.com\/channel\/0029Va6Rb4v3WHTNnsh8WI3N\"><strong><em>WhatsApp<\/em><\/strong><\/a><em>\u00a0e\u00a0<\/em><a href=\"https:\/\/www.youtube.com\/@acordacidadenoticias\/videos\"><strong>Youtube<\/strong><\/a><em>\u00a0e grupo de\u00a0<\/em><a href=\"https:\/\/t.me\/+sSz0khrgARA0ZmRh\"><strong><em>Telegram<\/em><\/strong><\/a><em>.<\/em><\/p>\n<\/div>\n","protected":false},"excerpt":{"rendered":"<div>\n<div>\n<figure><img decoding=\"async\" src=\"https:\/\/uploads.acordacidade.com.br\/2025\/07\/Camacari-BYD-Fotos-Thuane-MariaGOVBA-6.webp\" alt=\"Cama\u00e7ari - BYD\"><figcaption>Foto: Thuane Maria\/GOVBA<\/figcaption><\/figure>\n<\/div>\n<p>A BYD est\u00e1 investindo R$ 5,5 bilh\u00f5es no complexo de Cama\u00e7ari \u2014 em uma megaestrutura que ocupa 4,6 milh\u00f5es de metros quadrados, o equivalente a 645 campos de futebol.<\/p><\/div>\n","protected":false},"author":1,"featured_media":91757,"comment_status":"closed","ping_status":"closed","sticky":false,"template":"","format":"gallery","meta":{"footnotes":""},"categories":[8,9,6,57,56,10],"tags":[],"class_list":["post-91756","post","type-post","status-publish","format-gallery","has-post-thumbnail","hentry","category-bahia","category-brasil","category-feira-de-santana","category-mundo","category-policia","category-politica","post_format-post-format-gallery"],"featured_image_urls":{"full":["https:\/\/noticiasbahia360.com.br\/wp-content\/uploads\/2025\/07\/Camacari-BYD-Fotos-Thuane-MariaGOVBA-6.webp",1200,800,false],"thumbnail":["https:\/\/noticiasbahia360.com.br\/wp-content\/uploads\/2025\/07\/Camacari-BYD-Fotos-Thuane-MariaGOVBA-6-150x150.webp",150,150,true],"medium":["https:\/\/noticiasbahia360.com.br\/wp-content\/uploads\/2025\/07\/Camacari-BYD-Fotos-Thuane-MariaGOVBA-6-300x200.webp",300,200,true],"medium_large":["https:\/\/noticiasbahia360.com.br\/wp-content\/uploads\/2025\/07\/Camacari-BYD-Fotos-Thuane-MariaGOVBA-6-768x512.webp",640,427,true],"large":["https:\/\/noticiasbahia360.com.br\/wp-content\/uploads\/2025\/07\/Camacari-BYD-Fotos-Thuane-MariaGOVBA-6-1024x683.webp",640,427,true],"1536x1536":["https:\/\/noticiasbahia360.com.br\/wp-content\/uploads\/2025\/07\/Camacari-BYD-Fotos-Thuane-MariaGOVBA-6.webp",1200,800,false],"2048x2048":["https:\/\/noticiasbahia360.com.br\/wp-content\/uploads\/2025\/07\/Camacari-BYD-Fotos-Thuane-MariaGOVBA-6.webp",1200,800,false],"chromenews-featured":["https:\/\/noticiasbahia360.com.br\/wp-content\/uploads\/2025\/07\/Camacari-BYD-Fotos-Thuane-MariaGOVBA-6-1024x683.webp",1024,683,true],"chromenews-large":["https:\/\/noticiasbahia360.com.br\/wp-content\/uploads\/2025\/07\/Camacari-BYD-Fotos-Thuane-MariaGOVBA-6-825x575.webp",825,575,true],"chromenews-medium":["https:\/\/noticiasbahia360.com.br\/wp-content\/uploads\/2025\/07\/Camacari-BYD-Fotos-Thuane-MariaGOVBA-6-590x410.webp",590,410,true]},"author_info":{"display_name":"noticiasbahia360.com.br","author_link":"https:\/\/noticiasbahia360.com.br\/?author=1"},"category_info":"<a href=\"https:\/\/noticiasbahia360.com.br\/?cat=8\" rel=\"category\">Bahia<\/a> <a href=\"https:\/\/noticiasbahia360.com.br\/?cat=9\" rel=\"category\">Brasil<\/a> <a href=\"https:\/\/noticiasbahia360.com.br\/?cat=6\" rel=\"category\">Feira de Santana<\/a> <a href=\"https:\/\/noticiasbahia360.com.br\/?cat=57\" rel=\"category\">Mundo<\/a> <a href=\"https:\/\/noticiasbahia360.com.br\/?cat=56\" rel=\"category\">Pol\u00edcia<\/a> <a href=\"https:\/\/noticiasbahia360.com.br\/?cat=10\" rel=\"category\">Pol\u00edtica<\/a>","tag_info":"Pol\u00edtica","comment_count":"0","_links":{"self":[{"href":"https:\/\/noticiasbahia360.com.br\/index.php?rest_route=\/wp\/v2\/posts\/91756","targetHints":{"allow":["GET"]}}],"collection":[{"href":"https:\/\/noticiasbahia360.com.br\/index.php?rest_route=\/wp\/v2\/posts"}],"about":[{"href":"https:\/\/noticiasbahia360.com.br\/index.php?rest_route=\/wp\/v2\/types\/post"}],"author":[{"embeddable":true,"href":"https:\/\/noticiasbahia360.com.br\/index.php?rest_route=\/wp\/v2\/users\/1"}],"replies":[{"embeddable":true,"href":"https:\/\/noticiasbahia360.com.br\/index.php?rest_route=%2Fwp%2Fv2%2Fcomments&post=91756"}],"version-history":[{"count":0,"href":"https:\/\/noticiasbahia360.com.br\/index.php?rest_route=\/wp\/v2\/posts\/91756\/revisions"}],"wp:featuredmedia":[{"embeddable":true,"href":"https:\/\/noticiasbahia360.com.br\/index.php?rest_route=\/wp\/v2\/media\/91757"}],"wp:attachment":[{"href":"https:\/\/noticiasbahia360.com.br\/index.php?rest_route=%2Fwp%2Fv2%2Fmedia&parent=91756"}],"wp:term":[{"taxonomy":"category","embeddable":true,"href":"https:\/\/noticiasbahia360.com.br\/index.php?rest_route=%2Fwp%2Fv2%2Fcategories&post=91756"},{"taxonomy":"post_tag","embeddable":true,"href":"https:\/\/noticiasbahia360.com.br\/index.php?rest_route=%2Fwp%2Fv2%2Ftags&post=91756"}],"curies":[{"name":"wp","href":"https:\/\/api.w.org\/{rel}","templated":true}]}} 