{"id":91758,"date":"2025-07-01T17:10:21","date_gmt":"2025-07-01T20:10:21","guid":{"rendered":"https:\/\/noticiasbahia360.com.br\/?p=91758"},"modified":"2025-07-01T17:10:21","modified_gmt":"2025-07-01T20:10:21","slug":"delegado-detalha-operacao-que-resultou-na-apreensao-de-mais-de-50-caca-niqueis-na-regiao-da-rodoviaria-de-feira-de-santana","status":"publish","type":"post","link":"https:\/\/noticiasbahia360.com.br\/?p=91758","title":{"rendered":"Delegado detalha opera\u00e7\u00e3o que resultou na apreens\u00e3o de mais de 50 ca\u00e7a-n\u00edqueis na regi\u00e3o da rodovi\u00e1ria de Feira de Santana"},"content":{"rendered":"<div>\n<div>\n<figure><img decoding=\"async\" src=\"http:\/\/noticiasbahia360.com.br\/wp-content\/uploads\/2025\/07\/maquinas-caca-niqueis-em-feira-de-santana.jpg\" alt=\"Opera\u00e7\u00e3o Terminal Zero: Pol\u00edcia apreende 57 m\u00e1quinas ca\u00e7a-n\u00edqueis\"><figcaption>Foto: Pol\u00edcia Civil<\/figcaption><\/figure>\n<\/div>\n<p>Conforme j\u00e1 divulgado aqui no Acorda Cidade, na tarde da \u00faltima segunda-feira (30) <a href=\"https:\/\/www.acordacidade.com.br\/policia\/policia-apreende-57-maquinas-caca-niqueis-nas-proximidades-da-rodoviaria-de-feira-de-santana\/\">a Pol\u00edcia Civil com apoio da Pol\u00edcia Militar realizou mais uma a\u00e7\u00e3o no \u00e2mbito da Opera\u00e7\u00e3o Terminal Zero em Feira de Santana.<\/a> A a\u00e7\u00e3o resultou na apreens\u00e3o de 57 m\u00e1quinas de jogos de azar do tipo ca\u00e7a-n\u00edqueis.<\/p>\n<p>O Coordenador da 1\u00aa Coorpin de Feira de Santana, delegado Yves Correia, explicou em entrevista ao Acorda Cidade que a Opera\u00e7\u00e3o \u00e9 focada no combate ao tr\u00e1fico de drogas e crimes patrimoniais cometidos nas regi\u00f5es da rodovi\u00e1ria e do bairro Queimadinha.<\/p>\n<p><strong>O delegado esclarece que na tarde de segunda, os policiais militares e civis, conduziram a a\u00e7\u00e3o a procura de entorpecentes, por\u00e9m no decorrer das buscas, com o aux\u00edlio dos c\u00e3es farejadores, foram encontradas as m\u00e1quinas ca\u00e7a-n\u00edqueis dentro de estabelecimentos na regi\u00e3o.<\/strong><\/p>\n<figure class=\"wp-block-image size-full\"><img fetchpriority=\"high\" data-dominant-color=\"8c806c\" data-has-transparency=\"false\" style=\"--dominant-color: #8c806c;\" fetchpriority=\"high\" decoding=\"async\" width=\"1200\" height=\"744\" sizes=\"(max-width: 1200px) 100vw, 1200px\" src=\"http:\/\/noticiasbahia360.com.br\/wp-content\/uploads\/2025\/07\/oAeX8dT9-delegado_yvescorreia_foto_edsantos_acordacidade.webp\" alt=\"Delegado Yves Correia\" class=\"wp-image-564123 not-transparent\" srcset=\"https:\/\/uploads.acordacidade.com.br\/2025\/06\/oAeX8dT9-delegado_yvescorreia_foto_edsantos_acordacidade-589x365.webp 589w, https:\/\/uploads.acordacidade.com.br\/2025\/06\/oAeX8dT9-delegado_yvescorreia_foto_edsantos_acordacidade-892x553.webp 892w, https:\/\/uploads.acordacidade.com.br\/2025\/06\/oAeX8dT9-delegado_yvescorreia_foto_edsantos_acordacidade-150x93.webp 150w, http:\/\/noticiasbahia360.com.br\/wp-content\/uploads\/2025\/07\/oAeX8dT9-delegado_yvescorreia_foto_edsantos_acordacidade.webp 1200w\"><figcaption class=\"wp-element-caption\">Delegado: Ed Santos\/Acorda Cidade<\/figcaption><\/figure>\n<p>\u201cAo abrir uma das m\u00e1quinas, n\u00e3o se encontrou propriamente drogas, mas ao mesmo tempo a gente sabe que m\u00e1quinas ca\u00e7a-n\u00edqueis s\u00e3o ilegais. Ent\u00e3o elas s\u00e3o tipificadas no \u00e2mbito\u00a0 da lei de contraven\u00e7\u00e3o penal que n\u00e3o deixa de ser uma infra\u00e7\u00e3o penal. Como agentes da lei a gente realizou a apreens\u00e3o de todas as m\u00e1quinas.\u201d<\/p>\n<p><strong>Segundo o delegado, um dos estabelecimentos possu\u00eda um c\u00f4modo mais escondido, onde ficavam a maior parte das m\u00e1quinas que foram apreendidas.<\/strong><\/p>\n<p>\u201cDescobriu-se em um daqueles bares tamb\u00e9m, um local escondido com mais de 36 m\u00e1quinas, s\u00f3 nesse local. Um dos donos estava tentando retirar o dinheiro no momento da apreens\u00e3o, enfim, foi todo mundo logicamente, intimado e conduzido para poder prestar esclarecimentos.\u201d<\/p>\n<p><strong>Os respons\u00e1veis pelas m\u00e1quinas em quest\u00e3o, de acordo com explica\u00e7\u00e3o do Delegado Yves, ir\u00e3o responder pela infra\u00e7\u00e3o penal de contraven\u00e7\u00e3o, gerando um termo circunstanciado de ocorr\u00eancia, que \u00e9 encaminhado para o Minist\u00e9rio P\u00fablico.\u00a0<\/strong><\/p>\n<p>\u201cQuanto \u00e0s m\u00e1quinas, elas passam por per\u00edcia no Departamento de Pol\u00edcia T\u00e9cnica e ap\u00f3s a per\u00edcia, o juiz, o judici\u00e1rio, determina provavelmente a destrui\u00e7\u00e3o delas.\u201d acrescentou.<\/p>\n<h2 class=\"wp-block-heading\" id=\"h-assistencialismo-social\">Assistencialismo social<\/h2>\n<p>Yves Correia explica tamb\u00e9m que esse \u00e9 um trabalho integrado com o setor de Assist\u00eancia Social da Prefeitura de Feira de Santana para fazer a identifica\u00e7\u00e3o de usu\u00e1rios de drogas e pessoas em vulnerabilidade. A opera\u00e7\u00e3o visa conter o tr\u00e1fico e pequenos crimes, e tamb\u00e9m em parceria com o setor p\u00fablico, prestar assistencialismo aos dependentes qu\u00edmicos que acabam se envolvendo em crimes na regi\u00e3o da rodovi\u00e1ria.<\/p>\n<p>\u201c\u00c9 um trabalho n\u00e3o s\u00f3 policial, voc\u00ea tem que ter um trabalho assistencial, um trabalho que envolve diversos \u00f3rg\u00e3os, porque n\u00e3o tem para onde, \u00e0s vezes, levar esses indiv\u00edduos que est\u00e3o ali se acabando nas drogas e ao mesmo tempo a gente sabe que o v\u00edcio ele gera delitos paralelos ao v\u00edcio.\u201d<\/p>\n<p>Nos locais onde foram apreendidos os ca\u00e7a n\u00edqueis a pol\u00edcia n\u00e3o encontrou drogas.\u00a0<\/p>\n<h2 class=\"wp-block-heading\" id=\"h-reducao-de-mortes-violentas-na-cidade\">Redu\u00e7\u00e3o de mortes violentas na cidade<\/h2>\n<p>Yves Correia tamb\u00e9m falou em entrevista ao Acorda Cidade sobre os resultados na redu\u00e7\u00e3o de crimes letais, ocasionada tanto pelas opera\u00e7\u00f5es integradas, quanto pelo trabalho da Delegacia de Homic\u00eddios.\u00a0<\/p>\n<p>De acordo com dados passados pela Pol\u00edcia Civil, no primeiro semestre de 2014 foram registrados 167 homic\u00eddios, neste ano (2025) o n\u00famero caiu para 118, uma redu\u00e7\u00e3o de 29,34%. O m\u00eas de junho\/2025 fechou com o n\u00famero de 17 CVLIs, enquanto que em 2024 o mesmo m\u00eas finalizou com 19 casos.<\/p>\n<p>\u201cA gente fechou o balan\u00e7o agora do semestre, na data de ontem (30), com a redu\u00e7\u00e3o de quase 30% dos homic\u00eddios, uma redu\u00e7\u00e3o expressiva de CVLIs \u2013 Crimes Violentos Letais Intencionais -. A meta do Estado \u00e9 de 6%, e a gente fecha com mais de 29%. A DH est\u00e1 fazendo um trabalho excepcional para poder dar resposta com muita intelig\u00eancia sempre para poder cirurgicamente retirar esses indiv\u00edduos de circula\u00e7\u00e3o.\u201d<\/p>\n<p><em>Com informa\u00e7\u00f5es do rep\u00f3rter Ed Santos do Acorda Cidade<\/em><\/p>\n<p><em>Siga o Acorda Cidade no<\/em><a href=\"https:\/\/news.google.com\/search?q=acorda%20cidade&amp;hl=pt-BR&amp;gl=BR&amp;ceid=BR%3Apt-419\"><strong><em> Google Not\u00edcias<\/em><\/strong><\/a><em> e receba os principais destaques do dia. Participe tamb\u00e9m dos nossos canais no <\/em><a href=\"https:\/\/whatsapp.com\/channel\/0029Va6Rb4v3WHTNnsh8WI3N\"><strong><em>WhatsApp<\/em><\/strong><\/a><em> e <\/em><a href=\"https:\/\/www.youtube.com\/@acordacidadenoticias\/videos\"><strong>Youtube<\/strong><\/a><em> e grupo de <\/em><a href=\"https:\/\/t.me\/+sSz0khrgARA0ZmRh\"><strong><em>Telegram<\/em><\/strong><\/a><em>.<\/em><\/p>\n<\/div>\n","protected":false},"excerpt":{"rendered":"<div>\n<div>\n<figure><img decoding=\"async\" src=\"https:\/\/uploads.acordacidade.com.br\/2025\/06\/maquinas-caca-niqueis-em-feira-de-santana.jpg\" alt=\"Opera\u00e7\u00e3o Terminal Zero: Pol\u00edcia apreende 57 m\u00e1quinas ca\u00e7a-n\u00edqueis\"><figcaption>Foto: Pol\u00edcia Civil<\/figcaption><\/figure>\n<\/div>\n<p>Os propriet\u00e1rios das m\u00e1quinas foram intimados e conduzidos para prestar depoimento<\/p><\/div>\n","protected":false},"author":1,"featured_media":91759,"comment_status":"closed","ping_status":"closed","sticky":false,"template":"","format":"gallery","meta":{"footnotes":""},"categories":[8,9,6,57,56,10],"tags":[],"class_list":["post-91758","post","type-post","status-publish","format-gallery","has-post-thumbnail","hentry","category-bahia","category-brasil","category-feira-de-santana","category-mundo","category-policia","category-politica","post_format-post-format-gallery"],"featured_image_urls":{"full":["https:\/\/noticiasbahia360.com.br\/wp-content\/uploads\/2025\/07\/maquinas-caca-niqueis-em-feira-de-santana.jpg",1300,975,false],"thumbnail":["https:\/\/noticiasbahia360.com.br\/wp-content\/uploads\/2025\/07\/maquinas-caca-niqueis-em-feira-de-santana-150x150.jpg",150,150,true],"medium":["https:\/\/noticiasbahia360.com.br\/wp-content\/uploads\/2025\/07\/maquinas-caca-niqueis-em-feira-de-santana-300x225.jpg",300,225,true],"medium_large":["https:\/\/noticiasbahia360.com.br\/wp-content\/uploads\/2025\/07\/maquinas-caca-niqueis-em-feira-de-santana-768x576.jpg",640,480,true],"large":["https:\/\/noticiasbahia360.com.br\/wp-content\/uploads\/2025\/07\/maquinas-caca-niqueis-em-feira-de-santana-1024x768.jpg",640,480,true],"1536x1536":["https:\/\/noticiasbahia360.com.br\/wp-content\/uploads\/2025\/07\/maquinas-caca-niqueis-em-feira-de-santana.jpg",1300,975,false],"2048x2048":["https:\/\/noticiasbahia360.com.br\/wp-content\/uploads\/2025\/07\/maquinas-caca-niqueis-em-feira-de-santana.jpg",1300,975,false],"chromenews-featured":["https:\/\/noticiasbahia360.com.br\/wp-content\/uploads\/2025\/07\/maquinas-caca-niqueis-em-feira-de-santana-1024x768.jpg",1024,768,true],"chromenews-large":["https:\/\/noticiasbahia360.com.br\/wp-content\/uploads\/2025\/07\/maquinas-caca-niqueis-em-feira-de-santana-825x575.jpg",825,575,true],"chromenews-medium":["https:\/\/noticiasbahia360.com.br\/wp-content\/uploads\/2025\/07\/maquinas-caca-niqueis-em-feira-de-santana-590x410.jpg",590,410,true]},"author_info":{"display_name":"noticiasbahia360.com.br","author_link":"https:\/\/noticiasbahia360.com.br\/?author=1"},"category_info":"<a href=\"https:\/\/noticiasbahia360.com.br\/?cat=8\" rel=\"category\">Bahia<\/a> <a href=\"https:\/\/noticiasbahia360.com.br\/?cat=9\" rel=\"category\">Brasil<\/a> <a href=\"https:\/\/noticiasbahia360.com.br\/?cat=6\" rel=\"category\">Feira de Santana<\/a> <a href=\"https:\/\/noticiasbahia360.com.br\/?cat=57\" rel=\"category\">Mundo<\/a> <a href=\"https:\/\/noticiasbahia360.com.br\/?cat=56\" rel=\"category\">Pol\u00edcia<\/a> <a href=\"https:\/\/noticiasbahia360.com.br\/?cat=10\" rel=\"category\">Pol\u00edtica<\/a>","tag_info":"Pol\u00edtica","comment_count":"0","_links":{"self":[{"href":"https:\/\/noticiasbahia360.com.br\/index.php?rest_route=\/wp\/v2\/posts\/91758","targetHints":{"allow":["GET"]}}],"collection":[{"href":"https:\/\/noticiasbahia360.com.br\/index.php?rest_route=\/wp\/v2\/posts"}],"about":[{"href":"https:\/\/noticiasbahia360.com.br\/index.php?rest_route=\/wp\/v2\/types\/post"}],"author":[{"embeddable":true,"href":"https:\/\/noticiasbahia360.com.br\/index.php?rest_route=\/wp\/v2\/users\/1"}],"replies":[{"embeddable":true,"href":"https:\/\/noticiasbahia360.com.br\/index.php?rest_route=%2Fwp%2Fv2%2Fcomments&post=91758"}],"version-history":[{"count":0,"href":"https:\/\/noticiasbahia360.com.br\/index.php?rest_route=\/wp\/v2\/posts\/91758\/revisions"}],"wp:featuredmedia":[{"embeddable":true,"href":"https:\/\/noticiasbahia360.com.br\/index.php?rest_route=\/wp\/v2\/media\/91759"}],"wp:attachment":[{"href":"https:\/\/noticiasbahia360.com.br\/index.php?rest_route=%2Fwp%2Fv2%2Fmedia&parent=91758"}],"wp:term":[{"taxonomy":"category","embeddable":true,"href":"https:\/\/noticiasbahia360.com.br\/index.php?rest_route=%2Fwp%2Fv2%2Fcategories&post=91758"},{"taxonomy":"post_tag","embeddable":true,"href":"https:\/\/noticiasbahia360.com.br\/index.php?rest_route=%2Fwp%2Fv2%2Ftags&post=91758"}],"curies":[{"name":"wp","href":"https:\/\/api.w.org\/{rel}","templated":true}]}}