{"id":91761,"date":"2025-07-01T17:15:39","date_gmt":"2025-07-01T20:15:39","guid":{"rendered":"https:\/\/noticiasbahia360.com.br\/?p=91761"},"modified":"2025-07-01T17:15:39","modified_gmt":"2025-07-01T20:15:39","slug":"enem-2025-prazo-para-recurso-de-atendimento-especial-termina-nesta-quarta-2","status":"publish","type":"post","link":"https:\/\/noticiasbahia360.com.br\/?p=91761","title":{"rendered":"Enem 2025: prazo para recurso de atendimento especial termina nesta quarta (2)"},"content":{"rendered":"<div>\n<div>\n<figure><img decoding=\"async\" src=\"http:\/\/noticiasbahia360.com.br\/wp-content\/uploads\/2025\/07\/enem_recurso_atendimentoespecial_foto_josecruz_agenciabrasil.jpg\" alt=\"Come\u00e7a prazo para recurso de atendimento especial no Enem\"><figcaption>Foto: Jose Cruz\/Ag\u00eancia Brasil<\/figcaption><\/figure>\n<\/div>\n<p>Ag\u00eancia Brasil \u2013 O prazo para pedir\u00a0atendimento especializado durante o\u00a0Exame Nacional do Ensino M\u00e9dio (Enem) de 2025 termina nesta quarta-feira (2). Quem teve a solicita\u00e7\u00e3o\u00a0indeferida ainda pode pedir nova\u00a0an\u00e1lise, a ser\u00a0feita\u00a0pelo Instituto Nacional de Estudos e Pesquisas Educacionais An\u00edsio Teixeira (<a href=\"https:\/\/www.acordacidade.com.br\/tag\/inep\/\">Inep<\/a>).\u00a0O\u00a0candidato deve\u00a0enviar documenta\u00e7\u00e3o que comprove a condi\u00e7\u00e3o\u00a0alegada no ato de inscri\u00e7\u00e3o no concurso.<img decoding=\"async\" src=\"https:\/\/agenciabrasil.ebc.com.br\/ebc.png?id=1649094&amp;o=node\"><img decoding=\"async\" src=\"https:\/\/agenciabrasil.ebc.com.br\/ebc.gif?id=1649094&amp;o=node\"><\/p>\n<p><strong>O\u00a0envio dos\u00a0documentos deve ser feito exclusivamente por meio da\u00a0<a href=\"https:\/\/enem.inep.gov.br\/participante\/#!\/\" target=\"_blank\" rel=\"noreferrer noopener\">P\u00e1gina do Participante<\/a>.<\/strong><\/p>\n<p>A documenta\u00e7\u00e3o deve estar no formato PDF, PNG ou JPG, com arquivo de tamanho m\u00e1ximo de 2MB. O documento deve ser leg\u00edvel\u00a0 e em l\u00edngua portuguesa.<\/p>\n<p>Para serem consideradas\u00a0v\u00e1lidas\u00a0para an\u00e1lise, as declara\u00e7\u00f5es precisam conter nome completo do participante,\u00a0diagn\u00f3stico com a descri\u00e7\u00e3o da condi\u00e7\u00e3o que motivou a solicita\u00e7\u00e3o e\/ou o c\u00f3digo correspondente \u00e0 Classifica\u00e7\u00e3o Internacional de Doen\u00e7a (CID 10); al\u00e9m de assinatura e identifica\u00e7\u00e3o do profissional competente, com respectivo registro no Conselho Regional de Medicina (CRM), no Minist\u00e9rio da Sa\u00fade (RMS) ou em \u00f3rg\u00e3o.<\/p>\n<p>Os candidatos devem\u00a0evitar laudos incompletos.<\/p>\n<h2 class=\"wp-block-heading\" id=\"h-acessibilidade\">Acessibilidade<\/h2>\n<p>Entre as condi\u00e7\u00f5es para requerer o atendimento especializado est\u00e3o a de pessoas com defici\u00eancia (PCD), com idade avan\u00e7ada, gestantes, lactantes, com transtorno funcional espec\u00edfico (transtorno do espectro autista, dislexia e d\u00e9ficit de aten\u00e7\u00e3o), entre outras.<\/p>\n<p>Se nesta segunda an\u00e1lise o participante tiver o recurso aprovado pelo Inep, poder\u00e1 contar com provas em braile; dispor de sala individual,\u00a0mobili\u00e1rio com dimens\u00f5es adequadas para o manuseio da prova,\u00a0tempo adicional,\u00a0leitor de tela,\u00a0prova com letra ampliada\u00a0ou guia-int\u00e9rprete, conforme a solicita\u00e7\u00e3o.<\/p>\n<p>Durante as provas, tamb\u00e9m ser\u00e1 permitido usar material pr\u00f3prio, o que inclui m\u00e1quina de escrever em braile,\u00a0\u00f3culos especiais,\u00a0bolsa de colostomia, medidor de glicose e bomba de insulina e outros. Todos os recursos autorizados podem ser conferidos no edital do Enem.<\/p>\n<p>De acordo com o\u00a0<a href=\"https:\/\/www.in.gov.br\/en\/web\/dou\/-\/edital-n-52-de-23-de-maio-de-2025-631610576\" target=\"_blank\" rel=\"noreferrer noopener\">edital<\/a>\u00a0do Enem 2025, no dia das provas, os materiais ser\u00e3o vistoriados pelo chefe de sala de aplica\u00e7\u00e3o do Enem para garantir a lisura e a seguran\u00e7a do exame.<\/p>\n<h2 class=\"wp-block-heading\" id=\"h-provas\">Provas<\/h2>\n<p>O Inep aplicar\u00e1 as provas do Enem em 9 e 16 de novembro, em todas as 27 unidades da federa\u00e7\u00e3o. Excepcionalmente, nas cidades de Bel\u00e9m, Ananindeua e Marituba, no Par\u00e1, o exame ser\u00e1 aplicado, em 30 de novembro e 7 de dezembro, devido \u00e0 realiza\u00e7\u00e3o da 30\u00aa Confer\u00eancia das Na\u00e7\u00f5es Unidas sobre Mudan\u00e7as Clim\u00e1ticas (COP30), na capital paraense, em per\u00edodo pr\u00f3ximo.<\/p>\n<h2 class=\"wp-block-heading\" id=\"h-enem\">Enem<\/h2>\n<p>O Enem avalia o desempenho escolar dos estudantes ao t\u00e9rmino da educa\u00e7\u00e3o b\u00e1sica e \u00e9 considerado a principal porta de entrada para a educa\u00e7\u00e3o superior no Brasil, por meio do Sistema de Sele\u00e7\u00e3o Unificada (Sisu), do Programa Universidade para Todos (Prouni) e do Fundo de Financiamento Estudantil (Fies).<\/p>\n<p>A nota individual do Enem pode, ainda, ser aproveitada nos processos seletivos de institui\u00e7\u00f5es de ensino de Portugal que t\u00eam conv\u00eanio com o Inep.<\/p>\n<p>Al\u00e9m disso, o Enem voltou a ser op\u00e7\u00e3o aos candidatos com mais de 18 anos que querem obter o\u00a0certificado de conclus\u00e3o do ensino m\u00e9dio ou a declara\u00e7\u00e3o parcial de profici\u00eancia.<\/p>\n<p><em>Siga o Acorda Cidade no<\/em><a href=\"https:\/\/news.google.com\/search?q=acorda%20cidade&amp;hl=pt-BR&amp;gl=BR&amp;ceid=BR%3Apt-419\"><strong><em> Google Not\u00edcias<\/em><\/strong><\/a><em> e receba os principais destaques do dia. Participe tamb\u00e9m dos nossos canais no <\/em><a href=\"https:\/\/whatsapp.com\/channel\/0029Va6Rb4v3WHTNnsh8WI3N\"><strong><em>WhatsApp<\/em><\/strong><\/a><em> e <\/em><a href=\"https:\/\/www.youtube.com\/@acordacidadenoticias\/videos\"><strong>Youtube<\/strong><\/a><em> e grupo de <\/em><a href=\"https:\/\/t.me\/+sSz0khrgARA0ZmRh\"><strong><em>Telegram<\/em><\/strong><\/a><em>.<\/em><\/p>\n<\/div>\n","protected":false},"excerpt":{"rendered":"<div>\n<div>\n<figure><img decoding=\"async\" src=\"https:\/\/uploads.acordacidade.com.br\/2025\/06\/enem_recurso_atendimentoespecial_foto_josecruz_agenciabrasil.jpg\" alt=\"Come\u00e7a prazo para recurso de atendimento especial no Enem\"><figcaption>Foto: Jose Cruz\/Ag\u00eancia Brasil<\/figcaption><\/figure>\n<\/div>\n<p>Envio de documentos deve ser feito pela P\u00e1gina do Participante<\/p><\/div>\n","protected":false},"author":1,"featured_media":91762,"comment_status":"closed","ping_status":"closed","sticky":false,"template":"","format":"gallery","meta":{"footnotes":""},"categories":[8,9,6,57,56,10],"tags":[],"class_list":["post-91761","post","type-post","status-publish","format-gallery","has-post-thumbnail","hentry","category-bahia","category-brasil","category-feira-de-santana","category-mundo","category-policia","category-politica","post_format-post-format-gallery"],"featured_image_urls":{"full":["https:\/\/noticiasbahia360.com.br\/wp-content\/uploads\/2025\/07\/enem_recurso_atendimentoespecial_foto_josecruz_agenciabrasil.jpg",1200,718,false],"thumbnail":["https:\/\/noticiasbahia360.com.br\/wp-content\/uploads\/2025\/07\/enem_recurso_atendimentoespecial_foto_josecruz_agenciabrasil-150x150.jpg",150,150,true],"medium":["https:\/\/noticiasbahia360.com.br\/wp-content\/uploads\/2025\/07\/enem_recurso_atendimentoespecial_foto_josecruz_agenciabrasil-300x180.jpg",300,180,true],"medium_large":["https:\/\/noticiasbahia360.com.br\/wp-content\/uploads\/2025\/07\/enem_recurso_atendimentoespecial_foto_josecruz_agenciabrasil-768x460.jpg",640,383,true],"large":["https:\/\/noticiasbahia360.com.br\/wp-content\/uploads\/2025\/07\/enem_recurso_atendimentoespecial_foto_josecruz_agenciabrasil-1024x613.jpg",640,383,true],"1536x1536":["https:\/\/noticiasbahia360.com.br\/wp-content\/uploads\/2025\/07\/enem_recurso_atendimentoespecial_foto_josecruz_agenciabrasil.jpg",1200,718,false],"2048x2048":["https:\/\/noticiasbahia360.com.br\/wp-content\/uploads\/2025\/07\/enem_recurso_atendimentoespecial_foto_josecruz_agenciabrasil.jpg",1200,718,false],"chromenews-featured":["https:\/\/noticiasbahia360.com.br\/wp-content\/uploads\/2025\/07\/enem_recurso_atendimentoespecial_foto_josecruz_agenciabrasil-1024x613.jpg",1024,613,true],"chromenews-large":["https:\/\/noticiasbahia360.com.br\/wp-content\/uploads\/2025\/07\/enem_recurso_atendimentoespecial_foto_josecruz_agenciabrasil-825x575.jpg",825,575,true],"chromenews-medium":["https:\/\/noticiasbahia360.com.br\/wp-content\/uploads\/2025\/07\/enem_recurso_atendimentoespecial_foto_josecruz_agenciabrasil-590x410.jpg",590,410,true]},"author_info":{"display_name":"noticiasbahia360.com.br","author_link":"https:\/\/noticiasbahia360.com.br\/?author=1"},"category_info":"<a href=\"https:\/\/noticiasbahia360.com.br\/?cat=8\" rel=\"category\">Bahia<\/a> <a href=\"https:\/\/noticiasbahia360.com.br\/?cat=9\" rel=\"category\">Brasil<\/a> <a href=\"https:\/\/noticiasbahia360.com.br\/?cat=6\" rel=\"category\">Feira de Santana<\/a> <a href=\"https:\/\/noticiasbahia360.com.br\/?cat=57\" rel=\"category\">Mundo<\/a> <a href=\"https:\/\/noticiasbahia360.com.br\/?cat=56\" rel=\"category\">Pol\u00edcia<\/a> <a href=\"https:\/\/noticiasbahia360.com.br\/?cat=10\" rel=\"category\">Pol\u00edtica<\/a>","tag_info":"Pol\u00edtica","comment_count":"0","_links":{"self":[{"href":"https:\/\/noticiasbahia360.com.br\/index.php?rest_route=\/wp\/v2\/posts\/91761","targetHints":{"allow":["GET"]}}],"collection":[{"href":"https:\/\/noticiasbahia360.com.br\/index.php?rest_route=\/wp\/v2\/posts"}],"about":[{"href":"https:\/\/noticiasbahia360.com.br\/index.php?rest_route=\/wp\/v2\/types\/post"}],"author":[{"embeddable":true,"href":"https:\/\/noticiasbahia360.com.br\/index.php?rest_route=\/wp\/v2\/users\/1"}],"replies":[{"embeddable":true,"href":"https:\/\/noticiasbahia360.com.br\/index.php?rest_route=%2Fwp%2Fv2%2Fcomments&post=91761"}],"version-history":[{"count":0,"href":"https:\/\/noticiasbahia360.com.br\/index.php?rest_route=\/wp\/v2\/posts\/91761\/revisions"}],"wp:featuredmedia":[{"embeddable":true,"href":"https:\/\/noticiasbahia360.com.br\/index.php?rest_route=\/wp\/v2\/media\/91762"}],"wp:attachment":[{"href":"https:\/\/noticiasbahia360.com.br\/index.php?rest_route=%2Fwp%2Fv2%2Fmedia&parent=91761"}],"wp:term":[{"taxonomy":"category","embeddable":true,"href":"https:\/\/noticiasbahia360.com.br\/index.php?rest_route=%2Fwp%2Fv2%2Fcategories&post=91761"},{"taxonomy":"post_tag","embeddable":true,"href":"https:\/\/noticiasbahia360.com.br\/index.php?rest_route=%2Fwp%2Fv2%2Ftags&post=91761"}],"curies":[{"name":"wp","href":"https:\/\/api.w.org\/{rel}","templated":true}]}}