{"id":91763,"date":"2025-07-01T17:15:43","date_gmt":"2025-07-01T20:15:43","guid":{"rendered":"https:\/\/noticiasbahia360.com.br\/?p=91763"},"modified":"2025-07-01T17:15:43","modified_gmt":"2025-07-01T20:15:43","slug":"queda-de-aviao-deixa-dois-mortos-no-interior-de-sao-paulo","status":"publish","type":"post","link":"https:\/\/noticiasbahia360.com.br\/?p=91763","title":{"rendered":"Queda de avi\u00e3o deixa dois mortos no interior de S\u00e3o Paulo"},"content":{"rendered":"<div>\n<div>\n<figure><img decoding=\"async\" src=\"http:\/\/noticiasbahia360.com.br\/wp-content\/uploads\/2025\/07\/queda-de-aviao-.webp\" alt=\"queda de avi\u00e3o\"><figcaption>Foto: Corpo de Bombeiros\/SP<\/figcaption><\/figure>\n<\/div>\n<p><a href=\"https:\/\/api.whatsapp.com\/send?text=Queda+de+avi%C3%A3o+deixa+dois+mortos+no+interior+de+SP+%7C+Ag%C3%AAncia+Brasil+%7C+Ag%C3%AAncia+Brasil+%7C+https%3A%2F%2Fagenciabrasil.ebc.com.br%2Fgeral%2Fnoticia%2F2025-07%2Fqueda-de-aviao-deixa-dois-mortos-no-interior-de-sp\" target=\"_blank\" rel=\"noreferrer noopener\"><\/a><a href=\"https:\/\/facebook.com\/sharer.php?u=https%3A%2F%2Fagenciabrasil.ebc.com.br%2Fgeral%2Fnoticia%2F2025-07%2Fqueda-de-aviao-deixa-dois-mortos-no-interior-de-sp&amp;t=Queda+de+avi%C3%A3o+deixa+dois+mortos+no+interior+de+SP+%7C+Ag%C3%AAncia+Brasil\" target=\"_blank\" rel=\"noreferrer noopener\"><\/a><a href=\"https:\/\/twitter.com\/intent\/tweet?url=https%3A%2F%2Fagenciabrasil.ebc.com.br%2Fgeral%2Fnoticia%2F2025-07%2Fqueda-de-aviao-deixa-dois-mortos-no-interior-de-sp&amp;text=Queda+de+avi%C3%A3o+deixa+dois+mortos+no+interior+de+SP+%7C+Ag%C3%AAncia+Brasil\" target=\"_blank\" rel=\"noreferrer noopener\"><\/a><a href=\"https:\/\/www.linkedin.com\/shareArticle?url=https%3A%2F%2Fagenciabrasil.ebc.com.br%2Fgeral%2Fnoticia%2F2025-07%2Fqueda-de-aviao-deixa-dois-mortos-no-interior-de-sp&amp;summary=Queda+de+avi%C3%A3o+deixa+dois+mortos+no+interior+de+SP+%7C+Ag%C3%AAncia+Brasil\" target=\"_blank\" rel=\"noreferrer noopener\"><\/a>Ag\u00eancia Brasil \u2013 Um avi\u00e3o de pequeno porte caiu na manh\u00e3 desta ter\u00e7a-feira (1\u00ba), no munic\u00edpio de S\u00e3o Jos\u00e9 do Rio Preto, em <a href=\"https:\/\/www.acordacidade.com.br\/tag\/sao-paulo\/\">S\u00e3o Paulo<\/a> (SP), deixando duas pessoas mortas no acidente.<img decoding=\"async\" src=\"https:\/\/agenciabrasil.ebc.com.br\/ebc.png?id=1649101&amp;o=node\"><img decoding=\"async\" src=\"https:\/\/agenciabrasil.ebc.com.br\/ebc.gif?id=1649101&amp;o=node\"><\/p>\n<p>De acordo com o Corpo de Bombeiros de S\u00e3o Paulo, a aeronave n\u00e3o atingiu estruturas pr\u00f3ximas e tamb\u00e9m n\u00e3o houve vazamento de combust\u00edvel.<\/p>\n<p>Seis viaturas e 16 bombeiros atenderam a ocorr\u00eancia. O Centro de Investiga\u00e7\u00e3o e Preven\u00e7\u00e3o de Acidentes Aeron\u00e1uticos (Cenipa) e a Pol\u00edcia T\u00e9cnico-Cient\u00edfica foram acionados.<\/p>\n<p><em>Siga o Acorda Cidade no<\/em><a href=\"https:\/\/news.google.com\/search?q=acorda%20cidade&amp;hl=pt-BR&amp;gl=BR&amp;ceid=BR%3Apt-419\"><strong><em>\u00a0Google Not\u00edcias<\/em><\/strong><\/a><em>\u00a0e receba os principais destaques do dia. Participe tamb\u00e9m dos nossos canais no\u00a0<\/em><a href=\"https:\/\/whatsapp.com\/channel\/0029Va6Rb4v3WHTNnsh8WI3N\"><strong><em>WhatsApp<\/em><\/strong><\/a><em>\u00a0e\u00a0<\/em><a href=\"https:\/\/www.youtube.com\/@acordacidadenoticias\/videos\"><strong>Youtube<\/strong><\/a><em>\u00a0e grupo de\u00a0<\/em><a href=\"https:\/\/t.me\/+sSz0khrgARA0ZmRh\"><strong><em>Telegram<\/em><\/strong><\/a><em>.<\/em><\/p>\n<\/div>\n","protected":false},"excerpt":{"rendered":"<div>\n<div>\n<figure><img decoding=\"async\" src=\"https:\/\/uploads.acordacidade.com.br\/2025\/07\/queda-de-aviao-.webp\" alt=\"queda de avi\u00e3o\"><figcaption>Foto: Corpo de Bombeiros\/SP<\/figcaption><\/figure>\n<\/div>\n<p>De acordo com o Corpo de Bombeiros de S\u00e3o Paulo, a aeronave n\u00e3o atingiu estruturas pr\u00f3ximas.<\/p><\/div>\n","protected":false},"author":1,"featured_media":91764,"comment_status":"closed","ping_status":"closed","sticky":false,"template":"","format":"gallery","meta":{"footnotes":""},"categories":[8,9,6,57,56,10],"tags":[],"class_list":["post-91763","post","type-post","status-publish","format-gallery","has-post-thumbnail","hentry","category-bahia","category-brasil","category-feira-de-santana","category-mundo","category-policia","category-politica","post_format-post-format-gallery"],"featured_image_urls":{"full":["https:\/\/noticiasbahia360.com.br\/wp-content\/uploads\/2025\/07\/queda-de-aviao-.webp",1200,718,false],"thumbnail":["https:\/\/noticiasbahia360.com.br\/wp-content\/uploads\/2025\/07\/queda-de-aviao--150x150.webp",150,150,true],"medium":["https:\/\/noticiasbahia360.com.br\/wp-content\/uploads\/2025\/07\/queda-de-aviao--300x180.webp",300,180,true],"medium_large":["https:\/\/noticiasbahia360.com.br\/wp-content\/uploads\/2025\/07\/queda-de-aviao--768x460.webp",640,383,true],"large":["https:\/\/noticiasbahia360.com.br\/wp-content\/uploads\/2025\/07\/queda-de-aviao--1024x613.webp",640,383,true],"1536x1536":["https:\/\/noticiasbahia360.com.br\/wp-content\/uploads\/2025\/07\/queda-de-aviao-.webp",1200,718,false],"2048x2048":["https:\/\/noticiasbahia360.com.br\/wp-content\/uploads\/2025\/07\/queda-de-aviao-.webp",1200,718,false],"chromenews-featured":["https:\/\/noticiasbahia360.com.br\/wp-content\/uploads\/2025\/07\/queda-de-aviao--1024x613.webp",1024,613,true],"chromenews-large":["https:\/\/noticiasbahia360.com.br\/wp-content\/uploads\/2025\/07\/queda-de-aviao--825x575.webp",825,575,true],"chromenews-medium":["https:\/\/noticiasbahia360.com.br\/wp-content\/uploads\/2025\/07\/queda-de-aviao--590x410.webp",590,410,true]},"author_info":{"display_name":"noticiasbahia360.com.br","author_link":"https:\/\/noticiasbahia360.com.br\/?author=1"},"category_info":"<a href=\"https:\/\/noticiasbahia360.com.br\/?cat=8\" rel=\"category\">Bahia<\/a> <a href=\"https:\/\/noticiasbahia360.com.br\/?cat=9\" rel=\"category\">Brasil<\/a> <a href=\"https:\/\/noticiasbahia360.com.br\/?cat=6\" rel=\"category\">Feira de Santana<\/a> <a href=\"https:\/\/noticiasbahia360.com.br\/?cat=57\" rel=\"category\">Mundo<\/a> <a href=\"https:\/\/noticiasbahia360.com.br\/?cat=56\" rel=\"category\">Pol\u00edcia<\/a> <a href=\"https:\/\/noticiasbahia360.com.br\/?cat=10\" rel=\"category\">Pol\u00edtica<\/a>","tag_info":"Pol\u00edtica","comment_count":"0","_links":{"self":[{"href":"https:\/\/noticiasbahia360.com.br\/index.php?rest_route=\/wp\/v2\/posts\/91763","targetHints":{"allow":["GET"]}}],"collection":[{"href":"https:\/\/noticiasbahia360.com.br\/index.php?rest_route=\/wp\/v2\/posts"}],"about":[{"href":"https:\/\/noticiasbahia360.com.br\/index.php?rest_route=\/wp\/v2\/types\/post"}],"author":[{"embeddable":true,"href":"https:\/\/noticiasbahia360.com.br\/index.php?rest_route=\/wp\/v2\/users\/1"}],"replies":[{"embeddable":true,"href":"https:\/\/noticiasbahia360.com.br\/index.php?rest_route=%2Fwp%2Fv2%2Fcomments&post=91763"}],"version-history":[{"count":0,"href":"https:\/\/noticiasbahia360.com.br\/index.php?rest_route=\/wp\/v2\/posts\/91763\/revisions"}],"wp:featuredmedia":[{"embeddable":true,"href":"https:\/\/noticiasbahia360.com.br\/index.php?rest_route=\/wp\/v2\/media\/91764"}],"wp:attachment":[{"href":"https:\/\/noticiasbahia360.com.br\/index.php?rest_route=%2Fwp%2Fv2%2Fmedia&parent=91763"}],"wp:term":[{"taxonomy":"category","embeddable":true,"href":"https:\/\/noticiasbahia360.com.br\/index.php?rest_route=%2Fwp%2Fv2%2Fcategories&post=91763"},{"taxonomy":"post_tag","embeddable":true,"href":"https:\/\/noticiasbahia360.com.br\/index.php?rest_route=%2Fwp%2Fv2%2Ftags&post=91763"}],"curies":[{"name":"wp","href":"https:\/\/api.w.org\/{rel}","templated":true}]}} 