{"id":91765,"date":"2025-07-01T17:24:04","date_gmt":"2025-07-01T20:24:04","guid":{"rendered":"https:\/\/noticiasbahia360.com.br\/?p=91765"},"modified":"2025-07-01T17:24:04","modified_gmt":"2025-07-01T20:24:04","slug":"nova-autopsia-do-corpo-de-juliana-marins-sera-feita-no-rio-de-janeiro","status":"publish","type":"post","link":"https:\/\/noticiasbahia360.com.br\/?p=91765","title":{"rendered":"Nova aut\u00f3psia do corpo de Juliana Marins ser\u00e1 feita no Rio de Janeiro"},"content":{"rendered":"<div>\n<div>\n<figure><img decoding=\"async\" src=\"http:\/\/noticiasbahia360.com.br\/wp-content\/uploads\/2025\/07\/juliana-marins.jpg\" alt=\"juliana marins turista indon\u00e9sia\"><figcaption>Juliana Marins | Foto: Reprodu\u00e7\u00e3o\/Instagram<\/figcaption><\/figure>\n<\/div>\n<p><a href=\"https:\/\/api.whatsapp.com\/send?text=AGU%3A+nova+aut%C3%B3psia+do+corpo+de+Juliana+Marins+ser%C3%A1+feita+no+Rio+%7C+Ag%C3%AAncia+Brasil+%7C+Ag%C3%AAncia+Brasil+%7C+https%3A%2F%2Fagenciabrasil.ebc.com.br%2Fgeral%2Fnoticia%2F2025-07%2Fagu-nova-autopsia-do-corpo-de-juliana-marins-sera-feita-no-rio\" target=\"_blank\" rel=\"noreferrer noopener\"><\/a><a href=\"https:\/\/facebook.com\/sharer.php?u=https%3A%2F%2Fagenciabrasil.ebc.com.br%2Fgeral%2Fnoticia%2F2025-07%2Fagu-nova-autopsia-do-corpo-de-juliana-marins-sera-feita-no-rio&amp;t=AGU%3A+nova+aut%C3%B3psia+do+corpo+de+Juliana+Marins+ser%C3%A1+feita+no+Rio+%7C+Ag%C3%AAncia+Brasil\" target=\"_blank\" rel=\"noreferrer noopener\"><\/a><a href=\"https:\/\/twitter.com\/intent\/tweet?url=https%3A%2F%2Fagenciabrasil.ebc.com.br%2Fgeral%2Fnoticia%2F2025-07%2Fagu-nova-autopsia-do-corpo-de-juliana-marins-sera-feita-no-rio&amp;text=AGU%3A+nova+aut%C3%B3psia+do+corpo+de+Juliana+Marins+ser%C3%A1+feita+no+Rio+%7C+Ag%C3%AAncia+Brasil\" target=\"_blank\" rel=\"noreferrer noopener\"><\/a><a href=\"https:\/\/www.linkedin.com\/shareArticle?url=https%3A%2F%2Fagenciabrasil.ebc.com.br%2Fgeral%2Fnoticia%2F2025-07%2Fagu-nova-autopsia-do-corpo-de-juliana-marins-sera-feita-no-rio&amp;summary=AGU%3A+nova+aut%C3%B3psia+do+corpo+de+Juliana+Marins+ser%C3%A1+feita+no+Rio+%7C+Ag%C3%AAncia+Brasil\" target=\"_blank\" rel=\"noreferrer noopener\"><\/a>Ag\u00eancia Brasil \u2013 A <a href=\"https:\/\/www.acordacidade.com.br\/tag\/agu\/\">Advocacia Geral da Uni\u00e3o (AGU<\/a>) informou, em nota, que a nova aut\u00f3psia no corpo da brasileira Juliana Marins, \u201cser\u00e1 realizada no Rio de Janeiro, assim que o corpo chegar ao pa\u00eds.\u201d O pedido de novo exame \u00e9 da Defensoria P\u00fablica da Uni\u00e3o (DPU), a partir de\u00a0solicita\u00e7\u00e3o da fam\u00edlia de Juliana.<img decoding=\"async\" src=\"https:\/\/agenciabrasil.ebc.com.br\/ebc.png?id=1649105&amp;o=node\"><img decoding=\"async\" src=\"https:\/\/agenciabrasil.ebc.com.br\/ebc.gif?id=1649105&amp;o=node\"><\/p>\n<p>De acordo com o comunicado, \u201ca certid\u00e3o de \u00f3bito emitida pela Embaixada do Brasil em Jacarta baseou-se em aut\u00f3psia realizada pelas autoridades da Indon\u00e9sia, mas n\u00e3o trouxe informa\u00e7\u00f5es conclusivas sobre o momento exato do falecimento.\u201d<\/p>\n<p>Nesta tarde, a AGU, a DPU e representantes do estado do Rio de Janeiro est\u00e3o reunidos na 7\u00aa Vara Federal de Niter\u00f3i, que est\u00e1 cuidando da demanda.\u00a0 A aut\u00f3psia feita na Indon\u00e9sia descreve que Juliana Marins morreu entre 12 e 24 horas antes do corpo chegar ao servi\u00e7o legista, v\u00edtima de hemorragia provocada por trauma contundente. A fam\u00edlia pede que uma nova aut\u00f3psia seja feita no Brasil.\u00a0<\/p>\n<h2 class=\"wp-block-heading\" id=\"h-traslado\">Traslado<\/h2>\n<p>O avi\u00e3o com corpo de Juliana Marins tem pouso previsto para as 17h15 no Terminal 3 do Aeroporto Internacional de Guarulhos, em S\u00e3o Paulo, conforme<a href=\"https:\/\/agenciabrasil.ebc.com.br\/geral\/noticia\/2025-07\/corpo-de-juliana-marins-chega-nesta-terca-feira-ao-brasil\" target=\"_blank\" rel=\"noreferrer noopener\">\u00a0informou hoje<\/a>\u00a0a companhia Emirates, que est\u00e1 fazendo o traslado. Em seguida, o corpo seria trazido ao Rio de Janeiro.<\/p>\n<p>Juliana Marins caiu enquanto fazia uma trilha na cratera do Monte Rinjani, um vulc\u00e3o, na Indon\u00e9sia, na manh\u00e3 de s\u00e1bado, 21 de junho. Na segunda-feira (23), equipes de resgate localizaram a brasileira por meio de drone t\u00e9rmico. Naquele dia, ela ainda estava viva. O socorrista que fez o resgate do corpo s\u00f3 conseguiu chegar at\u00e9 ela no dia seguinte (24), quando Juliana j\u00e1 tinha morrido. A retirada s\u00f3 ocorreu no dia 25.<\/p>\n<p><em>Siga o Acorda Cidade no<\/em><a href=\"https:\/\/news.google.com\/search?q=acorda%20cidade&amp;hl=pt-BR&amp;gl=BR&amp;ceid=BR%3Apt-419\"><strong><em>\u00a0Google Not\u00edcias<\/em><\/strong><\/a><em>\u00a0e receba os principais destaques do dia. Participe tamb\u00e9m dos nossos canais no\u00a0<\/em><a href=\"https:\/\/whatsapp.com\/channel\/0029Va6Rb4v3WHTNnsh8WI3N\"><strong><em>WhatsApp<\/em><\/strong><\/a><em>\u00a0e\u00a0<\/em><a href=\"https:\/\/www.youtube.com\/@acordacidadenoticias\/videos\"><strong>Youtube<\/strong><\/a><em>\u00a0e grupo de\u00a0<\/em><a href=\"https:\/\/t.me\/+sSz0khrgARA0ZmRh\"><strong><em>Telegram<\/em><\/strong><\/a><em>.<\/em><\/p>\n<\/div>\n","protected":false},"excerpt":{"rendered":"<div>\n<div>\n<figure><img decoding=\"async\" src=\"https:\/\/uploads.acordacidade.com.br\/2025\/06\/juliana-marins.jpg\" alt=\"juliana marins turista indon\u00e9sia\"><figcaption>Juliana Marins | Foto: Reprodu\u00e7\u00e3o\/Instagram<\/figcaption><\/figure>\n<\/div>\n<p>A aut\u00f3psia feita na Indon\u00e9sia descreve que Juliana Marins morreu entre 12 e 24 horas antes do corpo chegar ao servi\u00e7o legista.<\/p><\/div>\n","protected":false},"author":1,"featured_media":91766,"comment_status":"closed","ping_status":"closed","sticky":false,"template":"","format":"gallery","meta":{"footnotes":""},"categories":[8,9,6,57,56,10],"tags":[],"class_list":["post-91765","post","type-post","status-publish","format-gallery","has-post-thumbnail","hentry","category-bahia","category-brasil","category-feira-de-santana","category-mundo","category-policia","category-politica","post_format-post-format-gallery"],"featured_image_urls":{"full":["https:\/\/noticiasbahia360.com.br\/wp-content\/uploads\/2025\/07\/juliana-marins.jpg",1200,600,false],"thumbnail":["https:\/\/noticiasbahia360.com.br\/wp-content\/uploads\/2025\/07\/juliana-marins-150x150.jpg",150,150,true],"medium":["https:\/\/noticiasbahia360.com.br\/wp-content\/uploads\/2025\/07\/juliana-marins-300x150.jpg",300,150,true],"medium_large":["https:\/\/noticiasbahia360.com.br\/wp-content\/uploads\/2025\/07\/juliana-marins-768x384.jpg",640,320,true],"large":["https:\/\/noticiasbahia360.com.br\/wp-content\/uploads\/2025\/07\/juliana-marins-1024x512.jpg",640,320,true],"1536x1536":["https:\/\/noticiasbahia360.com.br\/wp-content\/uploads\/2025\/07\/juliana-marins.jpg",1200,600,false],"2048x2048":["https:\/\/noticiasbahia360.com.br\/wp-content\/uploads\/2025\/07\/juliana-marins.jpg",1200,600,false],"chromenews-featured":["https:\/\/noticiasbahia360.com.br\/wp-content\/uploads\/2025\/07\/juliana-marins-1024x512.jpg",1024,512,true],"chromenews-large":["https:\/\/noticiasbahia360.com.br\/wp-content\/uploads\/2025\/07\/juliana-marins-825x575.jpg",825,575,true],"chromenews-medium":["https:\/\/noticiasbahia360.com.br\/wp-content\/uploads\/2025\/07\/juliana-marins-590x410.jpg",590,410,true]},"author_info":{"display_name":"noticiasbahia360.com.br","author_link":"https:\/\/noticiasbahia360.com.br\/?author=1"},"category_info":"<a href=\"https:\/\/noticiasbahia360.com.br\/?cat=8\" rel=\"category\">Bahia<\/a> <a href=\"https:\/\/noticiasbahia360.com.br\/?cat=9\" rel=\"category\">Brasil<\/a> <a href=\"https:\/\/noticiasbahia360.com.br\/?cat=6\" rel=\"category\">Feira de Santana<\/a> <a href=\"https:\/\/noticiasbahia360.com.br\/?cat=57\" rel=\"category\">Mundo<\/a> <a href=\"https:\/\/noticiasbahia360.com.br\/?cat=56\" rel=\"category\">Pol\u00edcia<\/a> <a href=\"https:\/\/noticiasbahia360.com.br\/?cat=10\" rel=\"category\">Pol\u00edtica<\/a>","tag_info":"Pol\u00edtica","comment_count":"0","_links":{"self":[{"href":"https:\/\/noticiasbahia360.com.br\/index.php?rest_route=\/wp\/v2\/posts\/91765","targetHints":{"allow":["GET"]}}],"collection":[{"href":"https:\/\/noticiasbahia360.com.br\/index.php?rest_route=\/wp\/v2\/posts"}],"about":[{"href":"https:\/\/noticiasbahia360.com.br\/index.php?rest_route=\/wp\/v2\/types\/post"}],"author":[{"embeddable":true,"href":"https:\/\/noticiasbahia360.com.br\/index.php?rest_route=\/wp\/v2\/users\/1"}],"replies":[{"embeddable":true,"href":"https:\/\/noticiasbahia360.com.br\/index.php?rest_route=%2Fwp%2Fv2%2Fcomments&post=91765"}],"version-history":[{"count":0,"href":"https:\/\/noticiasbahia360.com.br\/index.php?rest_route=\/wp\/v2\/posts\/91765\/revisions"}],"wp:featuredmedia":[{"embeddable":true,"href":"https:\/\/noticiasbahia360.com.br\/index.php?rest_route=\/wp\/v2\/media\/91766"}],"wp:attachment":[{"href":"https:\/\/noticiasbahia360.com.br\/index.php?rest_route=%2Fwp%2Fv2%2Fmedia&parent=91765"}],"wp:term":[{"taxonomy":"category","embeddable":true,"href":"https:\/\/noticiasbahia360.com.br\/index.php?rest_route=%2Fwp%2Fv2%2Fcategories&post=91765"},{"taxonomy":"post_tag","embeddable":true,"href":"https:\/\/noticiasbahia360.com.br\/index.php?rest_route=%2Fwp%2Fv2%2Ftags&post=91765"}],"curies":[{"name":"wp","href":"https:\/\/api.w.org\/{rel}","templated":true}]}}