{"id":91767,"date":"2025-07-01T17:42:52","date_gmt":"2025-07-01T20:42:52","guid":{"rendered":"https:\/\/noticiasbahia360.com.br\/?p=91767"},"modified":"2025-07-01T17:42:52","modified_gmt":"2025-07-01T20:42:52","slug":"ministro-veta-depoimentos-de-filhos-de-bolsonaro-em-plano-de-golpe","status":"publish","type":"post","link":"https:\/\/noticiasbahia360.com.br\/?p=91767","title":{"rendered":"Ministro veta depoimentos de filhos de Bolsonaro em plano de golpe"},"content":{"rendered":"<div>\n<div>\n<figure><img decoding=\"async\" src=\"http:\/\/noticiasbahia360.com.br\/wp-content\/uploads\/2025\/07\/Alexandre-de-Moraes-.webp\" alt=\"Ministro Alexandre de Moraes\"><figcaption>Alexandre de Moraes | Foto: Valter Campanato\/Ag\u00eancia Brasil<\/figcaption><\/figure>\n<\/div>\n<p>Ag\u00eancia Brasil \u2013 <strong>O ministro Alexandre de Moraes, do <a href=\"https:\/\/www.acordacidade.com.br\/tag\/stf\/\">Supremo Tribunal Federal (STF)<\/a>, decidiu nesta ter\u00e7a-feira (1\u00b0) vetar os depoimentos de dois filhos do ex-presidente Jair Bolsonaro como testemunhas na a\u00e7\u00e3o penal da trama golpista.<\/strong><img decoding=\"async\" src=\"https:\/\/agenciabrasil.ebc.com.br\/ebc.png?id=1649108&amp;o=node\"><img decoding=\"async\" src=\"https:\/\/agenciabrasil.ebc.com.br\/ebc.gif?id=1649108&amp;o=node\"><\/p>\n<p>Na semana passada, o deputado federal Eduardo Bolsonaro (PL-RJ) e o vereador Carlos Bolsonaro (PL-RJ) foram arrolados como testemunhas de defesa de Filipe Martins, ex-assessor de assuntos internacionais do ex-presidente e um dos r\u00e9us do n\u00facleo 2 da den\u00fancia apresentada pela Procuradoria-Geral da Rep\u00fablica (PGR).\u00a0<\/p>\n<p><strong>Na decis\u00e3o, Moraes disse que Eduardo \u00e9 investigado na Corte pela suposta atua\u00e7\u00e3o perante o governo dos Estados Unidos para que autoridades adotem medidas contra o STF e Carlos foi indiciado no inqu\u00e9rito sobre o caso da espionagem ilegal na Ag\u00eancia Brasileira de Intelig\u00eancia (Abin), caso que ficou conhecido como \u201cAbin Paralela\u201d.<\/strong><\/p>\n<blockquote class=\"wp-block-quote is-layout-flow wp-block-quote-is-layout-flow\">\n<p>\u201cTodas investiga\u00e7\u00f5es s\u00e3o conexas. Ambos, tamb\u00e9m, s\u00e3o filhos de um dos investigados [Bolsonaro],\u00a0em a\u00e7\u00e3o penal conexa, portanto, n\u00e3o podem ser ouvidos como testemunhas\u201d, decidiu Moraes.<\/p>\n<\/blockquote>\n<p><strong>Os depoimentos das testemunhas de defesa e acusa\u00e7\u00e3o dos r\u00e9us do n\u00facleo 2 ser\u00e3o realizados entre os dias 14 e 21 de julho.\u00a0<\/strong><\/p>\n<p>Por estarem na condi\u00e7\u00e3o de testemunhas, as pessoas arroladas n\u00e3o poder\u00e3o mentir sobre os fatos que presenciaram.<\/p>\n<p><em>Siga o Acorda Cidade no<\/em><a href=\"https:\/\/news.google.com\/search?q=acorda%20cidade&amp;hl=pt-BR&amp;gl=BR&amp;ceid=BR%3Apt-419\"><strong><em>\u00a0Google Not\u00edcias<\/em><\/strong><\/a><em>\u00a0e receba os principais destaques do dia. Participe tamb\u00e9m dos nossos canais no\u00a0<\/em><a href=\"https:\/\/whatsapp.com\/channel\/0029Va6Rb4v3WHTNnsh8WI3N\"><strong><em>WhatsApp<\/em><\/strong><\/a><em>\u00a0e\u00a0<\/em><a href=\"https:\/\/www.youtube.com\/@acordacidadenoticias\/videos\"><strong>Youtube<\/strong><\/a><em>\u00a0e grupo de\u00a0<\/em><a href=\"https:\/\/t.me\/+sSz0khrgARA0ZmRh\"><strong><em>Telegram<\/em><\/strong><\/a><em>.<\/em><\/p>\n<\/div>\n","protected":false},"excerpt":{"rendered":"<div>\n<div>\n<figure><img decoding=\"async\" src=\"https:\/\/uploads.acordacidade.com.br\/2025\/07\/Alexandre-de-Moraes-.webp\" alt=\"Ministro Alexandre de Moraes\"><figcaption>Alexandre de Moraes | Foto: Valter Campanato\/Ag\u00eancia Brasil<\/figcaption><\/figure>\n<\/div>\n<p>Os depoimentos das testemunhas de defesa e acusa\u00e7\u00e3o dos r\u00e9us do n\u00facleo 2 ser\u00e3o realizados entre os dias 14 e 21 de julho.\u00a0<\/p><\/div>\n","protected":false},"author":1,"featured_media":91768,"comment_status":"closed","ping_status":"closed","sticky":false,"template":"","format":"gallery","meta":{"footnotes":""},"categories":[8,9,6,57,56,10],"tags":[],"class_list":["post-91767","post","type-post","status-publish","format-gallery","has-post-thumbnail","hentry","category-bahia","category-brasil","category-feira-de-santana","category-mundo","category-policia","category-politica","post_format-post-format-gallery"],"featured_image_urls":{"full":["https:\/\/noticiasbahia360.com.br\/wp-content\/uploads\/2025\/07\/Alexandre-de-Moraes-.webp",1200,718,false],"thumbnail":["https:\/\/noticiasbahia360.com.br\/wp-content\/uploads\/2025\/07\/Alexandre-de-Moraes--150x150.webp",150,150,true],"medium":["https:\/\/noticiasbahia360.com.br\/wp-content\/uploads\/2025\/07\/Alexandre-de-Moraes--300x180.webp",300,180,true],"medium_large":["https:\/\/noticiasbahia360.com.br\/wp-content\/uploads\/2025\/07\/Alexandre-de-Moraes--768x460.webp",640,383,true],"large":["https:\/\/noticiasbahia360.com.br\/wp-content\/uploads\/2025\/07\/Alexandre-de-Moraes--1024x613.webp",640,383,true],"1536x1536":["https:\/\/noticiasbahia360.com.br\/wp-content\/uploads\/2025\/07\/Alexandre-de-Moraes-.webp",1200,718,false],"2048x2048":["https:\/\/noticiasbahia360.com.br\/wp-content\/uploads\/2025\/07\/Alexandre-de-Moraes-.webp",1200,718,false],"chromenews-featured":["https:\/\/noticiasbahia360.com.br\/wp-content\/uploads\/2025\/07\/Alexandre-de-Moraes--1024x613.webp",1024,613,true],"chromenews-large":["https:\/\/noticiasbahia360.com.br\/wp-content\/uploads\/2025\/07\/Alexandre-de-Moraes--825x575.webp",825,575,true],"chromenews-medium":["https:\/\/noticiasbahia360.com.br\/wp-content\/uploads\/2025\/07\/Alexandre-de-Moraes--590x410.webp",590,410,true]},"author_info":{"display_name":"noticiasbahia360.com.br","author_link":"https:\/\/noticiasbahia360.com.br\/?author=1"},"category_info":"<a href=\"https:\/\/noticiasbahia360.com.br\/?cat=8\" rel=\"category\">Bahia<\/a> <a href=\"https:\/\/noticiasbahia360.com.br\/?cat=9\" rel=\"category\">Brasil<\/a> <a href=\"https:\/\/noticiasbahia360.com.br\/?cat=6\" rel=\"category\">Feira de Santana<\/a> <a href=\"https:\/\/noticiasbahia360.com.br\/?cat=57\" rel=\"category\">Mundo<\/a> <a href=\"https:\/\/noticiasbahia360.com.br\/?cat=56\" rel=\"category\">Pol\u00edcia<\/a> <a href=\"https:\/\/noticiasbahia360.com.br\/?cat=10\" rel=\"category\">Pol\u00edtica<\/a>","tag_info":"Pol\u00edtica","comment_count":"0","_links":{"self":[{"href":"https:\/\/noticiasbahia360.com.br\/index.php?rest_route=\/wp\/v2\/posts\/91767","targetHints":{"allow":["GET"]}}],"collection":[{"href":"https:\/\/noticiasbahia360.com.br\/index.php?rest_route=\/wp\/v2\/posts"}],"about":[{"href":"https:\/\/noticiasbahia360.com.br\/index.php?rest_route=\/wp\/v2\/types\/post"}],"author":[{"embeddable":true,"href":"https:\/\/noticiasbahia360.com.br\/index.php?rest_route=\/wp\/v2\/users\/1"}],"replies":[{"embeddable":true,"href":"https:\/\/noticiasbahia360.com.br\/index.php?rest_route=%2Fwp%2Fv2%2Fcomments&post=91767"}],"version-history":[{"count":0,"href":"https:\/\/noticiasbahia360.com.br\/index.php?rest_route=\/wp\/v2\/posts\/91767\/revisions"}],"wp:featuredmedia":[{"embeddable":true,"href":"https:\/\/noticiasbahia360.com.br\/index.php?rest_route=\/wp\/v2\/media\/91768"}],"wp:attachment":[{"href":"https:\/\/noticiasbahia360.com.br\/index.php?rest_route=%2Fwp%2Fv2%2Fmedia&parent=91767"}],"wp:term":[{"taxonomy":"category","embeddable":true,"href":"https:\/\/noticiasbahia360.com.br\/index.php?rest_route=%2Fwp%2Fv2%2Fcategories&post=91767"},{"taxonomy":"post_tag","embeddable":true,"href":"https:\/\/noticiasbahia360.com.br\/index.php?rest_route=%2Fwp%2Fv2%2Ftags&post=91767"}],"curies":[{"name":"wp","href":"https:\/\/api.w.org\/{rel}","templated":true}]}}