{"id":91775,"date":"2025-07-01T19:20:48","date_gmt":"2025-07-01T22:20:48","guid":{"rendered":"https:\/\/noticiasbahia360.com.br\/?p=91775"},"modified":"2025-07-01T19:20:48","modified_gmt":"2025-07-01T22:20:48","slug":"morte-de-pai-e-filho-acende-alerta-para-risco-de-choque-eletrico-eletricista-ensina-como-se-prevenir","status":"publish","type":"post","link":"https:\/\/noticiasbahia360.com.br\/?p=91775","title":{"rendered":"Morte de pai e filho acende alerta para risco de choque el\u00e9trico; eletricista ensina como se prevenir"},"content":{"rendered":"<div>\n<div>\n<figure><img decoding=\"async\" src=\"http:\/\/noticiasbahia360.com.br\/wp-content\/uploads\/2025\/07\/Pai-e-filho-morrem-eletrocutados-Foto-Ed-Santos-Acorda-Cidade-.jpg\" alt=\"Pai e filho morrem eletrocutados - Foto - Ed Santos - Acorda Cidade -- -\"><figcaption>Foto: Ed Santos\/Acorda Cidade<\/figcaption><\/figure>\n<\/div>\n<p>As mortes de <a href=\"https:\/\/www.acordacidade.com.br\/policia\/pai-e-filho-morrem-eletrocutados-por-fio-de-alta-tensao-em-feira-de-santana\/\" target=\"_blank\" rel=\"noreferrer noopener\">Jonathas Lima e do pequeno Bernardo Lima<\/a> reacenderam o alerta para os perigos do choque el\u00e9trico. <strong>Pai e filho morreram eletrocutados ap\u00f3s o caminh\u00e3o em que estavam tocar em um fio de alta tens\u00e3o<\/strong> no distrito de Maria Quit\u00e9ria, em Feira de Santana.<\/p>\n<div class=\"wp-block-group\">\n<div class=\"wp-block-group__inner-container is-layout-constrained wp-block-group-is-layout-constrained\">\n<h3 class=\"wp-block-heading\" id=\"h-relembre-o-caso\">Relembre o caso<\/h3>\n<p>Na manh\u00e3 da \u00faltima sexta-feira, dia 27 de junho, Jonathas realizava uma manobra em marcha r\u00e9 quando o caminh\u00e3o que conduzia encostou no fio de alta tens\u00e3o, que, segundo os moradores do local, j\u00e1 estava prestes a cair e abaixo da altura m\u00ednima estabelecida nas normas de seguran\u00e7a. <strong>O fio estava cerca de 4 metros do solo, quando a norma determina no m\u00ednimo de 10 a 12 metros.<\/strong><\/p>\n<figure class=\"wp-block-image size-full\"><img fetchpriority=\"high\" data-dominant-color=\"787772\" data-has-transparency=\"false\" style=\"--dominant-color: #787772;\" fetchpriority=\"high\" decoding=\"async\" width=\"1200\" height=\"675\" sizes=\"(max-width: 1200px) 100vw, 1200px\" src=\"http:\/\/noticiasbahia360.com.br\/wp-content\/uploads\/2025\/07\/tcZl1CfH-Pai-e-filho-morrem-Foto-Ed-Santos-Acorda-Cidade-.webp\" alt=\"Pai e filho\" class=\"wp-image-569672 not-transparent\" srcset=\"https:\/\/uploads.acordacidade.com.br\/2025\/06\/tcZl1CfH-Pai-e-filho-morrem-Foto-Ed-Santos-Acorda-Cidade--648x365.webp 648w, https:\/\/uploads.acordacidade.com.br\/2025\/06\/tcZl1CfH-Pai-e-filho-morrem-Foto-Ed-Santos-Acorda-Cidade--150x84.webp 150w, http:\/\/noticiasbahia360.com.br\/wp-content\/uploads\/2025\/07\/tcZl1CfH-Pai-e-filho-morrem-Foto-Ed-Santos-Acorda-Cidade-.webp 1200w\"><figcaption class=\"wp-element-caption\">Foto: Ed Santos\/Acorda Cidade <\/figcaption><\/figure>\n<p>Ap\u00f3s o fato, o garotinho, que tinha apenas 4 anos, desceu do ve\u00edculo e foi atingido pela descarga el\u00e9trica. Na tentativa de salvar o filho, Jonathas tamb\u00e9m desceu do ve\u00edculo e foi atingido na sequ\u00eancia. <strong>A tia da crian\u00e7a, que estava no caminh\u00e3o na hora do acidente, n\u00e3o desceu do ve\u00edculo e conseguiu sobreviver.<\/strong><\/p>\n<\/div>\n<\/div>\n<div class=\"wp-block-group\">\n<div class=\"wp-block-group__inner-container is-layout-constrained wp-block-group-is-layout-constrained\">\n<h3 class=\"wp-block-heading\" id=\"h-os-riscos-do-choque-eletrico\">Os riscos do choque el\u00e9trico<\/h3>\n<p>Entendendo a gravidade do caso, o Acorda Cidade resolveu conversar com o eletricista Rui M\u00e1rio Couto Bastos, que ministra cursos sobre riscos el\u00e9tricos, para entender quais foram os fatores que podem ter contribu\u00eddo para que uma das pessoas presentes no caminh\u00e3o no momento do acidente tenha sobrevivido ao epis\u00f3dio e quais pr\u00e1ticas devem ser adotadas para salvar vidas em situa\u00e7\u00f5es semelhantes.<\/p>\n<figure class=\"wp-block-image size-full\"><img data-dominant-color=\"95958a\" data-has-transparency=\"false\" style=\"--dominant-color: #95958a;\" decoding=\"async\" width=\"1200\" height=\"675\" sizes=\"(max-width: 1200px) 100vw, 1200px\" src=\"http:\/\/noticiasbahia360.com.br\/wp-content\/uploads\/2025\/07\/Mario-Couto-Bastos-eletricista-foto-arquivo-pessoal-.jpg\" alt=\"pai e filho \" class=\"wp-image-570741 not-transparent\" srcset=\"https:\/\/uploads.acordacidade.com.br\/2025\/07\/Mario-Couto-Bastos-eletricista-foto-arquivo-pessoal--648x365.jpg 648w, https:\/\/uploads.acordacidade.com.br\/2025\/07\/Mario-Couto-Bastos-eletricista-foto-arquivo-pessoal--150x84.jpg 150w, http:\/\/noticiasbahia360.com.br\/wp-content\/uploads\/2025\/07\/Mario-Couto-Bastos-eletricista-foto-arquivo-pessoal-.jpg 1200w\"><figcaption class=\"wp-element-caption\">M\u00e1rio Couto Bastos, eletricista e professor de Seguran\u00e7a El\u00e9trica | Foto: Arquivo pessoal<\/figcaption><\/figure>\n<p>O professor come\u00e7ou esclarecendo que, apesar de o caminh\u00e3o estar todo eletrificado ap\u00f3s entrar em contato com o fio de alta tens\u00e3o, isso n\u00e3o necessariamente significa que a situa\u00e7\u00e3o n\u00e3o indica possibilidades de sobreviv\u00eancia. <strong>Para M\u00e1rio, ao contr\u00e1rio do que muitos podem pensar, o fato de estarem dentro do ve\u00edculo naquele momento significava que estavam protegidos.<\/strong><\/p>\n<p>\u201cVoc\u00ea fica isolado ali dentro por conta dos materiais isolantes presentes dentro do ve\u00edculo, como nos bancos, assentos e em outras coisas. J\u00e1 as partes met\u00e1licas t\u00eam uma certa energiza\u00e7\u00e3o, elas est\u00e3o energizadas e prontas para o potencial, ou seja, para que voc\u00ea [no ato de descuido] fa\u00e7a a <strong>diferen\u00e7a de potencial<\/strong>\u201d, disse.<\/p>\n<\/div>\n<\/div>\n<div class=\"wp-block-group\">\n<div class=\"wp-block-group__inner-container is-layout-constrained wp-block-group-is-layout-constrained\">\n<div class=\"wp-block-group\">\n<div class=\"wp-block-group__inner-container is-layout-constrained wp-block-group-is-layout-constrained\">\n<h3 class=\"wp-block-heading\" id=\"h-voce-sabe-o-que-e-diferenca-de-potencial\">Voc\u00ea sabe o que \u00e9 \u2018Diferen\u00e7a de Potencial\u2019?<\/h3>\n<p>O eletricista explicou que a <strong>diferen\u00e7a de potencial <\/strong>traz uma s\u00e9rie de efeitos terr\u00edveis para o ser humano e que ela ocorre justamente quando o corpo de uma pessoa, que possui uma carga el\u00e9trica [baix\u00edssima e de forma natural], entra em contato com uma alta tens\u00e3o, como as presentes nos fios da rede el\u00e9trica que podem chegar at\u00e9 17 mil volts.<\/p>\n<p>\u201cE desta forma ocorre a descarga el\u00e9trica ou o que n\u00f3s chamamos de <strong>corrente de fuga<\/strong>, que aparece imediatamente ap\u00f3s o contato. <strong>O fato de eles estarem dentro do carro os protegia<\/strong>, mas a precipita\u00e7\u00e3o do menino e a consequente atitude do pai foram fatais para os dois\u201d, disse.<\/p>\n<\/div>\n<\/div>\n<\/div>\n<\/div>\n<div class=\"wp-block-group\">\n<div class=\"wp-block-group__inner-container is-layout-constrained wp-block-group-is-layout-constrained\">\n<h3 class=\"wp-block-heading\" id=\"h-a-gaiola-de-faraday\">A Gaiola de Faraday<\/h3>\n<p>Durante a explica\u00e7\u00e3o sobre os perigos do caso, o eletricista considerou que o carro naquele momento funcionou como uma <strong>Gaiola de Faraday<\/strong>, uma esp\u00e9cie de <strong>gaiola blindada<\/strong>. Termo dado para descrever um fen\u00f4meno f\u00edsico que ocorre quando uma estrutura feita de material condutor, como o metal, presente na carroceria do caminh\u00e3o, protege o interior contra campos el\u00e9tricos externos, impedindo que a eletricidade penetre na estrutura.<\/p>\n<\/div>\n<\/div>\n<div class=\"wp-block-group\">\n<div class=\"wp-block-group__inner-container is-layout-constrained wp-block-group-is-layout-constrained\">\n<h3 class=\"wp-block-heading\" id=\"h-o-que-voce-nao-deve-fazer\">\u274cO que voc\u00ea n\u00e3o deve fazer<\/h3>\n<p>M\u00e1rio disse ao Acorda Cidade o que, sob hip\u00f3tese alguma, deve ser feito em uma situa\u00e7\u00e3o de grande perigo, como a que Jonathas e o filho Bernardo perderam a vida.<\/p>\n<p>\u201cNesse ambiente blindado,<strong> voc\u00ea n\u00e3o pode encostar nas partes met\u00e1licas ou partes que estejam ligadas ao motor do carro, como a marcha, vidros ou pedais. Voc\u00ea deve tirar o p\u00e9 de tudo.<\/strong> \u00c0s vezes o pedal tem uma prote\u00e7\u00e3o pl\u00e1stica ou t\u00e9rmica, mesmo assim, voc\u00ea n\u00e3o deve arriscar. Eu falei do vidro porque hoje em dia ele pode ser temperado, ou seja, tem ligas met\u00e1licas. Se ele n\u00e3o se fragmentar em pequenos peda\u00e7os, isso faz dele um condutor el\u00e9trico tamb\u00e9m\u201d, disse o professor.<\/p>\n<\/div>\n<\/div>\n<div class=\"wp-block-group\">\n<div class=\"wp-block-group__inner-container is-layout-constrained wp-block-group-is-layout-constrained\">\n<h3 class=\"wp-block-heading\" id=\"h-o-que-voce-deve-fazer\">\u2705O que voc\u00ea deve fazer<\/h3>\n<p><strong>O professor listou um passo a passo das condutas que uma pessoa deve adotar caso esteja em um ve\u00edculo que foi atingido por um fio el\u00e9trico ou suspeite que ele esteja energizado.<\/strong> Mario explicou que o primeiro grande conselho, apesar de parecer simples, \u00e9 manter a calma.<\/p>\n<p>\u201cSegundo, se poss\u00edvel, utilizar meios de sinaliza\u00e7\u00e3o de dentro do carro ou comunica\u00e7\u00e3o para que algu\u00e9m veja. Se voc\u00ea n\u00e3o tiver ningu\u00e9m pr\u00f3ximo, a\u00ed voc\u00ea deve arriscar a utilizar o celular, <strong>que tamb\u00e9m \u00e9 outra fonte<\/strong> <strong>[que pode esta energizado]<\/strong>, s\u00f3 que voc\u00ea est\u00e1 protegido naquela gaiola blindada, aparentemente isolado; a\u00ed voc\u00ea pode arriscar chamar uma autoridade, ou bombeiros, ou emerg\u00eancia, para prestar os primeiros socorros\u201d.<\/p>\n<\/div>\n<\/div>\n<div class=\"wp-block-group\">\n<div class=\"wp-block-group__inner-container is-layout-constrained wp-block-group-is-layout-constrained\">\n<h3 class=\"wp-block-heading\" id=\"h-os-raios\">Os Raios<\/h3>\n<p>Ap\u00f3s apresentar os cuidados caso um ve\u00edculo entre em contato com algum fio energizado da rede el\u00e9trica, o professor explicou que a situa\u00e7\u00e3o pode ser parecida, ou seja, oferecer os mesmos riscos, caso o ve\u00edculo seja atingido por um <strong>raio.<\/strong><\/p>\n<p>\u201cQuando um raio cai em determinado local, ele energiza uma \u00e1rea de mais ou menos 50 metros do ponto que atingiu, e esta \u00e1rea permanece por alguns segundos energizada. Se voc\u00ea tentar correr, vai provocar diferen\u00e7a de potencial e vai receber esse choque. Geralmente, um raio \u00e9 composto por mais de 1 milh\u00e3o de volts. E a\u00ed \u00e9 fatal tamb\u00e9m\u201d, disse o eletricista.<\/p>\n<h3 class=\"wp-block-heading\" id=\"h-justica\">Justi\u00e7a<\/h3>\n<p>M\u00e1rio reconheceu que, apesar do tema ser muito delicado, ele acredita que a concession\u00e1ria, que \u00e9 respons\u00e1vel por manter a rede el\u00e9trica em um n\u00edvel de funcionamento adequado, pode ter responsabilidade, em algum grau, pelo que ocorreu. <\/p>\n<p>O professor lembrou que tanto a empresa de energia que atua no estado da Bahia quanto a Ag\u00eancia Nacional de Energia El\u00e9trica (Aneel) possuem normas bem espec\u00edficas que devem ser seguidas para garantir a seguran\u00e7a da popula\u00e7\u00e3o.<\/p>\n<p>\u201cEm rela\u00e7\u00e3o \u00e0 parte legal, a\u00ed cabe \u00e0 justi\u00e7a ou ao Minist\u00e9rio P\u00fablico tomar as devidas provid\u00eancias, porque houve v\u00edtima, foi uma fam\u00edlia que foi destru\u00edda, e \u00e9 necess\u00e1rio realmente eles intervirem nesse processo para que a justi\u00e7a seja feita\u201d, concluiu o eletricista.<\/p>\n<div class=\"wp-block-group\">\n<div class=\"wp-block-group__inner-container is-layout-constrained wp-block-group-is-layout-constrained\">\n<p><strong>Leia tamb\u00e9m:<\/strong><\/p>\n<p><a href=\"https:\/\/www.acordacidade.com.br\/feira-de-santana\/pai-e-filho-mortos-por-descarga-eletrica-sao-sepultados-em-feira-de-santana-familia-acusa-coelba-de-negligencia\/\">Pai e filho mortos por descarga el\u00e9trica s\u00e3o sepultados em Feira de Santana; fam\u00edlia acusa Coelba de neglig\u00eancia<\/a><\/p>\n<p><a href=\"https:\/\/www.acordacidade.com.br\/policia\/pai-e-filho-morrem-eletrocutados-por-fio-de-alta-tensao-em-feira-de-santana\/\" target=\"_blank\" rel=\"noreferrer noopener\">Pai e filho morrem eletrocutados por fio de alta tens\u00e3o em Feira de Santana<\/a><\/p>\n<div class=\"wp-block-group\">\n<div class=\"wp-block-group__inner-container is-layout-constrained wp-block-group-is-layout-constrained\">\n<p><em>Com informa\u00e7\u00f5es da jornalista Iasmim Santos do Acorda Cidade <\/em><\/p>\n<p><em>Reportagem escrita pelo estagi\u00e1rio de jornalismo Jefferson Ara\u00fajo sob supervis\u00e3o <\/em><\/p>\n<p><em>Siga o Acorda Cidade no<\/em><a href=\"https:\/\/news.google.com\/search?q=acorda%20cidade&amp;hl=pt-BR&amp;gl=BR&amp;ceid=BR%3Apt-419\"><strong><em>\u00a0Google Not\u00edcias<\/em><\/strong><\/a><em>\u00a0e receba os principais destaques do dia. Participe tamb\u00e9m dos nossos canais no\u00a0<\/em><a href=\"https:\/\/www.whatsapp.com\/channel\/0029Va6Rb4v3WHTNnsh8WI3N\"><strong><em>WhatsApp<\/em><\/strong><\/a><em>\u00a0e\u00a0<\/em><a href=\"https:\/\/www.youtube.com\/@acordacidadenoticias\/videos\"><strong>YouTube<\/strong><\/a><em>\u00a0e grupo de\u00a0<\/em><a href=\"https:\/\/t.me\/+sSz0khrgARA0ZmRh\"><strong><em>Telegram<\/em><\/strong><\/a><\/p>\n<\/div>\n<\/div>\n<\/div>\n<\/div>\n<\/div>\n<\/div>\n<\/div>\n","protected":false},"excerpt":{"rendered":"<div>\n<div>\n<figure><img decoding=\"async\" src=\"https:\/\/uploads.acordacidade.com.br\/2025\/06\/Pai-e-filho-morrem-eletrocutados-Foto-Ed-Santos-Acorda-Cidade-.jpg\" alt=\"Pai e filho morrem eletrocutados - Foto - Ed Santos - Acorda Cidade -- -\"><figcaption>Foto: Ed Santos\/Acorda Cidade<\/figcaption><\/figure>\n<\/div>\n<p>Jonathas Lima e do pequeno Bernardo Lima morreram eletrocutados na manh\u00e3 da \u00faltima sexta-feira (27), em Feira de Santana.<\/p><\/div>\n","protected":false},"author":1,"featured_media":91776,"comment_status":"closed","ping_status":"closed","sticky":false,"template":"","format":"gallery","meta":{"footnotes":""},"categories":[8,9,6,57,56,10],"tags":[],"class_list":["post-91775","post","type-post","status-publish","format-gallery","has-post-thumbnail","hentry","category-bahia","category-brasil","category-feira-de-santana","category-mundo","category-policia","category-politica","post_format-post-format-gallery"],"featured_image_urls":{"full":["https:\/\/noticiasbahia360.com.br\/wp-content\/uploads\/2025\/07\/Pai-e-filho-morrem-eletrocutados-Foto-Ed-Santos-Acorda-Cidade-.jpg",1200,675,false],"thumbnail":["https:\/\/noticiasbahia360.com.br\/wp-content\/uploads\/2025\/07\/Pai-e-filho-morrem-eletrocutados-Foto-Ed-Santos-Acorda-Cidade--150x150.jpg",150,150,true],"medium":["https:\/\/noticiasbahia360.com.br\/wp-content\/uploads\/2025\/07\/Pai-e-filho-morrem-eletrocutados-Foto-Ed-Santos-Acorda-Cidade--300x169.jpg",300,169,true],"medium_large":["https:\/\/noticiasbahia360.com.br\/wp-content\/uploads\/2025\/07\/Pai-e-filho-morrem-eletrocutados-Foto-Ed-Santos-Acorda-Cidade--768x432.jpg",640,360,true],"large":["https:\/\/noticiasbahia360.com.br\/wp-content\/uploads\/2025\/07\/Pai-e-filho-morrem-eletrocutados-Foto-Ed-Santos-Acorda-Cidade--1024x576.jpg",640,360,true],"1536x1536":["https:\/\/noticiasbahia360.com.br\/wp-content\/uploads\/2025\/07\/Pai-e-filho-morrem-eletrocutados-Foto-Ed-Santos-Acorda-Cidade-.jpg",1200,675,false],"2048x2048":["https:\/\/noticiasbahia360.com.br\/wp-content\/uploads\/2025\/07\/Pai-e-filho-morrem-eletrocutados-Foto-Ed-Santos-Acorda-Cidade-.jpg",1200,675,false],"chromenews-featured":["https:\/\/noticiasbahia360.com.br\/wp-content\/uploads\/2025\/07\/Pai-e-filho-morrem-eletrocutados-Foto-Ed-Santos-Acorda-Cidade--1024x576.jpg",1024,576,true],"chromenews-large":["https:\/\/noticiasbahia360.com.br\/wp-content\/uploads\/2025\/07\/Pai-e-filho-morrem-eletrocutados-Foto-Ed-Santos-Acorda-Cidade--825x575.jpg",825,575,true],"chromenews-medium":["https:\/\/noticiasbahia360.com.br\/wp-content\/uploads\/2025\/07\/Pai-e-filho-morrem-eletrocutados-Foto-Ed-Santos-Acorda-Cidade--590x410.jpg",590,410,true]},"author_info":{"display_name":"noticiasbahia360.com.br","author_link":"https:\/\/noticiasbahia360.com.br\/?author=1"},"category_info":"<a href=\"https:\/\/noticiasbahia360.com.br\/?cat=8\" rel=\"category\">Bahia<\/a> <a href=\"https:\/\/noticiasbahia360.com.br\/?cat=9\" rel=\"category\">Brasil<\/a> <a href=\"https:\/\/noticiasbahia360.com.br\/?cat=6\" rel=\"category\">Feira de Santana<\/a> <a href=\"https:\/\/noticiasbahia360.com.br\/?cat=57\" rel=\"category\">Mundo<\/a> <a href=\"https:\/\/noticiasbahia360.com.br\/?cat=56\" rel=\"category\">Pol\u00edcia<\/a> <a href=\"https:\/\/noticiasbahia360.com.br\/?cat=10\" rel=\"category\">Pol\u00edtica<\/a>","tag_info":"Pol\u00edtica","comment_count":"0","_links":{"self":[{"href":"https:\/\/noticiasbahia360.com.br\/index.php?rest_route=\/wp\/v2\/posts\/91775","targetHints":{"allow":["GET"]}}],"collection":[{"href":"https:\/\/noticiasbahia360.com.br\/index.php?rest_route=\/wp\/v2\/posts"}],"about":[{"href":"https:\/\/noticiasbahia360.com.br\/index.php?rest_route=\/wp\/v2\/types\/post"}],"author":[{"embeddable":true,"href":"https:\/\/noticiasbahia360.com.br\/index.php?rest_route=\/wp\/v2\/users\/1"}],"replies":[{"embeddable":true,"href":"https:\/\/noticiasbahia360.com.br\/index.php?rest_route=%2Fwp%2Fv2%2Fcomments&post=91775"}],"version-history":[{"count":0,"href":"https:\/\/noticiasbahia360.com.br\/index.php?rest_route=\/wp\/v2\/posts\/91775\/revisions"}],"wp:featuredmedia":[{"embeddable":true,"href":"https:\/\/noticiasbahia360.com.br\/index.php?rest_route=\/wp\/v2\/media\/91776"}],"wp:attachment":[{"href":"https:\/\/noticiasbahia360.com.br\/index.php?rest_route=%2Fwp%2Fv2%2Fmedia&parent=91775"}],"wp:term":[{"taxonomy":"category","embeddable":true,"href":"https:\/\/noticiasbahia360.com.br\/index.php?rest_route=%2Fwp%2Fv2%2Fcategories&post=91775"},{"taxonomy":"post_tag","embeddable":true,"href":"https:\/\/noticiasbahia360.com.br\/index.php?rest_route=%2Fwp%2Fv2%2Ftags&post=91775"}],"curies":[{"name":"wp","href":"https:\/\/api.w.org\/{rel}","templated":true}]}}