{"id":91779,"date":"2025-07-01T19:27:17","date_gmt":"2025-07-01T22:27:17","guid":{"rendered":"https:\/\/noticiasbahia360.com.br\/?p=91779"},"modified":"2025-07-01T19:27:17","modified_gmt":"2025-07-01T22:27:17","slug":"minha-casa-minha-vida-prefeitura-divulga-convocacao-para-etapa-de-entrega-de-documentos-nesta-quarta-2","status":"publish","type":"post","link":"https:\/\/noticiasbahia360.com.br\/?p=91779","title":{"rendered":"Minha Casa, Minha Vida: Prefeitura divulga convoca\u00e7\u00e3o para etapa de entrega de documentos nesta quarta (2)"},"content":{"rendered":"<div>\n<div>\n<figure><img decoding=\"async\" src=\"http:\/\/noticiasbahia360.com.br\/wp-content\/uploads\/2025\/07\/MCMV-Minha-Casa-Minha-Vida-foto-Foto-Aescom-MCid-01.jpg\" alt=\"MCMV Minha Casa Minha Vida documento\"><figcaption>Foto: Aescom MCid <\/figcaption><\/figure>\n<\/div>\n<p>Quem n\u00e3o comparecer no dia e hor\u00e1rio agendados ser\u00e1 considerado desistente<br \/>A Prefeitura de Feira de Santana, por meio da Secretaria Municipal de Habita\u00e7\u00e3o e Regulariza\u00e7\u00e3o Fundi\u00e1ria, vai publicar nesta quarta-feira, 2 de julho, no Di\u00e1rio Oficial Eletr\u00f4nico do Munic\u00edpio, a lista oficial dos candidatos pr\u00e9-selecionados e do cadastro de reserva do Programa Minha Casa, Minha Vida \u2013 Edi\u00e7\u00e3o 2025, convocados para a pr\u00f3xima etapa do processo: a verifica\u00e7\u00e3o documental.<\/p>\n<p>A convoca\u00e7\u00e3o segue crit\u00e9rios estabelecidos pela Lei Federal n\u00ba 14.620\/2023, Portaria n\u00ba 738\/2024 do Minist\u00e9rio das Cidades, Portaria Conjunta MDS\/MCID\/MDHC n\u00ba 4\/2025 e Portaria Municipal n\u00ba 561\/2025.<\/p>\n<h2 class=\"wp-block-heading\" id=\"h-etapa-de-entrega-de-documentos\">Etapa de entrega de documentos<\/h2>\n<p>A partir da publica\u00e7\u00e3o da lista, os candidatos dever\u00e3o comparecer \u00e0 sede da Secretaria de Habita\u00e7\u00e3o, localizada na Av. Senhor dos Passos, n\u00ba 212 \u2013 Centro, na data e hor\u00e1rio agendados, que constar\u00e3o no pr\u00f3prio edital. A etapa \u00e9 obrigat\u00f3ria para confirma\u00e7\u00e3o das informa\u00e7\u00f5es prestadas na inscri\u00e7\u00e3o e continuidade no processo de sele\u00e7\u00e3o.<\/p>\n<h2 class=\"wp-block-heading\" id=\"h-documentos-exigidos-incluem\">Documentos exigidos incluem:<\/h2>\n<ul class=\"wp-block-list\">\n<li>Documento de identidade com foto e CPF;<\/li>\n<li>Certid\u00e3o de casamento, div\u00f3rcio, \u00f3bito ou declara\u00e7\u00e3o de uni\u00e3o est\u00e1vel (conforme o caso);<\/li>\n<li>Laudos m\u00e9dicos (para candidatos com defici\u00eancia, doen\u00e7as raras, c\u00e2ncer ou cr\u00f4nicas);<\/li>\n<li>Folha resumo atualizada do Cad\u00danico;<\/li>\n<li>Comprovante de resid\u00eancia recente (emitido h\u00e1 no m\u00e1ximo 90 dias);<\/li>\n<li>Documenta\u00e7\u00e3o espec\u00edfica para fam\u00edlias em situa\u00e7\u00e3o de rua, \u00e1reas de risco ou com crian\u00e7as na composi\u00e7\u00e3o familiar.<\/li>\n<\/ul>\n<p><strong>A apresenta\u00e7\u00e3o dos documentos originais \u00e9 obrigat\u00f3ria. C\u00f3pias sem apresenta\u00e7\u00e3o dos originais ou protocolos n\u00e3o ser\u00e3o aceitos.<\/strong><\/p>\n<h2 class=\"wp-block-heading\" id=\"h-prazos-e-desistencia\">Prazos e desist\u00eancia<\/h2>\n<p>Quem n\u00e3o comparecer no dia e hor\u00e1rio agendados ser\u00e1 considerado desistente, salvo casos excepcionais devidamente justificados em at\u00e9 10 dias corridos ap\u00f3s a data marcada. J\u00e1 os candidatos que comparecerem, mas n\u00e3o apresentarem toda a documenta\u00e7\u00e3o, ter\u00e3o 20 dias para regulariza\u00e7\u00e3o.<\/p>\n<h2 class=\"wp-block-heading\" id=\"h-empreendimentos-contemplados\">Empreendimentos contemplados<\/h2>\n<p><strong>Ser\u00e3o contemplados moradores nos seguintes residenciais:<\/strong><\/p>\n<ul class=\"wp-block-list\">\n<li>Vivendas Panorama I e II \u2013 Bairro Liberdade<\/li>\n<li>Rio de Janeiro I e II \u2013 Bairro Gabriela<\/li>\n<li>Parque Sabi\u00e1 \u2013 Bairro Pedra Ferrada<\/li>\n<li>Parque das Cam\u00e9lias I e II \u2013 Bairro Lagoa do Suba\u00e9<\/li>\n<li>Lagoa Encantada \u2013 Bairro Campo Limpo<\/li>\n<li>Ao todo, s\u00e3o 1.961 unidades habitacionais. A distribui\u00e7\u00e3o dos benefici\u00e1rios foi feita priorizando a proximidade entre o endere\u00e7o informado no cadastro e o local do empreendimento.<\/li>\n<\/ul>\n<h2 class=\"wp-block-heading\" id=\"h-cadastro-de-reserva\">Cadastro de reserva<\/h2>\n<p>Conforme determina a legisla\u00e7\u00e3o federal, est\u00e3o sendo convocados tamb\u00e9m 30% de candidatos na condi\u00e7\u00e3o de cadastro de reserva, que poder\u00e3o ser chamados em caso de desist\u00eancia ou desclassifica\u00e7\u00e3o dos titulares. Os suplentes n\u00e3o aproveitados permanecer\u00e3o no cadastro habitacional do munic\u00edpio para futuras sele\u00e7\u00f5es.<\/p>\n<p><em>As informa\u00e7\u00f5es s\u00e3o da Secretaria Municipal de Comunica\u00e7\u00e3o<\/em><\/p>\n<p><em>Siga o Acorda Cidade no<\/em><a href=\"https:\/\/news.google.com\/search?q=acorda%20cidade&amp;hl=pt-BR&amp;gl=BR&amp;ceid=BR%3Apt-419\"><strong><em>\u00a0Google Not\u00edcias<\/em><\/strong><\/a><em>\u00a0e receba os principais destaques do dia. Participe tamb\u00e9m dos nossos canais no\u00a0<\/em><a href=\"https:\/\/www.whatsapp.com\/channel\/0029Va6Rb4v3WHTNnsh8WI3N\"><strong><em>WhatsApp<\/em><\/strong><\/a><em>\u00a0e\u00a0<\/em><a href=\"https:\/\/www.youtube.com\/@acordacidadenoticias\/videos\"><strong>Youtube<\/strong><\/a><em>\u00a0e grupo de\u00a0<\/em><a href=\"https:\/\/t.me\/+sSz0khrgARA0ZmRh\"><strong><em>Telegram<\/em><\/strong><\/a><em>.<\/em><\/p>\n<\/div>\n","protected":false},"excerpt":{"rendered":"<div>\n<div>\n<figure><img decoding=\"async\" src=\"https:\/\/uploads.acordacidade.com.br\/2025\/04\/MCMV-Minha-Casa-Minha-Vida-foto-Foto-Aescom-MCid-01.jpg\" alt=\"MCMV Minha Casa Minha Vida documento\"><figcaption>Foto: Aescom MCid <\/figcaption><\/figure>\n<\/div>\n<p>A apresenta\u00e7\u00e3o dos documentos originais \u00e9 obrigat\u00f3ria. C\u00f3pias sem apresenta\u00e7\u00e3o dos originais ou protocolos n\u00e3o ser\u00e3o aceitos.<\/p><\/div>\n","protected":false},"author":1,"featured_media":91780,"comment_status":"closed","ping_status":"closed","sticky":false,"template":"","format":"gallery","meta":{"footnotes":""},"categories":[8,9,6,57,56,10],"tags":[],"class_list":["post-91779","post","type-post","status-publish","format-gallery","has-post-thumbnail","hentry","category-bahia","category-brasil","category-feira-de-santana","category-mundo","category-policia","category-politica","post_format-post-format-gallery"],"featured_image_urls":{"full":["https:\/\/noticiasbahia360.com.br\/wp-content\/uploads\/2025\/07\/MCMV-Minha-Casa-Minha-Vida-foto-Foto-Aescom-MCid-01.jpg",1200,695,false],"thumbnail":["https:\/\/noticiasbahia360.com.br\/wp-content\/uploads\/2025\/07\/MCMV-Minha-Casa-Minha-Vida-foto-Foto-Aescom-MCid-01-150x150.jpg",150,150,true],"medium":["https:\/\/noticiasbahia360.com.br\/wp-content\/uploads\/2025\/07\/MCMV-Minha-Casa-Minha-Vida-foto-Foto-Aescom-MCid-01-300x174.jpg",300,174,true],"medium_large":["https:\/\/noticiasbahia360.com.br\/wp-content\/uploads\/2025\/07\/MCMV-Minha-Casa-Minha-Vida-foto-Foto-Aescom-MCid-01-768x445.jpg",640,371,true],"large":["https:\/\/noticiasbahia360.com.br\/wp-content\/uploads\/2025\/07\/MCMV-Minha-Casa-Minha-Vida-foto-Foto-Aescom-MCid-01-1024x593.jpg",640,371,true],"1536x1536":["https:\/\/noticiasbahia360.com.br\/wp-content\/uploads\/2025\/07\/MCMV-Minha-Casa-Minha-Vida-foto-Foto-Aescom-MCid-01.jpg",1200,695,false],"2048x2048":["https:\/\/noticiasbahia360.com.br\/wp-content\/uploads\/2025\/07\/MCMV-Minha-Casa-Minha-Vida-foto-Foto-Aescom-MCid-01.jpg",1200,695,false],"chromenews-featured":["https:\/\/noticiasbahia360.com.br\/wp-content\/uploads\/2025\/07\/MCMV-Minha-Casa-Minha-Vida-foto-Foto-Aescom-MCid-01-1024x593.jpg",1024,593,true],"chromenews-large":["https:\/\/noticiasbahia360.com.br\/wp-content\/uploads\/2025\/07\/MCMV-Minha-Casa-Minha-Vida-foto-Foto-Aescom-MCid-01-825x575.jpg",825,575,true],"chromenews-medium":["https:\/\/noticiasbahia360.com.br\/wp-content\/uploads\/2025\/07\/MCMV-Minha-Casa-Minha-Vida-foto-Foto-Aescom-MCid-01-590x410.jpg",590,410,true]},"author_info":{"display_name":"noticiasbahia360.com.br","author_link":"https:\/\/noticiasbahia360.com.br\/?author=1"},"category_info":"<a href=\"https:\/\/noticiasbahia360.com.br\/?cat=8\" rel=\"category\">Bahia<\/a> <a href=\"https:\/\/noticiasbahia360.com.br\/?cat=9\" rel=\"category\">Brasil<\/a> <a href=\"https:\/\/noticiasbahia360.com.br\/?cat=6\" rel=\"category\">Feira de Santana<\/a> <a href=\"https:\/\/noticiasbahia360.com.br\/?cat=57\" rel=\"category\">Mundo<\/a> <a href=\"https:\/\/noticiasbahia360.com.br\/?cat=56\" rel=\"category\">Pol\u00edcia<\/a> <a href=\"https:\/\/noticiasbahia360.com.br\/?cat=10\" rel=\"category\">Pol\u00edtica<\/a>","tag_info":"Pol\u00edtica","comment_count":"0","_links":{"self":[{"href":"https:\/\/noticiasbahia360.com.br\/index.php?rest_route=\/wp\/v2\/posts\/91779","targetHints":{"allow":["GET"]}}],"collection":[{"href":"https:\/\/noticiasbahia360.com.br\/index.php?rest_route=\/wp\/v2\/posts"}],"about":[{"href":"https:\/\/noticiasbahia360.com.br\/index.php?rest_route=\/wp\/v2\/types\/post"}],"author":[{"embeddable":true,"href":"https:\/\/noticiasbahia360.com.br\/index.php?rest_route=\/wp\/v2\/users\/1"}],"replies":[{"embeddable":true,"href":"https:\/\/noticiasbahia360.com.br\/index.php?rest_route=%2Fwp%2Fv2%2Fcomments&post=91779"}],"version-history":[{"count":0,"href":"https:\/\/noticiasbahia360.com.br\/index.php?rest_route=\/wp\/v2\/posts\/91779\/revisions"}],"wp:featuredmedia":[{"embeddable":true,"href":"https:\/\/noticiasbahia360.com.br\/index.php?rest_route=\/wp\/v2\/media\/91780"}],"wp:attachment":[{"href":"https:\/\/noticiasbahia360.com.br\/index.php?rest_route=%2Fwp%2Fv2%2Fmedia&parent=91779"}],"wp:term":[{"taxonomy":"category","embeddable":true,"href":"https:\/\/noticiasbahia360.com.br\/index.php?rest_route=%2Fwp%2Fv2%2Fcategories&post=91779"},{"taxonomy":"post_tag","embeddable":true,"href":"https:\/\/noticiasbahia360.com.br\/index.php?rest_route=%2Fwp%2Fv2%2Ftags&post=91779"}],"curies":[{"name":"wp","href":"https:\/\/api.w.org\/{rel}","templated":true}]}}