{"id":91781,"date":"2025-07-01T19:39:23","date_gmt":"2025-07-01T22:39:23","guid":{"rendered":"https:\/\/noticiasbahia360.com.br\/?p=91781"},"modified":"2025-07-01T19:39:23","modified_gmt":"2025-07-01T22:39:23","slug":"lula-propoe-feriado-nacional-em-2-julho","status":"publish","type":"post","link":"https:\/\/noticiasbahia360.com.br\/?p=91781","title":{"rendered":"Lula prop\u00f5e feriado nacional em 2 julho"},"content":{"rendered":"<div>\n<div>\n<figure><img decoding=\"async\" src=\"http:\/\/noticiasbahia360.com.br\/wp-content\/uploads\/2025\/07\/XCsa6yM4-Lula-ft-ag-brasil.webp\" alt=\"Lula - Reciprocidade comercial\"><figcaption>Foto: Fabio Rodrigues-Pozzebom\/Ag\u00eancia Brasil <\/figcaption><\/figure>\n<\/div>\n<p>Ag\u00eancia Brasil \u2013 O presidente Luiz In\u00e1cio Lula da Silva encaminhou ao Congresso Nacional, nesta ter\u00e7a-feira (1\u00b0), um projeto de lei para tornar o dia 2 de julho feriado nacional da consolida\u00e7\u00e3o da independ\u00eancia do Brasil. A data marca a expuls\u00e3o definitiva das tropas portuguesas do Brasil, em 1823, um ano ap\u00f3s a Proclama\u00e7\u00e3o da Independ\u00eancia pelo imperador Pedro I, no dia 7 de setembro de 1822.<\/p>\n<p><strong>O dia 2 de julho marca a Independ\u00eancia da Bahia e \u00e9 feriado estadual.<\/strong><\/p>\n<p>\u201c\u00c9 verdade que D. Pedro fez o grito da Independ\u00eancia, todo mundo sabe disso, mas pouca gente sabe que foi no dia 2 de julho de 1823 que, na Bahia, os baianos conseguiram fazer com que os portugueses voltassem para Portugal definitivamente\u201d, afirma o presidente em v\u00eddeo postado nas redes sociais.<\/p>\n<p>Nas imagens, Lula aparece ao lado do ministro da Casa Civil, Rui Costa, e do l\u00edder do governo no Senado, Jacques Wagner (PT-BA), ambos ex-governadores baianos. O ministro da Secretaria de Comunica\u00e7\u00e3o Social da Presid\u00eancia, Sid\u00f4nio Palmeira, outro baiano, tamb\u00e9m acompanhava o presidente.<\/p>\n<p>\u201cIsso n\u00e3o \u00e9 conhecido da Hist\u00f3ria porque n\u00e3o est\u00e1 nos livros did\u00e1ticos brasileiros. A aprova\u00e7\u00e3o desse projeto e a promulga\u00e7\u00e3o v\u00e3o mostrar que al\u00e9m de D. Pedro, o povo baiano teve muito a ver com a nossa Independ\u00eancia\u201d, acrescentou Lula.<\/p>\n<p>O presidente embarcou nesta tarde para Salvador, onde cumprir\u00e1 agenda de celebra\u00e7\u00e3o do dia 2 de julho na Bahia. De l\u00e1, ele viajar\u00e1 diretamente a Buenos Aires, para participar da C\u00fapula do Mercosul, que ocorre nesta quinta-feira (3).<\/p>\n<p><em>Siga o Acorda Cidade no<\/em><a href=\"https:\/\/news.google.com\/search?q=acorda%20cidade&amp;hl=pt-BR&amp;gl=BR&amp;ceid=BR%3Apt-419\"><strong><em>\u00a0Google Not\u00edcias<\/em><\/strong><\/a><em>\u00a0e receba os principais destaques do dia. Participe tamb\u00e9m dos nossos canais no\u00a0<\/em><a href=\"https:\/\/www.whatsapp.com\/channel\/0029Va6Rb4v3WHTNnsh8WI3N\"><strong><em>WhatsApp<\/em><\/strong><\/a><em>\u00a0e\u00a0<\/em><a href=\"https:\/\/www.youtube.com\/@acordacidadenoticias\/videos\"><strong>Youtube<\/strong><\/a><em>\u00a0e grupo de\u00a0<\/em><a href=\"https:\/\/t.me\/+sSz0khrgARA0ZmRh\"><strong><em>Telegram<\/em><\/strong><\/a><em>.<\/em><a href=\"https:\/\/www.acordacidade.com.br\/colunas\/dilton-e-feito\/\"><\/a><\/p>\n<\/div>\n","protected":false},"excerpt":{"rendered":"<div>\n<div>\n<figure><img decoding=\"async\" src=\"https:\/\/uploads.acordacidade.com.br\/2025\/04\/XCsa6yM4-Lula-ft-ag-brasil.webp\" alt=\"Lula - Reciprocidade comercial\"><figcaption>Foto: Fabio Rodrigues-Pozzebom\/Ag\u00eancia Brasil <\/figcaption><\/figure>\n<\/div>\n<p>Presidente apresenta projeto de lei ao Congresso<\/p><\/div>\n","protected":false},"author":1,"featured_media":91782,"comment_status":"closed","ping_status":"closed","sticky":false,"template":"","format":"gallery","meta":{"footnotes":""},"categories":[8,9,6,57,56,10],"tags":[],"class_list":["post-91781","post","type-post","status-publish","format-gallery","has-post-thumbnail","hentry","category-bahia","category-brasil","category-feira-de-santana","category-mundo","category-policia","category-politica","post_format-post-format-gallery"],"featured_image_urls":{"full":["https:\/\/noticiasbahia360.com.br\/wp-content\/uploads\/2025\/07\/XCsa6yM4-Lula-ft-ag-brasil.webp",1200,669,false],"thumbnail":["https:\/\/noticiasbahia360.com.br\/wp-content\/uploads\/2025\/07\/XCsa6yM4-Lula-ft-ag-brasil-150x150.webp",150,150,true],"medium":["https:\/\/noticiasbahia360.com.br\/wp-content\/uploads\/2025\/07\/XCsa6yM4-Lula-ft-ag-brasil-300x167.webp",300,167,true],"medium_large":["https:\/\/noticiasbahia360.com.br\/wp-content\/uploads\/2025\/07\/XCsa6yM4-Lula-ft-ag-brasil-768x428.webp",640,357,true],"large":["https:\/\/noticiasbahia360.com.br\/wp-content\/uploads\/2025\/07\/XCsa6yM4-Lula-ft-ag-brasil-1024x571.webp",640,357,true],"1536x1536":["https:\/\/noticiasbahia360.com.br\/wp-content\/uploads\/2025\/07\/XCsa6yM4-Lula-ft-ag-brasil.webp",1200,669,false],"2048x2048":["https:\/\/noticiasbahia360.com.br\/wp-content\/uploads\/2025\/07\/XCsa6yM4-Lula-ft-ag-brasil.webp",1200,669,false],"chromenews-featured":["https:\/\/noticiasbahia360.com.br\/wp-content\/uploads\/2025\/07\/XCsa6yM4-Lula-ft-ag-brasil-1024x571.webp",1024,571,true],"chromenews-large":["https:\/\/noticiasbahia360.com.br\/wp-content\/uploads\/2025\/07\/XCsa6yM4-Lula-ft-ag-brasil-825x575.webp",825,575,true],"chromenews-medium":["https:\/\/noticiasbahia360.com.br\/wp-content\/uploads\/2025\/07\/XCsa6yM4-Lula-ft-ag-brasil-590x410.webp",590,410,true]},"author_info":{"display_name":"noticiasbahia360.com.br","author_link":"https:\/\/noticiasbahia360.com.br\/?author=1"},"category_info":"<a href=\"https:\/\/noticiasbahia360.com.br\/?cat=8\" rel=\"category\">Bahia<\/a> <a href=\"https:\/\/noticiasbahia360.com.br\/?cat=9\" rel=\"category\">Brasil<\/a> <a href=\"https:\/\/noticiasbahia360.com.br\/?cat=6\" rel=\"category\">Feira de Santana<\/a> <a href=\"https:\/\/noticiasbahia360.com.br\/?cat=57\" rel=\"category\">Mundo<\/a> <a href=\"https:\/\/noticiasbahia360.com.br\/?cat=56\" rel=\"category\">Pol\u00edcia<\/a> <a href=\"https:\/\/noticiasbahia360.com.br\/?cat=10\" rel=\"category\">Pol\u00edtica<\/a>","tag_info":"Pol\u00edtica","comment_count":"0","_links":{"self":[{"href":"https:\/\/noticiasbahia360.com.br\/index.php?rest_route=\/wp\/v2\/posts\/91781","targetHints":{"allow":["GET"]}}],"collection":[{"href":"https:\/\/noticiasbahia360.com.br\/index.php?rest_route=\/wp\/v2\/posts"}],"about":[{"href":"https:\/\/noticiasbahia360.com.br\/index.php?rest_route=\/wp\/v2\/types\/post"}],"author":[{"embeddable":true,"href":"https:\/\/noticiasbahia360.com.br\/index.php?rest_route=\/wp\/v2\/users\/1"}],"replies":[{"embeddable":true,"href":"https:\/\/noticiasbahia360.com.br\/index.php?rest_route=%2Fwp%2Fv2%2Fcomments&post=91781"}],"version-history":[{"count":0,"href":"https:\/\/noticiasbahia360.com.br\/index.php?rest_route=\/wp\/v2\/posts\/91781\/revisions"}],"wp:featuredmedia":[{"embeddable":true,"href":"https:\/\/noticiasbahia360.com.br\/index.php?rest_route=\/wp\/v2\/media\/91782"}],"wp:attachment":[{"href":"https:\/\/noticiasbahia360.com.br\/index.php?rest_route=%2Fwp%2Fv2%2Fmedia&parent=91781"}],"wp:term":[{"taxonomy":"category","embeddable":true,"href":"https:\/\/noticiasbahia360.com.br\/index.php?rest_route=%2Fwp%2Fv2%2Fcategories&post=91781"},{"taxonomy":"post_tag","embeddable":true,"href":"https:\/\/noticiasbahia360.com.br\/index.php?rest_route=%2Fwp%2Fv2%2Ftags&post=91781"}],"curies":[{"name":"wp","href":"https:\/\/api.w.org\/{rel}","templated":true}]}}