{"id":91785,"date":"2025-07-01T19:56:25","date_gmt":"2025-07-01T22:56:25","guid":{"rendered":"https:\/\/noticiasbahia360.com.br\/?p=91785"},"modified":"2025-07-01T19:56:25","modified_gmt":"2025-07-01T22:56:25","slug":"operacao-dois-de-julho-mobiliza-a-policia-civil-em-12-municipios-da-bahia","status":"publish","type":"post","link":"https:\/\/noticiasbahia360.com.br\/?p=91785","title":{"rendered":"Opera\u00e7\u00e3o Dois de Julho mobiliza a Pol\u00edcia Civil em 12 munic\u00edpios da Bahia"},"content":{"rendered":"<div>\n<div>\n<figure><img decoding=\"async\" src=\"http:\/\/noticiasbahia360.com.br\/wp-content\/uploads\/2025\/07\/Operacao-Dois-de-Julho-mobiliza-a-Policia-Civil-em-12-municipios-da-Bahia.jpg\" alt=\"Opera\u00e7\u00e3o Dois de Julho mobiliza a Pol\u00edcia Civil em 12 munic\u00edpios da Bahia\"><figcaption>Foto: Divulga\u00e7\u00e3o Ascom PCBA<\/figcaption><\/figure>\n<\/div>\n<p>A Pol\u00edcia Civil da Bahia realiza, entre os dias 28 de junho e 13 de julho, a Opera\u00e7\u00e3o Dois de Julho, com a\u00e7\u00f5es preventivas, investigativas e de repress\u00e3o qualificada durante os festejos da <a href=\"https:\/\/www.acordacidade.com.br\/tag\/independencia-da-bahia\/\">Independ\u00eancia da Bahia<\/a>. A atua\u00e7\u00e3o ocorre de forma coordenada entre unidades da capital e do interior, com foco em crimes patrimoniais, atendimento a turistas v\u00edtimas de delitos e seguran\u00e7a de autoridades de Estado.<\/p>\n<p>Ao todo, ser\u00e3o mobilizados 44 postos de trabalho da Pol\u00edcia Civil. As a\u00e7\u00f5es incluem o acompanhamento do fogo simb\u00f3lico, refor\u00e7o operacional em delegacias, formaliza\u00e7\u00e3o de procedimentos, monitoramento estrat\u00e9gico e cumprimento de mandados judiciais.<\/p>\n<p>O plano cobre oficialmente os munic\u00edpios de <a href=\"https:\/\/www.acordacidade.com.br\/tag\/cachoeira\/\">Cachoeira<\/a>, Saubara, Santo Amaro da Purifica\u00e7\u00e3o, S\u00e3o Francisco do Conde, Candeias, Sim\u00f5es Filho, Mata de S\u00e3o Jo\u00e3o, Dias D\u2019\u00c1vila, Cama\u00e7ari, Lauro de Freitas e <a href=\"https:\/\/www.acordacidade.com.br\/tag\/salvador-3\/\">Salvador<\/a>. As delegacias dessas cidades permanecer\u00e3o em estado de alerta durante o per\u00edodo da opera\u00e7\u00e3o, especialmente nos dias em que o fogo simb\u00f3lico cruzar seus territ\u00f3rios, garantindo pronto atendimento \u00e0s ocorr\u00eancias e lavratura de procedimentos policiais.<\/p>\n<p>Na capital, haver\u00e1 refor\u00e7o operacional em datas estrat\u00e9gicas, como no dia 2 de julho, quando ocorre o tradicional cortejo c\u00edvico, al\u00e9m dos eventos previstos para os dias 3, 5, 11 e 13 de julho. A Central de Flagrantes dos Barris funcionar\u00e1 como ponto de refer\u00eancia para ocorr\u00eancias de maior complexidade ou em casos de sobrecarga nas unidades de \u00e1rea. Durante o cortejo, equipes especializadas atuar\u00e3o em formato ostensivo e velado.<\/p>\n<p>A opera\u00e7\u00e3o \u00e9 coordenada pela Coordena\u00e7\u00e3o de Opera\u00e7\u00f5es de Pol\u00edcia Judici\u00e1ria (COPJ), respons\u00e1vel por acompanhar os festejos e consolidar os dados operacionais junto ao Instituto de Seguran\u00e7a P\u00fablica, Estat\u00edstica e Pesquisa Criminal (ISPE). Estar\u00e3o presentes equipes dos seguintes departamentos: Investiga\u00e7\u00f5es Criminais (DEIC), Repress\u00e3o e Combate \u00e0 Corrup\u00e7\u00e3o, ao Crime Organizado e \u00e0 Lavagem de Dinheiro (DRACO), Repress\u00e3o e Combate ao Tr\u00e1fico de Drogas (DENARC), Intelig\u00eancia Policial (DIP) e Coordena\u00e7\u00e3o de Opera\u00e7\u00f5es e Recursos Especiais (CORE).<\/p>\n<p><em>Siga o Acorda Cidade no<\/em><a href=\"https:\/\/news.google.com\/search?q=acorda%20cidade&amp;hl=pt-BR&amp;gl=BR&amp;ceid=BR%3Apt-419\"><strong><em>\u00a0Google Not\u00edcias<\/em><\/strong><\/a><em>\u00a0e receba os principais destaques do dia. Participe tamb\u00e9m dos nossos canais no\u00a0<\/em><a href=\"https:\/\/www.whatsapp.com\/channel\/0029Va6Rb4v3WHTNnsh8WI3N\"><strong><em>WhatsApp<\/em><\/strong><\/a><em>\u00a0e\u00a0<\/em><a href=\"https:\/\/www.youtube.com\/@acordacidadenoticias\/videos\"><strong>Youtube<\/strong><\/a><em>\u00a0e grupo de\u00a0<\/em><a href=\"https:\/\/t.me\/+sSz0khrgARA0ZmRh\"><strong><em>Telegram<\/em><\/strong><\/a><em>.<\/em><a href=\"https:\/\/www.acordacidade.com.br\/colunas\/dilton-e-feito\/\"><\/a><\/p>\n<\/div>\n","protected":false},"excerpt":{"rendered":"<div>\n<div>\n<figure><img decoding=\"async\" src=\"https:\/\/uploads.acordacidade.com.br\/2025\/07\/Operacao-Dois-de-Julho-mobiliza-a-Policia-Civil-em-12-municipios-da-Bahia.jpg\" alt=\"Opera\u00e7\u00e3o Dois de Julho mobiliza a Pol\u00edcia Civil em 12 munic\u00edpios da Bahia\"><figcaption>Foto: Divulga\u00e7\u00e3o Ascom PCBA<\/figcaption><\/figure>\n<\/div>\n<p>A a\u00e7\u00e3o especial vai de 28 de junho a 13 de julho e re\u00fane unidades estrat\u00e9gicas da capital e do interior<\/p><\/div>\n","protected":false},"author":1,"featured_media":91786,"comment_status":"closed","ping_status":"closed","sticky":false,"template":"","format":"gallery","meta":{"footnotes":""},"categories":[8,9,6,57,56,10],"tags":[],"class_list":["post-91785","post","type-post","status-publish","format-gallery","has-post-thumbnail","hentry","category-bahia","category-brasil","category-feira-de-santana","category-mundo","category-policia","category-politica","post_format-post-format-gallery"],"featured_image_urls":{"full":["https:\/\/noticiasbahia360.com.br\/wp-content\/uploads\/2025\/07\/Operacao-Dois-de-Julho-mobiliza-a-Policia-Civil-em-12-municipios-da-Bahia.jpg",1200,800,false],"thumbnail":["https:\/\/noticiasbahia360.com.br\/wp-content\/uploads\/2025\/07\/Operacao-Dois-de-Julho-mobiliza-a-Policia-Civil-em-12-municipios-da-Bahia-150x150.jpg",150,150,true],"medium":["https:\/\/noticiasbahia360.com.br\/wp-content\/uploads\/2025\/07\/Operacao-Dois-de-Julho-mobiliza-a-Policia-Civil-em-12-municipios-da-Bahia-300x200.jpg",300,200,true],"medium_large":["https:\/\/noticiasbahia360.com.br\/wp-content\/uploads\/2025\/07\/Operacao-Dois-de-Julho-mobiliza-a-Policia-Civil-em-12-municipios-da-Bahia-768x512.jpg",640,427,true],"large":["https:\/\/noticiasbahia360.com.br\/wp-content\/uploads\/2025\/07\/Operacao-Dois-de-Julho-mobiliza-a-Policia-Civil-em-12-municipios-da-Bahia-1024x683.jpg",640,427,true],"1536x1536":["https:\/\/noticiasbahia360.com.br\/wp-content\/uploads\/2025\/07\/Operacao-Dois-de-Julho-mobiliza-a-Policia-Civil-em-12-municipios-da-Bahia.jpg",1200,800,false],"2048x2048":["https:\/\/noticiasbahia360.com.br\/wp-content\/uploads\/2025\/07\/Operacao-Dois-de-Julho-mobiliza-a-Policia-Civil-em-12-municipios-da-Bahia.jpg",1200,800,false],"chromenews-featured":["https:\/\/noticiasbahia360.com.br\/wp-content\/uploads\/2025\/07\/Operacao-Dois-de-Julho-mobiliza-a-Policia-Civil-em-12-municipios-da-Bahia-1024x683.jpg",1024,683,true],"chromenews-large":["https:\/\/noticiasbahia360.com.br\/wp-content\/uploads\/2025\/07\/Operacao-Dois-de-Julho-mobiliza-a-Policia-Civil-em-12-municipios-da-Bahia-825x575.jpg",825,575,true],"chromenews-medium":["https:\/\/noticiasbahia360.com.br\/wp-content\/uploads\/2025\/07\/Operacao-Dois-de-Julho-mobiliza-a-Policia-Civil-em-12-municipios-da-Bahia-590x410.jpg",590,410,true]},"author_info":{"display_name":"noticiasbahia360.com.br","author_link":"https:\/\/noticiasbahia360.com.br\/?author=1"},"category_info":"<a href=\"https:\/\/noticiasbahia360.com.br\/?cat=8\" rel=\"category\">Bahia<\/a> <a href=\"https:\/\/noticiasbahia360.com.br\/?cat=9\" rel=\"category\">Brasil<\/a> <a href=\"https:\/\/noticiasbahia360.com.br\/?cat=6\" rel=\"category\">Feira de Santana<\/a> <a href=\"https:\/\/noticiasbahia360.com.br\/?cat=57\" rel=\"category\">Mundo<\/a> <a href=\"https:\/\/noticiasbahia360.com.br\/?cat=56\" rel=\"category\">Pol\u00edcia<\/a> <a href=\"https:\/\/noticiasbahia360.com.br\/?cat=10\" rel=\"category\">Pol\u00edtica<\/a>","tag_info":"Pol\u00edtica","comment_count":"0","_links":{"self":[{"href":"https:\/\/noticiasbahia360.com.br\/index.php?rest_route=\/wp\/v2\/posts\/91785","targetHints":{"allow":["GET"]}}],"collection":[{"href":"https:\/\/noticiasbahia360.com.br\/index.php?rest_route=\/wp\/v2\/posts"}],"about":[{"href":"https:\/\/noticiasbahia360.com.br\/index.php?rest_route=\/wp\/v2\/types\/post"}],"author":[{"embeddable":true,"href":"https:\/\/noticiasbahia360.com.br\/index.php?rest_route=\/wp\/v2\/users\/1"}],"replies":[{"embeddable":true,"href":"https:\/\/noticiasbahia360.com.br\/index.php?rest_route=%2Fwp%2Fv2%2Fcomments&post=91785"}],"version-history":[{"count":0,"href":"https:\/\/noticiasbahia360.com.br\/index.php?rest_route=\/wp\/v2\/posts\/91785\/revisions"}],"wp:featuredmedia":[{"embeddable":true,"href":"https:\/\/noticiasbahia360.com.br\/index.php?rest_route=\/wp\/v2\/media\/91786"}],"wp:attachment":[{"href":"https:\/\/noticiasbahia360.com.br\/index.php?rest_route=%2Fwp%2Fv2%2Fmedia&parent=91785"}],"wp:term":[{"taxonomy":"category","embeddable":true,"href":"https:\/\/noticiasbahia360.com.br\/index.php?rest_route=%2Fwp%2Fv2%2Fcategories&post=91785"},{"taxonomy":"post_tag","embeddable":true,"href":"https:\/\/noticiasbahia360.com.br\/index.php?rest_route=%2Fwp%2Fv2%2Ftags&post=91785"}],"curies":[{"name":"wp","href":"https:\/\/api.w.org\/{rel}","templated":true}]}}