{"id":91789,"date":"2025-07-01T20:41:08","date_gmt":"2025-07-01T23:41:08","guid":{"rendered":"https:\/\/noticiasbahia360.com.br\/?p=91789"},"modified":"2025-07-01T20:41:08","modified_gmt":"2025-07-01T23:41:08","slug":"prefeito-jose-ronaldo-sanciona-decreto-que-institui-o-dia-do-romeiro-em-feira-de-santana","status":"publish","type":"post","link":"https:\/\/noticiasbahia360.com.br\/?p=91789","title":{"rendered":"Prefeito Jos\u00e9 Ronaldo sanciona decreto que institui o Dia do Romeiro em Feira de Santana"},"content":{"rendered":"<div>\n<div>\n<figure><img decoding=\"async\" src=\"http:\/\/noticiasbahia360.com.br\/wp-content\/uploads\/2025\/07\/Prefeito-Jose-Ronaldo-sanciona-decreto-que-institui-o-Dia-do-Romeiro-em-Feira-de-Santana5.jpg\" alt=\"Prefeito Jos\u00e9 Ronaldo sanciona decreto que institui o Dia do Romeiro em Feira de Santana\"><figcaption>Foto: Ed Santos\/Acorda Cidade<\/figcaption><\/figure>\n<\/div>\n<p>Comemorado anualmente no m\u00eas de junho, no primeiro domingo da Trezena de Santo Ant\u00f4nio, o Dia do Romeiro foi inclu\u00eddo no Calend\u00e1rio Oficial de Eventos de Feira de Santana. O decreto-lei foi assinado pelo prefeito Jos\u00e9 Ronaldo de Carvalho durante a Santa Missa Votiva em honra a Santo Ant\u00f4nio, realizada no final da tarde desta ter\u00e7a-feira (1), no Santu\u00e1rio dos Capuchinhos.<\/p>\n<figure class=\"wp-block-image size-full\"><img fetchpriority=\"high\" data-dominant-color=\"847b72\" data-has-transparency=\"false\" style=\"--dominant-color: #847b72;\" fetchpriority=\"high\" decoding=\"async\" width=\"1200\" height=\"675\" sizes=\"(max-width: 1200px) 100vw, 1200px\" src=\"http:\/\/noticiasbahia360.com.br\/wp-content\/uploads\/2025\/07\/Prefeito-Jose-Ronaldo-sanciona-decreto-que-institui-o-Dia-do-Romeiro-em-Feira-de-Santana1.jpg\" alt=\"Prefeito Jos\u00e9 Ronaldo sanciona decreto que institui o Dia do Romeiro em Feira de Santana\" class=\"wp-image-570783 not-transparent\" srcset=\"https:\/\/uploads.acordacidade.com.br\/2025\/07\/Prefeito-Jose-Ronaldo-sanciona-decreto-que-institui-o-Dia-do-Romeiro-em-Feira-de-Santana1-648x365.jpg 648w, https:\/\/uploads.acordacidade.com.br\/2025\/07\/Prefeito-Jose-Ronaldo-sanciona-decreto-que-institui-o-Dia-do-Romeiro-em-Feira-de-Santana1-150x84.jpg 150w, http:\/\/noticiasbahia360.com.br\/wp-content\/uploads\/2025\/07\/Prefeito-Jose-Ronaldo-sanciona-decreto-que-institui-o-Dia-do-Romeiro-em-Feira-de-Santana1.jpg 1200w\"><figcaption class=\"wp-element-caption\">Foto: Ed Santos\/Acorda Cidade<\/figcaption><\/figure>\n<p>Autor do projeto, o vereador Marcus Carvalhal destacou ao Acorda Cidade que essa iniciativa fortalece n\u00e3o s\u00f3 a religiosidade, mas tamb\u00e9m a cultura, o turismo religioso e a economia de Feira de Santana.<\/p>\n<figure class=\"wp-block-image size-full\"><img data-dominant-color=\"8c8172\" data-has-transparency=\"false\" style=\"--dominant-color: #8c8172;\" decoding=\"async\" width=\"1200\" height=\"675\" sizes=\"(max-width: 1200px) 100vw, 1200px\" src=\"http:\/\/noticiasbahia360.com.br\/wp-content\/uploads\/2025\/07\/vereador-marcus-carvalhal-.jpg\" alt=\"vereador marcus carvalhal\" class=\"wp-image-570785 not-transparent\" srcset=\"https:\/\/uploads.acordacidade.com.br\/2025\/07\/vereador-marcus-carvalhal--648x365.jpg 648w, https:\/\/uploads.acordacidade.com.br\/2025\/07\/vereador-marcus-carvalhal--150x84.jpg 150w, http:\/\/noticiasbahia360.com.br\/wp-content\/uploads\/2025\/07\/vereador-marcus-carvalhal-.jpg 1200w\"><figcaption class=\"wp-element-caption\">Vereador Marcus Carvalhal | Foto: Ed Santos\/Acorda Cidade<\/figcaption><\/figure>\n<p>\u201c\u00c9 um projeto que foi provocado pelo Frei Liomar. Sou crist\u00e3o, sou cat\u00f3lico e frequento essa igreja. Acompanho a missa todo ano, vejo a for\u00e7a que os romeiros t\u00eam na nossa cidade, ent\u00e3o foi, para mim, uma oportunidade de homenagear esse povo que defende a f\u00e9 e a tradi\u00e7\u00e3o\u201d, afirmou.<\/p>\n<p>O Arcebispo Metropolitano de Feira de Santana, Dom Zanoni, agradeceu o reconhecimento e afirmou que esse \u00e9 um momento hist\u00f3rico.<\/p>\n<figure class=\"wp-block-image size-full\"><img data-dominant-color=\"88847f\" data-has-transparency=\"false\" style=\"--dominant-color: #88847f;\" decoding=\"async\" width=\"1200\" height=\"675\" sizes=\"(max-width: 1200px) 100vw, 1200px\" src=\"http:\/\/noticiasbahia360.com.br\/wp-content\/uploads\/2025\/07\/Prefeito-Jose-Ronaldo-sanciona-decreto-que-institui-o-Dia-do-Romeiro-em-Feira-de-Santana.jpg\" alt=\"Prefeito Jos\u00e9 Ronaldo sanciona decreto que institui o Dia do Romeiro em Feira de Santana\" class=\"wp-image-570784 not-transparent\" srcset=\"https:\/\/uploads.acordacidade.com.br\/2025\/07\/Prefeito-Jose-Ronaldo-sanciona-decreto-que-institui-o-Dia-do-Romeiro-em-Feira-de-Santana-648x365.jpg 648w, https:\/\/uploads.acordacidade.com.br\/2025\/07\/Prefeito-Jose-Ronaldo-sanciona-decreto-que-institui-o-Dia-do-Romeiro-em-Feira-de-Santana-150x84.jpg 150w, http:\/\/noticiasbahia360.com.br\/wp-content\/uploads\/2025\/07\/Prefeito-Jose-Ronaldo-sanciona-decreto-que-institui-o-Dia-do-Romeiro-em-Feira-de-Santana.jpg 1200w\"><figcaption class=\"wp-element-caption\">Foto: Ed Santos\/Acorda Cidade<\/figcaption><\/figure>\n<p>\u201cAgradecemos a Deus por esse reconhecimento, por esse decreto que torna o Dia do Romeiro parte do calend\u00e1rio oficial. \u00c9 um reconhecimento hist\u00f3rico, um resgate da devo\u00e7\u00e3o e da f\u00e9 do nosso povo, uma manifesta\u00e7\u00e3o respeitosa. \u00c9 um ato de justi\u00e7a simb\u00f3lico\u201d, definiu.<\/p>\n<p>O prefeito Jos\u00e9 Ronaldo destacou que esse momento marca oficialmente a institucionaliza\u00e7\u00e3o do Dia do Romeiro em Feira de Santana. Ele falou sobre a import\u00e2ncia da igreja para sua vida. <\/p>\n<figure class=\"wp-block-image size-full\"><img data-dominant-color=\"a89887\" data-has-transparency=\"false\" style=\"--dominant-color: #a89887;\" decoding=\"async\" width=\"1200\" height=\"675\" sizes=\"(max-width: 1200px) 100vw, 1200px\" src=\"http:\/\/noticiasbahia360.com.br\/wp-content\/uploads\/2025\/07\/prefeito-Jose-Ronaldo-.jpg\" alt=\"prefeito Jos\u00e9 Ronaldo\" class=\"wp-image-570777 not-transparent\" srcset=\"https:\/\/uploads.acordacidade.com.br\/2025\/07\/prefeito-Jose-Ronaldo--648x365.jpg 648w, https:\/\/uploads.acordacidade.com.br\/2025\/07\/prefeito-Jose-Ronaldo--150x84.jpg 150w, http:\/\/noticiasbahia360.com.br\/wp-content\/uploads\/2025\/07\/prefeito-Jose-Ronaldo-.jpg 1200w\"><figcaption class=\"wp-element-caption\">Prefeito Jos\u00e9 Ronaldo | Foto: Ed Santos\/Acorda Cidade<\/figcaption><\/figure>\n<p>\u201cA Igreja Santo Ant\u00f4nio faz parte da minha vida. Casei h\u00e1 51 anos aqui e, sempre que venho no santu\u00e1rio, lembro desse momento. Tenho muito respeito pela hist\u00f3ria dos freis e por tudo o que eles representam, por tudo o que realizam pela nossa cidade. Hoje, o Dia dos Romeiros se torna lei\u201d, comemorou.<\/p>\n<figure class=\"wp-block-image size-full\"><img loading=\"lazy\" data-dominant-color=\"978c7f\" data-has-transparency=\"false\" style=\"--dominant-color: #978c7f;\" decoding=\"async\" width=\"1200\" height=\"675\" sizes=\"(max-width: 1200px) 100vw, 1200px\" src=\"http:\/\/noticiasbahia360.com.br\/wp-content\/uploads\/2025\/07\/Prefeito-Jose-Ronaldo-sanciona-decreto-que-institui-o-Dia-do-Romeiro-em-Feira-de-Santana3.jpg\" alt=\"Prefeito Jos\u00e9 Ronaldo sanciona decreto que institui o Dia do Romeiro em Feira de Santana\" class=\"wp-image-570781 not-transparent\" srcset=\"https:\/\/uploads.acordacidade.com.br\/2025\/07\/Prefeito-Jose-Ronaldo-sanciona-decreto-que-institui-o-Dia-do-Romeiro-em-Feira-de-Santana3-648x365.jpg 648w, https:\/\/uploads.acordacidade.com.br\/2025\/07\/Prefeito-Jose-Ronaldo-sanciona-decreto-que-institui-o-Dia-do-Romeiro-em-Feira-de-Santana3-150x84.jpg 150w, http:\/\/noticiasbahia360.com.br\/wp-content\/uploads\/2025\/07\/Prefeito-Jose-Ronaldo-sanciona-decreto-que-institui-o-Dia-do-Romeiro-em-Feira-de-Santana3.jpg 1200w\"><figcaption class=\"wp-element-caption\">Foto: Ed Santos\/Acorda Cidade<\/figcaption><\/figure>\n<p>A chefe de romaria, Sueli Bispo, da cidade de Ant\u00f4nio Cardoso, tamb\u00e9m agradeceu esse momento de reconhecimento.<\/p>\n<figure class=\"wp-block-image size-full\"><img loading=\"lazy\" data-dominant-color=\"aba495\" data-has-transparency=\"false\" style=\"--dominant-color: #aba495;\" decoding=\"async\" width=\"1200\" height=\"675\" sizes=\"(max-width: 1200px) 100vw, 1200px\" src=\"http:\/\/noticiasbahia360.com.br\/wp-content\/uploads\/2025\/07\/Prefeito-Jose-Ronaldo-sanciona-decreto-que-institui-o-Dia-do-Romeiro-em-Feira-de-Santana4.jpg\" alt=\"Prefeito Jos\u00e9 Ronaldo sanciona decreto que institui o Dia do Romeiro em Feira de Santana\" class=\"wp-image-570780 not-transparent\" srcset=\"https:\/\/uploads.acordacidade.com.br\/2025\/07\/Prefeito-Jose-Ronaldo-sanciona-decreto-que-institui-o-Dia-do-Romeiro-em-Feira-de-Santana4-648x365.jpg 648w, https:\/\/uploads.acordacidade.com.br\/2025\/07\/Prefeito-Jose-Ronaldo-sanciona-decreto-que-institui-o-Dia-do-Romeiro-em-Feira-de-Santana4-150x84.jpg 150w, http:\/\/noticiasbahia360.com.br\/wp-content\/uploads\/2025\/07\/Prefeito-Jose-Ronaldo-sanciona-decreto-que-institui-o-Dia-do-Romeiro-em-Feira-de-Santana4.jpg 1200w\"><figcaption class=\"wp-element-caption\">Foto: Ed Santos\/Acorda Cidade<\/figcaption><\/figure>\n<p>\u201c\u00c9 maravilhoso estar aqui participando desse momento. \u00c9 uma d\u00e1diva de Deus esse decreto, s\u00f3 temos a agradecer. Foi uma atitude maravilhosa, uma b\u00ean\u00e7\u00e3o de Deus saber que temos um dia especial para n\u00f3s. Participo da romaria desde os 10 anos e estou como chefe de romaria h\u00e1 dois\u201d, informou.<\/p>\n<figure class=\"wp-block-image size-full\"><img loading=\"lazy\" data-dominant-color=\"85796b\" data-has-transparency=\"false\" style=\"--dominant-color: #85796b;\" decoding=\"async\" width=\"1200\" height=\"675\" sizes=\"(max-width: 1200px) 100vw, 1200px\" src=\"http:\/\/noticiasbahia360.com.br\/wp-content\/uploads\/2025\/07\/Prefeito-Jose-Ronaldo-sanciona-decreto-que-institui-o-Dia-do-Romeiro-em-Feira-de-Santana6.jpg\" alt=\"Prefeito Jos\u00e9 Ronaldo sanciona decreto que institui o Dia do Romeiro em Feira de Santana\" class=\"wp-image-570778 not-transparent\" srcset=\"https:\/\/uploads.acordacidade.com.br\/2025\/07\/Prefeito-Jose-Ronaldo-sanciona-decreto-que-institui-o-Dia-do-Romeiro-em-Feira-de-Santana6-648x365.jpg 648w, https:\/\/uploads.acordacidade.com.br\/2025\/07\/Prefeito-Jose-Ronaldo-sanciona-decreto-que-institui-o-Dia-do-Romeiro-em-Feira-de-Santana6-150x84.jpg 150w, http:\/\/noticiasbahia360.com.br\/wp-content\/uploads\/2025\/07\/Prefeito-Jose-Ronaldo-sanciona-decreto-que-institui-o-Dia-do-Romeiro-em-Feira-de-Santana6.jpg 1200w\"><figcaption class=\"wp-element-caption\">Foto: Ed Santos\/Acorda Cidade<\/figcaption><\/figure>\n<p>O Frei Liomar, p\u00e1roco do Santu\u00e1rio Santo Ant\u00f4nio, afirmou que a missa realizada hoje ficar\u00e1 na mem\u00f3ria hist\u00f3rica da cidade por ter simbolizado o reconhecimento e valoriza\u00e7\u00e3o dos romeiros.<\/p>\n<p>\u201cA import\u00e2ncia est\u00e1 no reconhecimento desse espa\u00e7o. H\u00e1 70 anos os Frades Capuchinhos se fazem presentes aqui na cidade e, no ano passado, nosso Arcebispo elevou esta par\u00f3quia a santu\u00e1rio. Hoje temos a grata satisfa\u00e7\u00e3o, com o cora\u00e7\u00e3o em festa e com muita gratid\u00e3o a Deus, ao vereador Marcus, que apresentou o pedido, e ao prefeito que, com o cora\u00e7\u00e3o atento, sanciona hoje o decreto-lei reconhecendo o Dia do Romeiro.\u201d<\/p>\n<figure class=\"wp-block-image size-full\"><img loading=\"lazy\" data-dominant-color=\"999997\" data-has-transparency=\"false\" style=\"--dominant-color: #999997;\" decoding=\"async\" width=\"1200\" height=\"675\" sizes=\"(max-width: 1200px) 100vw, 1200px\" src=\"http:\/\/noticiasbahia360.com.br\/wp-content\/uploads\/2025\/07\/Prefeito-Jose-Ronaldo-sanciona-decreto-que-institui-o-Dia-do-Romeiro-em-Feira-de-Santana2.jpg\" alt=\"Prefeito Jos\u00e9 Ronaldo sanciona decreto que institui o Dia do Romeiro em Feira de Santana\" class=\"wp-image-570782 not-transparent\" srcset=\"https:\/\/uploads.acordacidade.com.br\/2025\/07\/Prefeito-Jose-Ronaldo-sanciona-decreto-que-institui-o-Dia-do-Romeiro-em-Feira-de-Santana2-648x365.jpg 648w, https:\/\/uploads.acordacidade.com.br\/2025\/07\/Prefeito-Jose-Ronaldo-sanciona-decreto-que-institui-o-Dia-do-Romeiro-em-Feira-de-Santana2-150x84.jpg 150w, http:\/\/noticiasbahia360.com.br\/wp-content\/uploads\/2025\/07\/Prefeito-Jose-Ronaldo-sanciona-decreto-que-institui-o-Dia-do-Romeiro-em-Feira-de-Santana2.jpg 1200w\"><figcaption class=\"wp-element-caption\">Foto: Ed Santos\/Acorda Cidade<\/figcaption><\/figure>\n<p><em>Com informa\u00e7\u00f5es do rep\u00f3rter Ed Santos do Acorda Cidade<\/em><\/p>\n<p><em>Siga o Acorda Cidade no<\/em><a href=\"https:\/\/news.google.com\/search?q=acorda%20cidade&amp;hl=pt-BR&amp;gl=BR&amp;ceid=BR%3Apt-419\"><strong><em>\u00a0Google Not\u00edcias<\/em><\/strong><\/a><em>\u00a0e receba os principais destaques do dia. Participe tamb\u00e9m dos nossos canais no\u00a0<\/em><a href=\"https:\/\/www.whatsapp.com\/channel\/0029Va6Rb4v3WHTNnsh8WI3N\"><strong><em>WhatsApp<\/em><\/strong><\/a><em>\u00a0e\u00a0<\/em><a href=\"https:\/\/www.youtube.com\/@acordacidadenoticias\/videos\"><strong>Youtube<\/strong><\/a><em>\u00a0e grupo de\u00a0<\/em><a href=\"https:\/\/t.me\/+sSz0khrgARA0ZmRh\"><strong><em>Telegram<\/em><\/strong><\/a><em>.<\/em><\/p>\n<\/div>\n","protected":false},"excerpt":{"rendered":"<div>\n<div>\n<figure><img decoding=\"async\" src=\"https:\/\/uploads.acordacidade.com.br\/2025\/07\/Prefeito-Jose-Ronaldo-sanciona-decreto-que-institui-o-Dia-do-Romeiro-em-Feira-de-Santana5.jpg\" alt=\"Prefeito Jos\u00e9 Ronaldo sanciona decreto que institui o Dia do Romeiro em Feira de Santana\"><figcaption>Foto: Ed Santos\/Acorda Cidade<\/figcaption><\/figure>\n<\/div>\n<p>O decreto-lei foi assinado durante a Santa Missa Votiva em honra a Santo Ant\u00f4nio, realizada nesta ter\u00e7a (1), no Santu\u00e1rio dos Capuchinhos.<\/p><\/div>\n","protected":false},"author":1,"featured_media":91790,"comment_status":"closed","ping_status":"closed","sticky":false,"template":"","format":"gallery","meta":{"footnotes":""},"categories":[8,9,6,57,56,10],"tags":[],"class_list":["post-91789","post","type-post","status-publish","format-gallery","has-post-thumbnail","hentry","category-bahia","category-brasil","category-feira-de-santana","category-mundo","category-policia","category-politica","post_format-post-format-gallery"],"featured_image_urls":{"full":["https:\/\/noticiasbahia360.com.br\/wp-content\/uploads\/2025\/07\/Prefeito-Jose-Ronaldo-sanciona-decreto-que-institui-o-Dia-do-Romeiro-em-Feira-de-Santana5.jpg",1200,720,false],"thumbnail":["https:\/\/noticiasbahia360.com.br\/wp-content\/uploads\/2025\/07\/Prefeito-Jose-Ronaldo-sanciona-decreto-que-institui-o-Dia-do-Romeiro-em-Feira-de-Santana5-150x150.jpg",150,150,true],"medium":["https:\/\/noticiasbahia360.com.br\/wp-content\/uploads\/2025\/07\/Prefeito-Jose-Ronaldo-sanciona-decreto-que-institui-o-Dia-do-Romeiro-em-Feira-de-Santana5-300x180.jpg",300,180,true],"medium_large":["https:\/\/noticiasbahia360.com.br\/wp-content\/uploads\/2025\/07\/Prefeito-Jose-Ronaldo-sanciona-decreto-que-institui-o-Dia-do-Romeiro-em-Feira-de-Santana5-768x461.jpg",640,384,true],"large":["https:\/\/noticiasbahia360.com.br\/wp-content\/uploads\/2025\/07\/Prefeito-Jose-Ronaldo-sanciona-decreto-que-institui-o-Dia-do-Romeiro-em-Feira-de-Santana5-1024x614.jpg",640,384,true],"1536x1536":["https:\/\/noticiasbahia360.com.br\/wp-content\/uploads\/2025\/07\/Prefeito-Jose-Ronaldo-sanciona-decreto-que-institui-o-Dia-do-Romeiro-em-Feira-de-Santana5.jpg",1200,720,false],"2048x2048":["https:\/\/noticiasbahia360.com.br\/wp-content\/uploads\/2025\/07\/Prefeito-Jose-Ronaldo-sanciona-decreto-que-institui-o-Dia-do-Romeiro-em-Feira-de-Santana5.jpg",1200,720,false],"chromenews-featured":["https:\/\/noticiasbahia360.com.br\/wp-content\/uploads\/2025\/07\/Prefeito-Jose-Ronaldo-sanciona-decreto-que-institui-o-Dia-do-Romeiro-em-Feira-de-Santana5-1024x614.jpg",1024,614,true],"chromenews-large":["https:\/\/noticiasbahia360.com.br\/wp-content\/uploads\/2025\/07\/Prefeito-Jose-Ronaldo-sanciona-decreto-que-institui-o-Dia-do-Romeiro-em-Feira-de-Santana5-825x575.jpg",825,575,true],"chromenews-medium":["https:\/\/noticiasbahia360.com.br\/wp-content\/uploads\/2025\/07\/Prefeito-Jose-Ronaldo-sanciona-decreto-que-institui-o-Dia-do-Romeiro-em-Feira-de-Santana5-590x410.jpg",590,410,true]},"author_info":{"display_name":"noticiasbahia360.com.br","author_link":"https:\/\/noticiasbahia360.com.br\/?author=1"},"category_info":"<a href=\"https:\/\/noticiasbahia360.com.br\/?cat=8\" rel=\"category\">Bahia<\/a> <a href=\"https:\/\/noticiasbahia360.com.br\/?cat=9\" rel=\"category\">Brasil<\/a> <a href=\"https:\/\/noticiasbahia360.com.br\/?cat=6\" rel=\"category\">Feira de Santana<\/a> <a href=\"https:\/\/noticiasbahia360.com.br\/?cat=57\" rel=\"category\">Mundo<\/a> <a href=\"https:\/\/noticiasbahia360.com.br\/?cat=56\" rel=\"category\">Pol\u00edcia<\/a> <a href=\"https:\/\/noticiasbahia360.com.br\/?cat=10\" rel=\"category\">Pol\u00edtica<\/a>","tag_info":"Pol\u00edtica","comment_count":"0","_links":{"self":[{"href":"https:\/\/noticiasbahia360.com.br\/index.php?rest_route=\/wp\/v2\/posts\/91789","targetHints":{"allow":["GET"]}}],"collection":[{"href":"https:\/\/noticiasbahia360.com.br\/index.php?rest_route=\/wp\/v2\/posts"}],"about":[{"href":"https:\/\/noticiasbahia360.com.br\/index.php?rest_route=\/wp\/v2\/types\/post"}],"author":[{"embeddable":true,"href":"https:\/\/noticiasbahia360.com.br\/index.php?rest_route=\/wp\/v2\/users\/1"}],"replies":[{"embeddable":true,"href":"https:\/\/noticiasbahia360.com.br\/index.php?rest_route=%2Fwp%2Fv2%2Fcomments&post=91789"}],"version-history":[{"count":0,"href":"https:\/\/noticiasbahia360.com.br\/index.php?rest_route=\/wp\/v2\/posts\/91789\/revisions"}],"wp:featuredmedia":[{"embeddable":true,"href":"https:\/\/noticiasbahia360.com.br\/index.php?rest_route=\/wp\/v2\/media\/91790"}],"wp:attachment":[{"href":"https:\/\/noticiasbahia360.com.br\/index.php?rest_route=%2Fwp%2Fv2%2Fmedia&parent=91789"}],"wp:term":[{"taxonomy":"category","embeddable":true,"href":"https:\/\/noticiasbahia360.com.br\/index.php?rest_route=%2Fwp%2Fv2%2Fcategories&post=91789"},{"taxonomy":"post_tag","embeddable":true,"href":"https:\/\/noticiasbahia360.com.br\/index.php?rest_route=%2Fwp%2Fv2%2Ftags&post=91789"}],"curies":[{"name":"wp","href":"https:\/\/api.w.org\/{rel}","templated":true}]}}