{"id":91799,"date":"2025-07-01T21:52:38","date_gmt":"2025-07-02T00:52:38","guid":{"rendered":"https:\/\/noticiasbahia360.com.br\/?p=91799"},"modified":"2025-07-01T21:52:38","modified_gmt":"2025-07-02T00:52:38","slug":"repense-reuse-iniciativa-podera-fortalecer-praticas-esportivas-em-feira-de-santana","status":"publish","type":"post","link":"https:\/\/noticiasbahia360.com.br\/?p=91799","title":{"rendered":"Repense Reuse: iniciativa poder\u00e1 fortalecer pr\u00e1ticas esportivas em Feira de Santana"},"content":{"rendered":"<div>\n<div>\n<figure><img decoding=\"async\" src=\"http:\/\/noticiasbahia360.com.br\/wp-content\/uploads\/2025\/07\/praticas-esportivas-em-Feira-de-Santana.jpg\" alt=\"Repense Reuse pr\u00e1ticas esportivas em Feira de Santana\"><figcaption>Foto: Danielly Freitas<\/figcaption><\/figure>\n<\/div>\n<p>Parte dos recursos arrecadados com a venda de roupas do projeto Repense Reuse, do Instituto Humana Brasil, poder\u00e1 ser destinada a a\u00e7\u00f5es sociais voltadas ao esporte em Feira de Santana. A possibilidade foi discutida em reuni\u00e3o entre representantes da institui\u00e7\u00e3o e os secret\u00e1rios municipais de Cultura, Esporte e Lazer, Cristiano L\u00f4bo, e de Desenvolvimento Social, Gerusa Sampaio.<\/p>\n<p><a href=\"https:\/\/www.acordacidade.com.br\/feira-de-santana\/feirenses-ja-podem-doar-roupas-e-sapatos-em-conteiner-no-estacionamento-da-prefeitura\/\">O primeiro ponto de coleta em espa\u00e7o p\u00fablico foi instalado nesta segunda-feira (30), no estacionamento da Prefeitura<\/a>. A partir de agora, a institui\u00e7\u00e3o vai dar in\u00edcio a um estudo para analisar a viabilidade da amplia\u00e7\u00e3o desse projeto na cidade.<\/p>\n<p>Para o secret\u00e1rio Cristiano L\u00f4bo, a iniciativa vai al\u00e9m do incentivo a uma vida sustent\u00e1vel. \u201cA parceria pode abrir caminho para projetos esportivos e culturais voltados \u00e0 inclus\u00e3o social, oferecendo oportunidades para pessoas em situa\u00e7\u00e3o de vulnerabilidade. Um exemplo disso seria a oferta de aulas gratuitas de futebol e karat\u00ea\u201d, destacou.<\/p>\n<p>O Instituto Humana Brasil j\u00e1 atua em Salvador e em outros estados. Segundo L\u00f4bo, a colabora\u00e7\u00e3o com o poder p\u00fablico refor\u00e7a o poder da uni\u00e3o entre governo e sociedade civil. \u201cEsse trabalho conjunto vai transformar realidades, gerar impacto positivo e contribuir para uma cidade mais consciente, justa e solid\u00e1ria\u201d, enfatizou L\u00f4bo.<\/p>\n<p>Ao lado da executiva de implementa\u00e7\u00e3o do projeto, Cl\u00e1udia Andrade, a diretora executiva do instituto, Lilian Pitanga, ressaltou a import\u00e2ncia da chegada a Feira de Santana. \u201c\u00c9 uma honra estar na segunda maior cidade da Bahia e contribuir para o fortalecimento do protagonismo social. Parte dos recursos obtidos com a revenda das roupas ser\u00e1 investida em projetos que podem beneficiar desde crian\u00e7as at\u00e9 idosos\u201d, afirmou Lilian.<\/p>\n<p><em>As informa\u00e7\u00f5es s\u00e3o da Secretaria Municipal de Comunica\u00e7\u00e3o<\/em><\/p>\n<p><em>Siga o Acorda Cidade no<\/em><a href=\"https:\/\/news.google.com\/search?q=acorda%20cidade&amp;hl=pt-BR&amp;gl=BR&amp;ceid=BR%3Apt-419\"><strong><em>\u00a0Google Not\u00edcias<\/em><\/strong><\/a><em>\u00a0e receba os principais destaques do dia. Participe tamb\u00e9m dos nossos canais no\u00a0<\/em><a href=\"https:\/\/www.whatsapp.com\/channel\/0029Va6Rb4v3WHTNnsh8WI3N\"><strong><em>WhatsApp<\/em><\/strong><\/a><em>\u00a0e\u00a0<\/em><a href=\"https:\/\/www.youtube.com\/@acordacidadenoticias\/videos\"><strong>YouTube<\/strong><\/a><em>\u00a0e grupo de\u00a0<\/em><a href=\"https:\/\/t.me\/+sSz0khrgARA0ZmRh\"><strong><em>Telegram<\/em><\/strong><\/a><\/p>\n<\/div>\n","protected":false},"excerpt":{"rendered":"<div>\n<div>\n<figure><img decoding=\"async\" src=\"https:\/\/uploads.acordacidade.com.br\/2025\/07\/praticas-esportivas-em-Feira-de-Santana.jpg\" alt=\"Repense Reuse pr\u00e1ticas esportivas em Feira de Santana\"><figcaption>Foto: Danielly Freitas<\/figcaption><\/figure>\n<\/div>\n<p>O primeiro ponto de coleta em espa\u00e7o p\u00fablico foi instalado nesta segunda-feira (30), no estacionamento da Prefeitura<\/p><\/div>\n","protected":false},"author":1,"featured_media":91800,"comment_status":"closed","ping_status":"closed","sticky":false,"template":"","format":"gallery","meta":{"footnotes":""},"categories":[8,9,6,57,56,10],"tags":[],"class_list":["post-91799","post","type-post","status-publish","format-gallery","has-post-thumbnail","hentry","category-bahia","category-brasil","category-feira-de-santana","category-mundo","category-policia","category-politica","post_format-post-format-gallery"],"featured_image_urls":{"full":["https:\/\/noticiasbahia360.com.br\/wp-content\/uploads\/2025\/07\/praticas-esportivas-em-Feira-de-Santana.jpg",1200,799,false],"thumbnail":["https:\/\/noticiasbahia360.com.br\/wp-content\/uploads\/2025\/07\/praticas-esportivas-em-Feira-de-Santana-150x150.jpg",150,150,true],"medium":["https:\/\/noticiasbahia360.com.br\/wp-content\/uploads\/2025\/07\/praticas-esportivas-em-Feira-de-Santana-300x200.jpg",300,200,true],"medium_large":["https:\/\/noticiasbahia360.com.br\/wp-content\/uploads\/2025\/07\/praticas-esportivas-em-Feira-de-Santana-768x511.jpg",640,426,true],"large":["https:\/\/noticiasbahia360.com.br\/wp-content\/uploads\/2025\/07\/praticas-esportivas-em-Feira-de-Santana-1024x682.jpg",640,426,true],"1536x1536":["https:\/\/noticiasbahia360.com.br\/wp-content\/uploads\/2025\/07\/praticas-esportivas-em-Feira-de-Santana.jpg",1200,799,false],"2048x2048":["https:\/\/noticiasbahia360.com.br\/wp-content\/uploads\/2025\/07\/praticas-esportivas-em-Feira-de-Santana.jpg",1200,799,false],"chromenews-featured":["https:\/\/noticiasbahia360.com.br\/wp-content\/uploads\/2025\/07\/praticas-esportivas-em-Feira-de-Santana-1024x682.jpg",1024,682,true],"chromenews-large":["https:\/\/noticiasbahia360.com.br\/wp-content\/uploads\/2025\/07\/praticas-esportivas-em-Feira-de-Santana-825x575.jpg",825,575,true],"chromenews-medium":["https:\/\/noticiasbahia360.com.br\/wp-content\/uploads\/2025\/07\/praticas-esportivas-em-Feira-de-Santana-590x410.jpg",590,410,true]},"author_info":{"display_name":"noticiasbahia360.com.br","author_link":"https:\/\/noticiasbahia360.com.br\/?author=1"},"category_info":"<a href=\"https:\/\/noticiasbahia360.com.br\/?cat=8\" rel=\"category\">Bahia<\/a> <a href=\"https:\/\/noticiasbahia360.com.br\/?cat=9\" rel=\"category\">Brasil<\/a> <a href=\"https:\/\/noticiasbahia360.com.br\/?cat=6\" rel=\"category\">Feira de Santana<\/a> <a href=\"https:\/\/noticiasbahia360.com.br\/?cat=57\" rel=\"category\">Mundo<\/a> <a href=\"https:\/\/noticiasbahia360.com.br\/?cat=56\" rel=\"category\">Pol\u00edcia<\/a> <a href=\"https:\/\/noticiasbahia360.com.br\/?cat=10\" rel=\"category\">Pol\u00edtica<\/a>","tag_info":"Pol\u00edtica","comment_count":"0","_links":{"self":[{"href":"https:\/\/noticiasbahia360.com.br\/index.php?rest_route=\/wp\/v2\/posts\/91799","targetHints":{"allow":["GET"]}}],"collection":[{"href":"https:\/\/noticiasbahia360.com.br\/index.php?rest_route=\/wp\/v2\/posts"}],"about":[{"href":"https:\/\/noticiasbahia360.com.br\/index.php?rest_route=\/wp\/v2\/types\/post"}],"author":[{"embeddable":true,"href":"https:\/\/noticiasbahia360.com.br\/index.php?rest_route=\/wp\/v2\/users\/1"}],"replies":[{"embeddable":true,"href":"https:\/\/noticiasbahia360.com.br\/index.php?rest_route=%2Fwp%2Fv2%2Fcomments&post=91799"}],"version-history":[{"count":0,"href":"https:\/\/noticiasbahia360.com.br\/index.php?rest_route=\/wp\/v2\/posts\/91799\/revisions"}],"wp:featuredmedia":[{"embeddable":true,"href":"https:\/\/noticiasbahia360.com.br\/index.php?rest_route=\/wp\/v2\/media\/91800"}],"wp:attachment":[{"href":"https:\/\/noticiasbahia360.com.br\/index.php?rest_route=%2Fwp%2Fv2%2Fmedia&parent=91799"}],"wp:term":[{"taxonomy":"category","embeddable":true,"href":"https:\/\/noticiasbahia360.com.br\/index.php?rest_route=%2Fwp%2Fv2%2Fcategories&post=91799"},{"taxonomy":"post_tag","embeddable":true,"href":"https:\/\/noticiasbahia360.com.br\/index.php?rest_route=%2Fwp%2Fv2%2Ftags&post=91799"}],"curies":[{"name":"wp","href":"https:\/\/api.w.org\/{rel}","templated":true}]}}