{"id":91801,"date":"2025-07-01T21:56:13","date_gmt":"2025-07-02T00:56:13","guid":{"rendered":"https:\/\/noticiasbahia360.com.br\/?p=91801"},"modified":"2025-07-01T21:56:13","modified_gmt":"2025-07-02T00:56:13","slug":"2-de-julho-sicomercio-alerta-para-fake-news-sobre-restricao-de-horario-no-funcionamento-do-comercio","status":"publish","type":"post","link":"https:\/\/noticiasbahia360.com.br\/?p=91801","title":{"rendered":"2 de julho: Sicom\u00e9rcio alerta para fake news sobre restri\u00e7\u00e3o de hor\u00e1rio no funcionamento do com\u00e9rcio"},"content":{"rendered":"<div>\n<div>\n<figure><img decoding=\"async\" src=\"http:\/\/noticiasbahia360.com.br\/wp-content\/uploads\/2025\/07\/comercio_neysilva_acordacidade-7.jpg\" alt=\"Com\u00e9rcio\"><figcaption>Foto: Ney Silva\/Acorda Cidade<\/figcaption><\/figure>\n<\/div>\n<p>Est\u00e1 circulando nas redes sociais um comunicado informando sobre uma mudan\u00e7a no hor\u00e1rio de funcionamento do com\u00e9rcio de Feira de Santana no feriado desta quarta-feira, 2 de julho. Segundo o falso comunicado, o com\u00e9rcio teria uma restri\u00e7\u00e3o no hor\u00e1rio de funcionamento. Entretanto, o presidente do Sindicato do Com\u00e9rcio de Feira de Santana (Sicom\u00e9rcio), Marco Silva, alerta que esse comunicado n\u00e3o \u00e9 verdadeiro.<\/p>\n<p><strong>De acordo com a conven\u00e7\u00e3o coletiva, o centro comercial\u00a0de Feira de Santana est\u00e1 autorizado a funcionar em normal, das 8h \u00e0s 18h. O funcionamento \u00e9 opcional. <\/strong><\/p>\n<figure class=\"wp-block-image size-large\"><img fetchpriority=\"high\" data-dominant-color=\"adb1cc\" data-has-transparency=\"false\" style=\"--dominant-color: #adb1cc;\" fetchpriority=\"high\" decoding=\"async\" width=\"778\" height=\"768\" sizes=\"(max-width: 778px) 100vw, 778px\" src=\"http:\/\/noticiasbahia360.com.br\/wp-content\/uploads\/2025\/07\/Sicomercio-alerta-para-fake-news-sobre-restricao-de-horario-no-funcionamento-do-comercio-778x768-1.jpg\" alt=\"Sicom\u00e9rcio alerta para fake news sobre restri\u00e7\u00e3o de hor\u00e1rio no funcionamento do com\u00e9rcio\" class=\"wp-image-570789 not-transparent\" srcset=\"https:\/\/uploads.acordacidade.com.br\/2025\/07\/Sicomercio-alerta-para-fake-news-sobre-restricao-de-horario-no-funcionamento-do-comercio-370x365.jpg 370w, http:\/\/noticiasbahia360.com.br\/wp-content\/uploads\/2025\/07\/Sicomercio-alerta-para-fake-news-sobre-restricao-de-horario-no-funcionamento-do-comercio-778x768-1.jpg 778w, https:\/\/uploads.acordacidade.com.br\/2025\/07\/Sicomercio-alerta-para-fake-news-sobre-restricao-de-horario-no-funcionamento-do-comercio-560x553.jpg 560w, https:\/\/uploads.acordacidade.com.br\/2025\/07\/Sicomercio-alerta-para-fake-news-sobre-restricao-de-horario-no-funcionamento-do-comercio-150x148.jpg 150w, https:\/\/uploads.acordacidade.com.br\/2025\/07\/Sicomercio-alerta-para-fake-news-sobre-restricao-de-horario-no-funcionamento-do-comercio.jpg 1200w\"><figcaption class=\"wp-element-caption\">Foto: Reprodu\u00e7\u00e3o<\/figcaption><\/figure>\n<p>Segundo Marco Silva, a fonte oficial \u00e9 a conven\u00e7\u00e3o coletiva, que n\u00e3o prev\u00ea restri\u00e7\u00e3o de hor\u00e1rio para o funcionamento do com\u00e9rcio no dia 2 de julho. Ele explicou que o que precisa ser respeitado \u00e9 o direito do trabalhador.<\/p>\n<p>\u201cSe no s\u00e1bado de Micareta o trabalhador deixou de trabalhar 4 horas, a empresa tem cr\u00e9dito, mas o trabalho n\u00e3o precisa ser limitado \u00e0s 4 horas. Se ele trabalhar mais do que as 4 horas, as horas adicionais podem ser pagas ou compensadas no banco de horas\u201d, explicou.<\/p>\n<p>O presidente do Sicom\u00e9rcio refor\u00e7ou que informa\u00e7\u00f5es falsas, como essa que est\u00e1 circulando nas redes sociais, geram confus\u00e3o e n\u00e3o contribuem para o desenvolvimento do com\u00e9rcio de Feira de Santana. \u201cEssa publica\u00e7\u00e3o \u00e9 fake, n\u00e3o sabemos a origem\u201d, frisou.<\/p>\n<p><strong>Leia tamb\u00e9m: <a href=\"https:\/\/www.acordacidade.com.br\/feira-de-santana\/confira-o-que-abre-e-fecha-no-feriado-do-dia-2-de-julho-em-feira-de-santana\/\">Confira o que abre e fecha no feriado do dia 2 de Julho em Feira de Santana<\/a><\/strong><\/p>\n<p><em>Siga o Acorda Cidade no<\/em><a href=\"https:\/\/news.google.com\/search?q=acorda%20cidade&amp;hl=pt-BR&amp;gl=BR&amp;ceid=BR%3Apt-419\"><strong><em>\u00a0Google Not\u00edcias<\/em><\/strong><\/a><em>\u00a0e receba os principais destaques do dia. Participe tamb\u00e9m dos nossos canais no\u00a0<\/em><a href=\"https:\/\/www.whatsapp.com\/channel\/0029Va6Rb4v3WHTNnsh8WI3N\"><strong><em>WhatsApp<\/em><\/strong><\/a><em>\u00a0e\u00a0<\/em><a href=\"https:\/\/www.youtube.com\/@acordacidadenoticias\/videos\"><strong>Youtube<\/strong><\/a><em>\u00a0e grupo de\u00a0<\/em><a href=\"https:\/\/t.me\/+sSz0khrgARA0ZmRh\"><strong><em>Telegram<\/em><\/strong><\/a><em>.<\/em><\/p>\n<\/div>\n","protected":false},"excerpt":{"rendered":"<div>\n<div>\n<figure><img decoding=\"async\" src=\"https:\/\/uploads.acordacidade.com.br\/2025\/05\/comercio_neysilva_acordacidade-7.jpg\" alt=\"Com\u00e9rcio\"><figcaption>Foto: Ney Silva\/Acorda Cidade<\/figcaption><\/figure>\n<\/div>\n<p>De acordo com a conven\u00e7\u00e3o coletiva, o centro comercial\u00a0de Feira de Santana est\u00e1 autorizado a funcionar em normal, das 8h \u00e0s 18h.<\/p><\/div>\n","protected":false},"author":1,"featured_media":91802,"comment_status":"closed","ping_status":"closed","sticky":false,"template":"","format":"gallery","meta":{"footnotes":""},"categories":[8,9,6,57,56,10],"tags":[],"class_list":["post-91801","post","type-post","status-publish","format-gallery","has-post-thumbnail","hentry","category-bahia","category-brasil","category-feira-de-santana","category-mundo","category-policia","category-politica","post_format-post-format-gallery"],"featured_image_urls":{"full":["https:\/\/noticiasbahia360.com.br\/wp-content\/uploads\/2025\/07\/comercio_neysilva_acordacidade-7.jpg",1200,900,false],"thumbnail":["https:\/\/noticiasbahia360.com.br\/wp-content\/uploads\/2025\/07\/comercio_neysilva_acordacidade-7-150x150.jpg",150,150,true],"medium":["https:\/\/noticiasbahia360.com.br\/wp-content\/uploads\/2025\/07\/comercio_neysilva_acordacidade-7-300x225.jpg",300,225,true],"medium_large":["https:\/\/noticiasbahia360.com.br\/wp-content\/uploads\/2025\/07\/comercio_neysilva_acordacidade-7-768x576.jpg",640,480,true],"large":["https:\/\/noticiasbahia360.com.br\/wp-content\/uploads\/2025\/07\/comercio_neysilva_acordacidade-7-1024x768.jpg",640,480,true],"1536x1536":["https:\/\/noticiasbahia360.com.br\/wp-content\/uploads\/2025\/07\/comercio_neysilva_acordacidade-7.jpg",1200,900,false],"2048x2048":["https:\/\/noticiasbahia360.com.br\/wp-content\/uploads\/2025\/07\/comercio_neysilva_acordacidade-7.jpg",1200,900,false],"chromenews-featured":["https:\/\/noticiasbahia360.com.br\/wp-content\/uploads\/2025\/07\/comercio_neysilva_acordacidade-7-1024x768.jpg",1024,768,true],"chromenews-large":["https:\/\/noticiasbahia360.com.br\/wp-content\/uploads\/2025\/07\/comercio_neysilva_acordacidade-7-825x575.jpg",825,575,true],"chromenews-medium":["https:\/\/noticiasbahia360.com.br\/wp-content\/uploads\/2025\/07\/comercio_neysilva_acordacidade-7-590x410.jpg",590,410,true]},"author_info":{"display_name":"noticiasbahia360.com.br","author_link":"https:\/\/noticiasbahia360.com.br\/?author=1"},"category_info":"<a href=\"https:\/\/noticiasbahia360.com.br\/?cat=8\" rel=\"category\">Bahia<\/a> <a href=\"https:\/\/noticiasbahia360.com.br\/?cat=9\" rel=\"category\">Brasil<\/a> <a href=\"https:\/\/noticiasbahia360.com.br\/?cat=6\" rel=\"category\">Feira de Santana<\/a> <a href=\"https:\/\/noticiasbahia360.com.br\/?cat=57\" rel=\"category\">Mundo<\/a> <a href=\"https:\/\/noticiasbahia360.com.br\/?cat=56\" rel=\"category\">Pol\u00edcia<\/a> <a href=\"https:\/\/noticiasbahia360.com.br\/?cat=10\" rel=\"category\">Pol\u00edtica<\/a>","tag_info":"Pol\u00edtica","comment_count":"0","_links":{"self":[{"href":"https:\/\/noticiasbahia360.com.br\/index.php?rest_route=\/wp\/v2\/posts\/91801","targetHints":{"allow":["GET"]}}],"collection":[{"href":"https:\/\/noticiasbahia360.com.br\/index.php?rest_route=\/wp\/v2\/posts"}],"about":[{"href":"https:\/\/noticiasbahia360.com.br\/index.php?rest_route=\/wp\/v2\/types\/post"}],"author":[{"embeddable":true,"href":"https:\/\/noticiasbahia360.com.br\/index.php?rest_route=\/wp\/v2\/users\/1"}],"replies":[{"embeddable":true,"href":"https:\/\/noticiasbahia360.com.br\/index.php?rest_route=%2Fwp%2Fv2%2Fcomments&post=91801"}],"version-history":[{"count":0,"href":"https:\/\/noticiasbahia360.com.br\/index.php?rest_route=\/wp\/v2\/posts\/91801\/revisions"}],"wp:featuredmedia":[{"embeddable":true,"href":"https:\/\/noticiasbahia360.com.br\/index.php?rest_route=\/wp\/v2\/media\/91802"}],"wp:attachment":[{"href":"https:\/\/noticiasbahia360.com.br\/index.php?rest_route=%2Fwp%2Fv2%2Fmedia&parent=91801"}],"wp:term":[{"taxonomy":"category","embeddable":true,"href":"https:\/\/noticiasbahia360.com.br\/index.php?rest_route=%2Fwp%2Fv2%2Fcategories&post=91801"},{"taxonomy":"post_tag","embeddable":true,"href":"https:\/\/noticiasbahia360.com.br\/index.php?rest_route=%2Fwp%2Fv2%2Ftags&post=91801"}],"curies":[{"name":"wp","href":"https:\/\/api.w.org\/{rel}","templated":true}]}}